{"id":109567,"date":"2025-12-10T17:08:20","date_gmt":"2025-12-10T17:08:20","guid":{"rendered":"https:\/\/www.europesays.com\/no\/109567\/"},"modified":"2025-12-10T17:08:20","modified_gmt":"2025-12-10T17:08:20","slug":"prins-william-og-prinsesse-kate-skaper-raseri-i-windsor-etter-restriksjoner","status":"publish","type":"post","link":"https:\/\/www.europesays.com\/no\/109567\/","title":{"rendered":"Prins William og prinsesse Kate skaper raseri i Windsor etter restriksjoner"},"content":{"rendered":"<p class=\"kicker \" style=\"\">Prins William og prinsesse Kate:\u00a0<\/p>\n<p>  Tusenvis har mistet tilgang til Windsor Park etter at prinseparet har flyttet inn i sin dr\u00f8mmebolig Forest Lodge.\u00a0<\/p>\n<p>\n    F\u00c5R REFS: De nye naboene til prinsesse Kate og prins William er ikke forn\u00f8yd etter at det har blitt innf\u00f8rt massive restriksjoner i Windsor Park. Foto: Chris Jackson-Getty\/Splashnews\/NTB\n  <\/p>\n<p>Prins William (43) og prinsesse Kate (43) har skapt raseri blant lokalbefolkningen i Windsor etter at de flyttet inn i sitt nye hjem <a href=\"https:\/\/www.seher.no\/kongelig\/tar-med-barna-og-flytter\/83465887\" rel=\"nofollow noopener\" target=\"_blank\">Forest Lodge<\/a>. Det skriver den britiske tabloidavisen\u00a0 <a href=\"https:\/\/www.mirror.co.uk\/news\/royals\/kate-william-leave-people-in-36367869\" rel=\"nofollow noopener\" target=\"_blank\">Mirror<\/a>. <\/p>\n<p>    <a itemprop=\"url\" href=\"https:\/\/www.seher.no\/kongelig\/deler-nye-bilder\/83964406\" rel=\"nofollow noopener\" target=\"_blank\"><\/p>\n<p>        <img loading=\"lazy\" decoding=\"async\" src=\"https:\/\/www.europesays.com\/no\/wp-content\/uploads\/2025\/12\/83966075.webp\" width=\"980\" height=\"441\" title=\"Deler nye bilder\" alt=\"\" class=\"lazyload\" style=\"--aspect-ratio-image: 2.22; \"\/><\/p>\n<p>        Deler nye bilder<\/p>\n<p>    <\/a><\/p>\n<p class=\"font-weight-bold m-font-weight-bold\" data-lab-font_weight=\"font-weight-bold\">Flere tusen kvadratmeter av\u00a0det som tidligere var et offentlig tilgjengelig parkomr\u00e5de, har n\u00e5 blitt stengt av av sikkerhetshensyn til den nyinnflyttede prinsefamilien.\u00a0<\/p>\n<p>N\u00e5 varsler naboene at de har f\u00e5tt nok.\u00a0<\/p>\n<p>        <img loading=\"lazy\" decoding=\"async\" src=\"https:\/\/www.europesays.com\/no\/wp-content\/uploads\/2025\/12\/83966546.webp\" width=\"686\" height=\"488\" title=\"FAMILIEN SAMLET: Fra venstre: prins William, prins George, prinsesse Charlotte, prins Louis og prinsesse Kate samlet i julegudstjeneste i Westminster Abbey 5. desember i \u00e5r. Foto: PA-Getty\/Splash New\/NTB\" alt=\"\" class=\"\" style=\"--aspect-ratio-image: 1.41; \"\/><\/p>\n<p>\n        FAMILIEN SAMLET: Fra venstre: prins William, prins George, prinsesse Charlotte, prins Louis og prinsesse Kate samlet i julegudstjeneste i Westminster Abbey 5. desember i \u00e5r. Foto: PA-Getty\/Splash New\/NTB\n    <\/p>\n<p>&#8211; Tydelig egoistisk\u00a0\t<\/p>\n<p>En av naboene til prinseparet, Tina, opplyser til tabloidavisen at hun og de andre som har bodd i omr\u00e5det er sterkt preget av restriksjonene.\u00a0<\/p>\n<p>        IKKE VENNER: Sebastian Solberg g\u00e5r hardt ut mot sine meddeltakere i den kommende sesongen av \u00abSpillet\u00bb. Influenseren r\u00f8per ogs\u00e5 hvorfor, like f\u00f8r \u00e9n av dem avbryter intervjuet med en uhyggelig beskjed. Reporter: Thea Hope. Video: Nora Skavhaug. \u00abSpillet\u00bb \/ TV2.<\/p>\n<p>Hun har bodd p\u00e5 andre siden av gaten for Forest Lodge i 15 \u00e5r, og har kunne ferdes fritt i omr\u00e5det s\u00e5 lenge hun har bodd der, forteller hun.\u00a0<\/p>\n<p>        <img loading=\"lazy\" decoding=\"async\" src=\"https:\/\/www.europesays.com\/no\/wp-content\/uploads\/2025\/12\/83966577.webp\" width=\"980\" height=\"559\" title=\"\u00c5PENT: Great Windsor Park er et massivt parkomr\u00e5de, hvor ogs\u00e5 deler er eid av den britiske kongefamilien. N\u00e5 snevres de offentlige omr\u00e5dene inn. Foto: Geoffrey Swaine\/Shutterstock\/NTB\" alt=\"\" class=\"\" style=\"--aspect-ratio-image: 1.75; \"\/><\/p>\n<p>\n        \u00c5PENT: Great Windsor Park er et massivt parkomr\u00e5de, hvor ogs\u00e5 deler er eid av den britiske kongefamilien. N\u00e5 snevres de offentlige omr\u00e5dene inn. Foto: Geoffrey Swaine\/Shutterstock\/NTB\n    <\/p>\n<p data-lab-font_weight=\"\"> &#8211; Det er tydelig en egoistisk handling \u00e5 la s\u00e5 mye offentlig land bli stengt, og forvente at andre familier blir kastet ut og \u00f8ke offentlige kostnader slik at de har tilstrekkelig sikkerhet, sier Tina.<\/p>\n<p>        \u00abHelt Perfekt\u00bb er tilbake p\u00e5 TV 2 Play med en ny sesong etter en 12 \u00e5rs lang pause, der Thomas Giertsen og resten av gjengen vender tilbake sammen med flere nye profiler. Video: \u00abThomas Giertsen: Helt Perfekt\u00bb \/ TV2. <\/p>\n<p data-lab-font_weight=\"\"> &#8211; Da jeg inns\u00e5 at vi bare hadde et par dager igjen med tilgang, dro jeg bort dit. Jeg st\u00f8tte p\u00e5 en kvinne jeg kjente igjen, og hun sa til meg at hun gr\u00e5t da hun fikk e-posten. For folk som har g\u00e5tt der i \u00e5revis, er det s\u00e5 trist, legger hun til.<\/p>\n<p>        <img loading=\"lazy\" decoding=\"async\" src=\"https:\/\/www.europesays.com\/no\/wp-content\/uploads\/2025\/12\/83966497.webp\" width=\"980\" height=\"559\" title=\"STENGT: Tidligere var veien inn til Forest Lodge \u00e5pen, men inngangen har n\u00e5 blitt stengt for allmennheten. Foto: Jonathan Brady \/ NTB\" alt=\"\" class=\"\" style=\"--aspect-ratio-image: 1.75; \"\/><\/p>\n<p>\n        STENGT: Tidligere var veien inn til Forest Lodge \u00e5pen, men inngangen har n\u00e5 blitt stengt for allmennheten. Foto: Jonathan Brady \/ NTB\n    <\/p>\n<p>        <img loading=\"lazy\" decoding=\"async\" src=\"https:\/\/www.europesays.com\/no\/wp-content\/uploads\/2025\/12\/83966489.webp\" width=\"980\" height=\"559\" title=\"HERSKAPSHUS: Forest Lodge ble bygget p\u00e5 1790-tallet, og i 2001 fikk huset en omfattende restaurering til 1,5 millioner pund - dr\u00f8yt 20 millioner norske kroner. Huset ble ogs\u00e5 pusset opp f\u00f8r prins William og familien flyttet inn i h\u00f8st. Foto: David Hartley\/REX\/NTB\" alt=\"\" class=\"\" style=\"--aspect-ratio-image: 1.75; \"\/><\/p>\n<p>\n        HERSKAPSHUS: Forest Lodge ble bygget p\u00e5 1790-tallet, og i 2001 fikk huset en omfattende restaurering til 1,5 millioner pund &#8211; dr\u00f8yt 20 millioner norske kroner. Huset ble ogs\u00e5 pusset opp f\u00f8r prins William og familien flyttet inn i h\u00f8st. Foto: David Hartley\/REX\/NTB\n    <\/p>\n<p>&#8211; St\u00f8rre restriksjoner enn varslet\u00a0\t<\/p>\n<p>Det kongelige paret har innf\u00f8rt en eksklusjonsone p\u00e5\u00a0 3,7 kilometer rundt sitt nye hjem, og alle som blir tatt for ulovlig opphold i omr\u00e5det vil bli arrestert.\u00a0<\/p>\n<p>    <a itemprop=\"url\" href=\"https:\/\/www.seher.no\/kjendis\/roper-arsaken-til-bruddet\/83963211\" rel=\"nofollow noopener\" target=\"_blank\"><\/p>\n<p>        <img loading=\"lazy\" decoding=\"async\" src=\"https:\/\/www.europesays.com\/no\/wp-content\/uploads\/2025\/12\/83964416.webp\" width=\"147\" height=\"98\" title=\"R\u00f8per \u00e5rsaken til bruddet\" alt=\"\" class=\"lazyload\" style=\"--aspect-ratio-image: 1.50; \"\/><\/p>\n<p>        R\u00f8per \u00e5rsaken til bruddet<\/p>\n<p>    <\/a><\/p>\n<p>Naboen, som har g\u00e5tt tur i parken i 15 \u00e5r, mener virkeligheten er verre enn det som blir fremstilt.<\/p>\n<p class=\"font-weight-bold m-font-weight-bold\" data-lab-font_weight=\"font-weight-bold\">&#8211; Ved \u00e5 stenge Cranbourne Gate bilparkering og landomr\u00e5det bak Forest Lodge, som er omtrent tre ganger s\u00e5 stort som St James&#8217; Park, har tusenvis av mennesker fra milevis rundt blitt p\u00e5virket, sier hun til Mirror.\u00a0<\/p>\n<blockquote class=\"twitter-tweet\">\n<p lang=\"en\" dir=\"ltr\">Forest Lodge will be a wonderful home for the Wales children as they go through their teenage years, providing privacy and security for the children to spend time with friends and family.<\/p>\n<p>There are several small buildings near to the main house, and the surrounding land has\u2026 <a href=\"https:\/\/t.co\/5V3EvKR83x\" rel=\"nofollow\">pic.twitter.com\/5V3EvKR83x<\/a><\/p>\n<p>\u2014 mrc \ud83e\udd87 (@brigantia__) <a href=\"https:\/\/twitter.com\/brigantia__\/status\/1956505107346194752?ref_src=twsrc%5Etfw\" rel=\"nofollow noopener\" target=\"_blank\">August 15, 2025<\/a><\/p><\/blockquote>\n<p> If\u00f8lge\u00a0<a href=\"https:\/\/www.dailymail.co.uk\/news\/royals\/article-15007329\/william-kate-forever-home-families-leave-cottages.html\" rel=\"nofollow noopener\" target=\"_blank\">Daily Mail<\/a>\u00a0m\u00e5tte to familier flytte fra hjemmene sine etter at det ble klart at prinsefamilien skulle flytte inn. I tillegg har et barnesenter for milj\u00f8undervisning i det nye eksklusjonsomr\u00e5det har ogs\u00e5 blitt stengt, skriver Mirror.\u00a0<\/p>\n<p><script async src=\"https:\/\/platform.twitter.com\/widgets.js\" charset=\"utf-8\"><\/script><\/p>\n","protected":false},"excerpt":{"rendered":"Prins William og prinsesse Kate:\u00a0 Tusenvis har mistet tilgang til Windsor Park etter at prinseparet har flyttet inn&hellip;\n","protected":false},"author":2,"featured_media":109568,"comment_status":"","ping_status":"","sticky":false,"template":"","format":"standard","meta":{"footnotes":""},"categories":[12],"tags":[20,21,24,25,13523,15,2543,76,22,23,13,30,28,29,14,16,4636,4387,26,27,42,5920,43,44,45],"class_list":{"0":"post-109567","1":"post","2":"type-post","3":"status-publish","4":"format-standard","5":"has-post-thumbnail","7":"category-verden","8":"tag-breaking-news","9":"tag-breakingnews","10":"tag-featured-news","11":"tag-featurednews","12":"tag-forest-lodge","13":"tag-headlines","14":"tag-kjendisdesken","15":"tag-kongelig","16":"tag-latest-news","17":"tag-latestnews","18":"tag-news","19":"tag-no","20":"tag-norge","21":"tag-norway","22":"tag-nyheter","23":"tag-overskrifter","24":"tag-prins-william","25":"tag-prinsesse-kate","26":"tag-top-stories","27":"tag-topstories","28":"tag-verden","29":"tag-windsor","30":"tag-world","31":"tag-world-news","32":"tag-worldnews"},"share_on_mastodon":{"url":"https:\/\/pubeurope.com\/@no\/115696376861854079","error":""},"_links":{"self":[{"href":"https:\/\/www.europesays.com\/no\/wp-json\/wp\/v2\/posts\/109567","targetHints":{"allow":["GET"]}}],"collection":[{"href":"https:\/\/www.europesays.com\/no\/wp-json\/wp\/v2\/posts"}],"about":[{"href":"https:\/\/www.europesays.com\/no\/wp-json\/wp\/v2\/types\/post"}],"author":[{"embeddable":true,"href":"https:\/\/www.europesays.com\/no\/wp-json\/wp\/v2\/users\/2"}],"replies":[{"embeddable":true,"href":"https:\/\/www.europesays.com\/no\/wp-json\/wp\/v2\/comments?post=109567"}],"version-history":[{"count":0,"href":"https:\/\/www.europesays.com\/no\/wp-json\/wp\/v2\/posts\/109567\/revisions"}],"wp:featuredmedia":[{"embeddable":true,"href":"https:\/\/www.europesays.com\/no\/wp-json\/wp\/v2\/media\/109568"}],"wp:attachment":[{"href":"https:\/\/www.europesays.com\/no\/wp-json\/wp\/v2\/media?parent=109567"}],"wp:term":[{"taxonomy":"category","embeddable":true,"href":"https:\/\/www.europesays.com\/no\/wp-json\/wp\/v2\/categories?post=109567"},{"taxonomy":"post_tag","embeddable":true,"href":"https:\/\/www.europesays.com\/no\/wp-json\/wp\/v2\/tags?post=109567"}],"curies":[{"name":"wp","href":"https:\/\/api.w.org\/{rel}","templated":true}]}}