{"id":109571,"date":"2025-12-10T17:22:12","date_gmt":"2025-12-10T17:22:12","guid":{"rendered":"https:\/\/www.europesays.com\/no\/109571\/"},"modified":"2025-12-10T17:22:12","modified_gmt":"2025-12-10T17:22:12","slug":"prins-william-og-prinsesse-kate-skaper-raseri-i-windsor-etter-restriksjoner-2","status":"publish","type":"post","link":"https:\/\/www.europesays.com\/no\/109571\/","title":{"rendered":"Prins William og prinsesse Kate skaper raseri i Windsor etter restriksjoner"},"content":{"rendered":"<p class=\"kicker \" style=\"\">Nobels fredspris:\u00a0<\/p>\n<p>  Fredsprisvinner Maria Corina Machado rakk ikke komme til Norge for \u00e5 ta imot prisen selv. Hun f\u00e5r heller ikke med seg fakkeltoget eller banketten<\/p>\n<p>\n    SEREMONI: Et bilde av Nobels fredsprismottaker Maria Corina Machado under utdelingen av Nobels fredspris i Oslo r\u00e5dhus, der hun ikke var til stede. I forgrunnen sitter Nobelkomiteen og Machados datter Ana Corina Sosa (lengst til venstre). Foto: Ole Berg-Rusten \/ NTB \/ POOL\n  <\/p>\n<p>Fredsprisvinner Maria Corina Machado rakk ikke komme til Norge for \u00e5 ta imot prisen selv. Hun f\u00e5r heller ikke med seg fakkeltoget eller banketten.\u00a0<\/p>\n<p>Det bekrefter pressesjef Erik Aasheim ved Nobelinstituttet overfor NTB onsdag ettermiddag.<\/p>\n<p>Kort tid f\u00f8r klokka 18.00 m\u00f8ter statsminister Jonas Gahr St\u00f8re (Ap) pressen.\u00a0<\/p>\n<p>P\u00e5 sp\u00f8rsm\u00e5l fra Dagbladet om hva han vet om fors\u00f8kene p\u00e5 \u00e5 f\u00e5 Machado til Oslo i tide til prisutdelingen &#8211; og hvorfor det ikke gikk &#8211; svarer han f\u00f8lgende:\u00a0<\/p>\n<p>&#8211; Jeg har ingen kunnskap om det utover det Nobelinstituttet informerer om. Det jeg forst\u00e5r, er at det er sv\u00e6rt sensitivt for henne \u00e5 reise. Det er vel heller ikke ufarlig. At hun lever under en trussel. Og jeg antar at den reisen har v\u00e6rt dramatisk p\u00e5 mange vis.\u00a0<\/p>\n<p>&#8211; Det at hun tar seg helt til Norge og kommer f\u00f8r dagen er omme, det er jo et sterkt uttrykk for at hun kommer for \u00e5 motta prisen, og hun blir sikkert varmt mottatt som f\u00f8lge av det, sier St\u00f8re videre.\u00a0\u00a0<\/p>\n<p>Machados datter Ana Corina Sosa holdt morens nobelforedrag i Oslo r\u00e5dhus onsdag. Fra talerstolen sa hun at familien \u00abom noen timer\u00bb ville bli gjenforent med moren.<\/p>\n<p>Foruten datteren er ogs\u00e5 Machados mor og to s\u00f8nner p\u00e5 plass i Oslo i forbindelse med utdelingen.\u00a0<\/p>\n<p>Opposisjonslederen har levd i skjul i Venezuela siden fjor\u00e5rets valg, og det har v\u00e6rt helt i det bl\u00e5 om hun ville v\u00e6re i stand til \u00e5 komme til Norge.<\/p>\n<p>    <a itemprop=\"url\" href=\"https:\/\/www.dagbladet.no\/nyheter\/milei-dropper-store-1\/83966534\" rel=\"nofollow noopener\" target=\"_blank\"><\/p>\n<p>        <img loading=\"lazy\" decoding=\"async\" src=\"https:\/\/www.europesays.com\/no\/wp-content\/uploads\/2025\/12\/83966570.webp\" width=\"147\" height=\"100\" title=\"Milei dropper St\u00f8re\" alt=\"\" class=\"lazyload\" style=\"--aspect-ratio-image: 1.47; \"\/><\/p>\n<p>        Milei dropper St\u00f8re<\/p>\n<p>    <\/a><\/p>\n<p>&#8211; Ekstrem fare<\/p>\n<p>Nobelinstituttet opplyste i en pressemelding onsdag at Machado har \u00abgjort alt i sin makt for \u00e5 komme til dagens seremoni\u00bb, og at det er en \u00abreise i ekstrem fare\u00bb.<\/p>\n<p>&#8211; Selv om hun ikke vil v\u00e6re i stand til \u00e5 rekke seremonien og dagens hendelser, er vi sv\u00e6rt glade for \u00e5 bekrefte at Machado er i sikkerhet, og at hun vil komme til oss i Oslo, sier Nobelinstituttet i en pressemelding.<\/p>\n<p>    <a itemprop=\"url\" href=\"https:\/\/www.dagbladet.no\/nyheter\/applaus-etter-maduro-oppfordring-trekk-deg\/83962914\" rel=\"nofollow noopener\" target=\"_blank\"><\/p>\n<p>        <img loading=\"lazy\" decoding=\"async\" src=\"https:\/\/www.europesays.com\/no\/wp-content\/uploads\/2025\/12\/83965757.webp\" width=\"980\" height=\"441\" title=\"Applaus etter Maduro-oppfordring: - Trekk deg\" alt=\"\" class=\"lazyload\" style=\"--aspect-ratio-image: 2.22; \"\/><\/p>\n<p>        Applaus etter Maduro-oppfordring: &#8211; Trekk deg<\/p>\n<p>    <\/a><\/p>\n<p>&#8211; Forlot Venezuela i b\u00e5t<\/p>\n<p>Venezuelanske myndigheter har sl\u00e5tt fast at Machado vil bli ansett som p\u00e5 r\u00f8mmen om hun forlater landet, og hun risikerer p\u00e5gripelse om hun returnerer.\u00a0<\/p>\n<p>Den amerikanske avisa\u00a0<a href=\"https:\/\/www.wsj.com\/world\/americas\/venezuelas-machado-wont-receive-nobel-peace-prize-in-person-says-nobel-official-d365962d?st=1wCNcE\" target=\"_blank\" rel=\"nofollow noopener\">Wall Street Journal<\/a>\u00a0f\u00e5r opplyst av amerikanske tjenestepersoner at hun forlot Venezuela i b\u00e5t tirsdag.<\/p>\n<p>Like etter tildelingen sa Machado til\u00a0<a href=\"https:\/\/www.dn.no\/utenriks\/nobelprisvinneren-i-intervju-med-dn-hvis-jeg-er-i-norge-den-dagen-betyr-det-at-venezuela-allerede-er-frigjort\/2-1-1885019\" target=\"_blank\" rel=\"nofollow noopener\">Dagens N\u00e6ringsliv<\/a>\u00a0at \u00abhvis jeg er i Norge den dagen, betyr det at Venezuela allerede er frigjort\u00bb.<\/p>\n<p>Machado gikk i dekning etter fjor\u00e5rets valg, der president Nicol\u00e1s Maduro av myndighetene ble utropt som valgvinner.<\/p>\n<p>Opposisjonen, flere land og internasjonale organisasjoner mener imidlertid at opposisjonens kandidat Edmundo Gonz\u00e1lez Urrutia vant.\u00a0<\/p>\n<p>Opposisjonen har ogs\u00e5 lagt fram dokumentasjon p\u00e5 valgresultater som spriker voldsomt med de som ble lagt fram.<\/p>\n","protected":false},"excerpt":{"rendered":"Nobels fredspris:\u00a0 Fredsprisvinner Maria Corina Machado rakk ikke komme til Norge for \u00e5 ta imot prisen selv. Hun&hellip;\n","protected":false},"author":2,"featured_media":109572,"comment_status":"","ping_status":"","sticky":false,"template":"","format":"standard","meta":{"footnotes":""},"categories":[12],"tags":[20,21,24,25,13523,15,479,22,23,13,30,28,29,14,16,4636,4387,26,27,42,5920,43,44,45],"class_list":{"0":"post-109571","1":"post","2":"type-post","3":"status-publish","4":"format-standard","5":"has-post-thumbnail","7":"category-verden","8":"tag-breaking-news","9":"tag-breakingnews","10":"tag-featured-news","11":"tag-featurednews","12":"tag-forest-lodge","13":"tag-headlines","14":"tag-kjendis","15":"tag-latest-news","16":"tag-latestnews","17":"tag-news","18":"tag-no","19":"tag-norge","20":"tag-norway","21":"tag-nyheter","22":"tag-overskrifter","23":"tag-prins-william","24":"tag-prinsesse-kate","25":"tag-top-stories","26":"tag-topstories","27":"tag-verden","28":"tag-windsor","29":"tag-world","30":"tag-world-news","31":"tag-worldnews"},"share_on_mastodon":{"url":"https:\/\/pubeurope.com\/@no\/115696431878012326","error":""},"_links":{"self":[{"href":"https:\/\/www.europesays.com\/no\/wp-json\/wp\/v2\/posts\/109571","targetHints":{"allow":["GET"]}}],"collection":[{"href":"https:\/\/www.europesays.com\/no\/wp-json\/wp\/v2\/posts"}],"about":[{"href":"https:\/\/www.europesays.com\/no\/wp-json\/wp\/v2\/types\/post"}],"author":[{"embeddable":true,"href":"https:\/\/www.europesays.com\/no\/wp-json\/wp\/v2\/users\/2"}],"replies":[{"embeddable":true,"href":"https:\/\/www.europesays.com\/no\/wp-json\/wp\/v2\/comments?post=109571"}],"version-history":[{"count":0,"href":"https:\/\/www.europesays.com\/no\/wp-json\/wp\/v2\/posts\/109571\/revisions"}],"wp:featuredmedia":[{"embeddable":true,"href":"https:\/\/www.europesays.com\/no\/wp-json\/wp\/v2\/media\/109572"}],"wp:attachment":[{"href":"https:\/\/www.europesays.com\/no\/wp-json\/wp\/v2\/media?parent=109571"}],"wp:term":[{"taxonomy":"category","embeddable":true,"href":"https:\/\/www.europesays.com\/no\/wp-json\/wp\/v2\/categories?post=109571"},{"taxonomy":"post_tag","embeddable":true,"href":"https:\/\/www.europesays.com\/no\/wp-json\/wp\/v2\/tags?post=109571"}],"curies":[{"name":"wp","href":"https:\/\/api.w.org\/{rel}","templated":true}]}}