{"id":109579,"date":"2025-12-10T17:41:34","date_gmt":"2025-12-10T17:41:34","guid":{"rendered":"https:\/\/www.europesays.com\/no\/109579\/"},"modified":"2025-12-10T17:41:34","modified_gmt":"2025-12-10T17:41:34","slug":"troms-nyhet-85-aring-gikk-los-pa-naboens-garasje-med-motorsag","status":"publish","type":"post","link":"https:\/\/www.europesays.com\/no\/109579\/","title":{"rendered":"Troms, Nyhet | 85-\u00e5ring gikk l\u00f8s p\u00e5 naboens garasje med motorsag"},"content":{"rendered":"\n<p>[<a href=\"https:\/\/www.nordlys.no\/85-aring-gikk-los-pa-naboens-garasje-med-motorsag\/s\/5-34-2258567\" rel=\"Follow nofollow noopener\" target=\"_blank\">Nordlys<\/a>] En 85 \u00e5r gammel mann fra Senja er tiltalt for flere tilfeller av skadeverk mot en garasje tilh\u00f8rende sin n\u00e6rmeste nabo. <\/p>\n<p>Hendelsene skal ha funnet sted over en periode p\u00e5 nesten ett \u00e5r, fra h\u00f8sten 2024 til september 2025. <\/p>\n<p>H\u00f8sten 2024 skal han ha saget av deler av bordkledningen p\u00e5 garasjen med motorsag. I tillegg til \u00e5 ha pl\u00f8yd opp plenen like ved garasjen.<\/p>\n<p>Sommeren 2025 skal han knust en vindusrute i garasjen, f\u00f8r han deretter satt i gang med mototorsag igjen p\u00e5 bordkledningen. <\/p>\n<p>H\u00f8sten 2025: I dette tidsrommet skal han ha knust to vindusruter med et potetgrev. I tilleg til \u00e5 ha sagd i bordkledningen p\u00e5 garasjen med motorsag.<\/p>\n","protected":false},"excerpt":{"rendered":"[Nordlys] En 85 \u00e5r gammel mann fra Senja er tiltalt for flere tilfeller av skadeverk mot en garasje&hellip;\n","protected":false},"author":2,"featured_media":11753,"comment_status":"","ping_status":"","sticky":false,"template":"","format":"standard","meta":{"footnotes":""},"categories":[12],"tags":[36,20,21,24,25,15,22,23,11588,13,30,28,29,447,14,16,1510,26,27,2409,42,43,44,45],"class_list":{"0":"post-109579","1":"post","2":"type-post","3":"status-publish","4":"format-standard","5":"has-post-thumbnail","7":"category-verden","8":"tag-art","9":"tag-breaking-news","10":"tag-breakingnews","11":"tag-featured-news","12":"tag-featurednews","13":"tag-headlines","14":"tag-latest-news","15":"tag-latestnews","16":"tag-nabokrangel","17":"tag-news","18":"tag-no","19":"tag-norge","20":"tag-norway","21":"tag-nyhet","22":"tag-nyheter","23":"tag-overskrifter","24":"tag-story","25":"tag-top-stories","26":"tag-topstories","27":"tag-troms","28":"tag-verden","29":"tag-world","30":"tag-world-news","31":"tag-worldnews"},"share_on_mastodon":{"url":"https:\/\/pubeurope.com\/@no\/115696506345720969","error":""},"_links":{"self":[{"href":"https:\/\/www.europesays.com\/no\/wp-json\/wp\/v2\/posts\/109579","targetHints":{"allow":["GET"]}}],"collection":[{"href":"https:\/\/www.europesays.com\/no\/wp-json\/wp\/v2\/posts"}],"about":[{"href":"https:\/\/www.europesays.com\/no\/wp-json\/wp\/v2\/types\/post"}],"author":[{"embeddable":true,"href":"https:\/\/www.europesays.com\/no\/wp-json\/wp\/v2\/users\/2"}],"replies":[{"embeddable":true,"href":"https:\/\/www.europesays.com\/no\/wp-json\/wp\/v2\/comments?post=109579"}],"version-history":[{"count":0,"href":"https:\/\/www.europesays.com\/no\/wp-json\/wp\/v2\/posts\/109579\/revisions"}],"wp:featuredmedia":[{"embeddable":true,"href":"https:\/\/www.europesays.com\/no\/wp-json\/wp\/v2\/media\/11753"}],"wp:attachment":[{"href":"https:\/\/www.europesays.com\/no\/wp-json\/wp\/v2\/media?parent=109579"}],"wp:term":[{"taxonomy":"category","embeddable":true,"href":"https:\/\/www.europesays.com\/no\/wp-json\/wp\/v2\/categories?post=109579"},{"taxonomy":"post_tag","embeddable":true,"href":"https:\/\/www.europesays.com\/no\/wp-json\/wp\/v2\/tags?post=109579"}],"curies":[{"name":"wp","href":"https:\/\/api.w.org\/{rel}","templated":true}]}}