{"id":109600,"date":"2025-12-10T18:08:07","date_gmt":"2025-12-10T18:08:07","guid":{"rendered":"https:\/\/www.europesays.com\/no\/109600\/"},"modified":"2025-12-10T18:08:07","modified_gmt":"2025-12-10T18:08:07","slug":"island-dropper-eurovision","status":"publish","type":"post","link":"https:\/\/www.europesays.com\/no\/109600\/","title":{"rendered":"Island dropper Eurovision"},"content":{"rendered":"<p>Den islandske kringkasteren <a href=\"https:\/\/www.ruv.is\/frettir\/innlent\/2025-12-10-island-tekur-ekki-thatt-i-eurovision-2026-461203\" rel=\"nofollow noopener\" target=\"_blank\">Ruv<\/a> har besluttet at Island ikke skal delta i neste \u00e5rs Eurovision Song Contest.<\/p>\n<p>Det skjer som f\u00f8lge av at det nylig ble bestemt at Israel f\u00e5r delta i neste \u00e5rs Eurovision.<\/p>\n<p>Flere land boikotter<\/p>\n<p>Avgj\u00f8relsen ble klar etter et styrem\u00f8te i Ruv tirsdag ettermiddag. Island har tidligere v\u00e6rt sv\u00e6rt kritisk til Israels deltakelse.<\/p>\n<p>Flere land har tatt til orde for at Israel b\u00f8r utestenges fra konkurransen. Israels deltakelse i sangkonkurransen har v\u00e6rt sv\u00e6rt omstridt p\u00e5 grunn av krigf\u00f8ringen p\u00e5 Gaza. <\/p>\n<p>Fra f\u00f8r har Spania, Irland, Nederland og Slovenia gjort det klart at de ikke deltar i neste \u00e5rs finale. Spania er vanligvis automatisk kvalifisert til finalen \u2013 i likhet med Storbritannia, Frankrike, Tyskland og Italia, p\u00e5 grunn av landenes store \u00f8konomiske bidrag til konkurransen.\u00a0<\/p>\n<p>Norge deltar<\/p>\n<p>NRK har p\u00e5 sin side meldt at Norge ikke vil boikotte musikk-konkurransen. Flere tusen klager har kommet inn til Kringkastingsr\u00e5det p\u00e5 bakgrunn av den norske deltakelsen.<\/p>\n<p>\u2013 Det er ikke s\u00e5 ofte at det kommer s\u00e5 mange klager p\u00e5 s\u00e5 kort tid. Det skjer kanskje noen f\u00e5 ganger hvert \u00e5r. Gitt folks engasjement i denne saken tidligere, er det ikke et overraskende antall klager, <a href=\"https:\/\/www.tv2.no\/nyheter\/klagestorm-mot-nrk-etter-israels-eurovision-deltakelse\/18355360\/\" rel=\"nofollow noopener\" target=\"_blank\">har Erik Skarrud, spesialr\u00e5dgiver i Kringkastingsr\u00e5det, uttalt til TV 2.\u00a0<\/a><\/p>\n<p>Torsdag sa kringkastingssjef Vibeke F\u00fcrst Hagen at de ikke forholder seg til diskusjonen om Israels deltakelse.<\/p>\n<p>\u2013 NRK er en offentlig finansiert allmennkringkaster. V\u00e5r jobb er \u00e5 informere og rapportere, det er ikke \u00e5 ta stilling eller ta side, sa hun til sin egen kanal.<\/p>\n<p>ESC neste \u00e5r g\u00e5r i \u00d8sterrikes hovedstad Wien den 16. mai.<\/p>\n","protected":false},"excerpt":{"rendered":"Den islandske kringkasteren Ruv har besluttet at Island ikke skal delta i neste \u00e5rs Eurovision Song Contest. Det&hellip;\n","protected":false},"author":2,"featured_media":109601,"comment_status":"","ping_status":"","sticky":false,"template":"","format":"standard","meta":{"footnotes":""},"categories":[5],"tags":[20,21,24,25,15,19,22,23,17,18,13,30,28,29,14,16,26,27],"class_list":{"0":"post-109600","1":"post","2":"type-post","3":"status-publish","4":"format-standard","5":"has-post-thumbnail","7":"category-overskrifter","8":"tag-breaking-news","9":"tag-breakingnews","10":"tag-featured-news","11":"tag-featurednews","12":"tag-headlines","13":"tag-hovedoppslag","14":"tag-latest-news","15":"tag-latestnews","16":"tag-main-news","17":"tag-mainnews","18":"tag-news","19":"tag-no","20":"tag-norge","21":"tag-norway","22":"tag-nyheter","23":"tag-overskrifter","24":"tag-top-stories","25":"tag-topstories"},"share_on_mastodon":{"url":"https:\/\/pubeurope.com\/@no\/115696612365539100","error":""},"_links":{"self":[{"href":"https:\/\/www.europesays.com\/no\/wp-json\/wp\/v2\/posts\/109600","targetHints":{"allow":["GET"]}}],"collection":[{"href":"https:\/\/www.europesays.com\/no\/wp-json\/wp\/v2\/posts"}],"about":[{"href":"https:\/\/www.europesays.com\/no\/wp-json\/wp\/v2\/types\/post"}],"author":[{"embeddable":true,"href":"https:\/\/www.europesays.com\/no\/wp-json\/wp\/v2\/users\/2"}],"replies":[{"embeddable":true,"href":"https:\/\/www.europesays.com\/no\/wp-json\/wp\/v2\/comments?post=109600"}],"version-history":[{"count":0,"href":"https:\/\/www.europesays.com\/no\/wp-json\/wp\/v2\/posts\/109600\/revisions"}],"wp:featuredmedia":[{"embeddable":true,"href":"https:\/\/www.europesays.com\/no\/wp-json\/wp\/v2\/media\/109601"}],"wp:attachment":[{"href":"https:\/\/www.europesays.com\/no\/wp-json\/wp\/v2\/media?parent=109600"}],"wp:term":[{"taxonomy":"category","embeddable":true,"href":"https:\/\/www.europesays.com\/no\/wp-json\/wp\/v2\/categories?post=109600"},{"taxonomy":"post_tag","embeddable":true,"href":"https:\/\/www.europesays.com\/no\/wp-json\/wp\/v2\/tags?post=109600"}],"curies":[{"name":"wp","href":"https:\/\/api.w.org\/{rel}","templated":true}]}}