{"id":109607,"date":"2025-12-10T18:13:12","date_gmt":"2025-12-10T18:13:12","guid":{"rendered":"https:\/\/www.europesays.com\/no\/109607\/"},"modified":"2025-12-10T18:13:12","modified_gmt":"2025-12-10T18:13:12","slug":"motorsag-senja-85-aring-gikk-los-pa-naboens-garasje-med-motorsag","status":"publish","type":"post","link":"https:\/\/www.europesays.com\/no\/109607\/","title":{"rendered":"Motorsag, Senja | 85-\u00e5ring gikk l\u00f8s p\u00e5 naboens garasje med motorsag"},"content":{"rendered":"\n<p>(<a rel=\"Follow nofollow noopener\" href=\"https:\/\/www.nordlys.no\/85-aring-gikk-los-pa-naboens-garasje-med-motorsag\/s\/5-34-2258567\" target=\"_blank\">Nordlys<\/a>): Hendelsene skal ha funnet sted over en periode p\u00e5 nesten ett \u00e5r, fra h\u00f8sten 2024 til september 2025.<\/p>\n<p>H\u00f8sten 2024 skal han ha saget av deler av bordkledningen p\u00e5 garasjen med motorsag. I tillegg til \u00e5 ha pl\u00f8yd opp plenen like ved garasjen.<\/p>\n<p><b>Les ogs\u00e5:<a href=\"https:\/\/www.nettavisen.no\/nyheter\/donald-trumps-nye-frist-til-ukraina\/s\/5-95-2771970\" rel=\"Follow nofollow noopener\" target=\"_blank\"> Trumps nye frist til Ukraina<\/a><\/b><\/p>\n<p>Sommeren 2025 skal han knust en vindusrute i garasjen, f\u00f8r han deretter satt i gang med mototorsag igjen p\u00e5 bordkledningen.<\/p>\n<p>H\u00f8sten 2025: I dette tidsrommet skal han ha knust to vindusruter med et potetgrev. I tilleg til \u00e5 ha sagd i bordkledningen p\u00e5 garasjen med motorsag.<\/p>\n<p>    Vil du se neste video?<\/p>\n<p>    <a href=\"https:\/\/www.nettavisen.no\/nyheter\/ukrainske-spesialstyrker-skal-ha-tatt-ut-russiske-mal-pa-krim-halvoya\/v\/5-95-2764466\" class=\"recommend-poster\" data-adp-clicklabel=\"video-recommend\" data-adp-clickvalue=\"poster\" rel=\"nofollow noopener\" target=\"_blank\"><br \/>\n      <img decoding=\"async\" width=\"200\" height=\"200\" loading=\"lazy\" src=\"https:\/\/www.europesays.com\/no\/wp-content\/uploads\/2025\/12\/KAMPFLY+BREDDE.jpg\" alt=\"\" class=\"brick-c-cFOWSL\" style=\"--brick-image-ratio: 200 \/ 200;\"\/><\/p>\n<p>Tar ut russisk kampfly p\u00e5 Krim0:24<\/p>\n<p>    <\/a><\/p>\n","protected":false},"excerpt":{"rendered":"(Nordlys): Hendelsene skal ha funnet sted over en periode p\u00e5 nesten ett \u00e5r, fra h\u00f8sten 2024 til september&hellip;\n","protected":false},"author":2,"featured_media":3844,"comment_status":"","ping_status":"","sticky":false,"template":"","format":"standard","meta":{"footnotes":""},"categories":[12],"tags":[20,21,24,25,15,22,23,13,30,28,29,14,16,26,27,42,43,44,45],"class_list":{"0":"post-109607","1":"post","2":"type-post","3":"status-publish","4":"format-standard","5":"has-post-thumbnail","7":"category-verden","8":"tag-breaking-news","9":"tag-breakingnews","10":"tag-featured-news","11":"tag-featurednews","12":"tag-headlines","13":"tag-latest-news","14":"tag-latestnews","15":"tag-news","16":"tag-no","17":"tag-norge","18":"tag-norway","19":"tag-nyheter","20":"tag-overskrifter","21":"tag-top-stories","22":"tag-topstories","23":"tag-verden","24":"tag-world","25":"tag-world-news","26":"tag-worldnews"},"share_on_mastodon":{"url":"https:\/\/pubeurope.com\/@no\/115696632388891264","error":""},"_links":{"self":[{"href":"https:\/\/www.europesays.com\/no\/wp-json\/wp\/v2\/posts\/109607","targetHints":{"allow":["GET"]}}],"collection":[{"href":"https:\/\/www.europesays.com\/no\/wp-json\/wp\/v2\/posts"}],"about":[{"href":"https:\/\/www.europesays.com\/no\/wp-json\/wp\/v2\/types\/post"}],"author":[{"embeddable":true,"href":"https:\/\/www.europesays.com\/no\/wp-json\/wp\/v2\/users\/2"}],"replies":[{"embeddable":true,"href":"https:\/\/www.europesays.com\/no\/wp-json\/wp\/v2\/comments?post=109607"}],"version-history":[{"count":0,"href":"https:\/\/www.europesays.com\/no\/wp-json\/wp\/v2\/posts\/109607\/revisions"}],"wp:featuredmedia":[{"embeddable":true,"href":"https:\/\/www.europesays.com\/no\/wp-json\/wp\/v2\/media\/3844"}],"wp:attachment":[{"href":"https:\/\/www.europesays.com\/no\/wp-json\/wp\/v2\/media?parent=109607"}],"wp:term":[{"taxonomy":"category","embeddable":true,"href":"https:\/\/www.europesays.com\/no\/wp-json\/wp\/v2\/categories?post=109607"},{"taxonomy":"post_tag","embeddable":true,"href":"https:\/\/www.europesays.com\/no\/wp-json\/wp\/v2\/tags?post=109607"}],"curies":[{"name":"wp","href":"https:\/\/api.w.org\/{rel}","templated":true}]}}