{"id":10961,"date":"2025-08-18T05:17:15","date_gmt":"2025-08-18T05:17:15","guid":{"rendered":"https:\/\/www.europesays.com\/no\/10961\/"},"modified":"2025-08-18T05:17:15","modified_gmt":"2025-08-18T05:17:15","slug":"aksjon-skolevei-trafikkontroll-politiet-aksjonerer-skjerper-kontrollen","status":"publish","type":"post","link":"https:\/\/www.europesays.com\/no\/10961\/","title":{"rendered":"Aksjon skolevei, Trafikkontroll | Politiet aksjonerer: Skjerper kontrollen"},"content":{"rendered":"\n<p>Mandag 18. august str\u00f8mmer barn og ungdom tilbake til skolebenken etter en lang sommerferie.<\/p>\n<p>Hvert \u00e5r p\u00e5 denne tiden gjennomf\u00f8rer politiet Aksjon skolevei, som har fokus p\u00e5 trafikksikkerhet i Asker, B\u00e6rum og Oslo Vest. Det betyr at politiet kontrollerer kj\u00f8readferden rundt flere av barneskolene i distriktet.<\/p>\n<p>\u2013 Hensikten er \u00e5 trygge barn og unge sin skolevei. Mange har sine f\u00f8rste dager p\u00e5 skolen, og det er derfor viktig at sj\u00e5f\u00f8rene er sitt ansvar bevist, slik at barn ikke skades p\u00e5 vei til skolen, forklarte politioverbetjent Daniel Kleiveland, som er trafikkoordinator i Oslo politidistrikt Enhet Vest, i forkant av fjor\u00e5rets aksjon.<\/p>\n<p>  <a href=\"https:\/\/www.budstikka.no\/5-55-1784126\" class=\"related-teaser has-image default-story-teaser article--c-eRUmMG article--c-eRUmMG-jKCPdD-design-default\" rel=\"nofollow noopener\" target=\"_blank\"><\/p>\n<p>    <img decoding=\"async\" loading=\"lazy\"  src=\"https:\/\/www.europesays.com\/no\/wp-content\/uploads\/2025\/08\/politikontroll10.jpg\" alt=\"\" class=\"brick-c-cFOWSL\" style=\"\"\/><\/p>\n<p>\n            Les ogs\u00e5<\/p>\n<p>              24 sj\u00e5f\u00f8rer mistet f\u00f8rerkortet i skoleveiaksjon\n        <\/p>\n<p>  <\/a><br \/>\n  24 mistet lappen<\/p>\n<p>I fjor ble aksjonen, tradisjonen tro, gjennomf\u00f8rt i de to f\u00f8rste skoleukene i Asker, B\u00e6rum og Oslo.<\/p>\n<p>Resultatet var:<\/p>\n<ul>\n<li>980 forenklede forelegg, hvorav 470 for hastighet mer enn 10 km\/t over fartsgrensen.<\/li>\n<li>24 f\u00f8rerkortbeslag.<\/li>\n<li>140 fikk bot for ulovlig bruk av mobiltelefon under kj\u00f8ring.<\/li>\n<li>46 fikk bot for \u00e5 ikke bruke bilbelte.<\/li>\n<li>45 syklister ble b\u00f8telagt for \u00e5 sykle p\u00e5 r\u00f8dt lys.<\/li>\n<\/ul>\n<p>  <a href=\"https:\/\/www.budstikka.no\/5-55-1781577\" class=\"related-teaser has-image default-story-teaser article--c-eRUmMG article--c-eRUmMG-jKCPdD-design-default\" rel=\"nofollow noopener\" target=\"_blank\"><\/p>\n<p>    <img decoding=\"async\" loading=\"lazy\"  src=\"https:\/\/www.europesays.com\/no\/wp-content\/uploads\/2025\/08\/Michael+Maack+og+Mette+Greftegreff.jpg\" alt=\"\" class=\"brick-c-cFOWSL\" style=\"\"\/><\/p>\n<p>\n            Les ogs\u00e5<\/p>\n<p>              Fikk bot p\u00e5 mandag \u2013 I dag ble Michael stoppet igjen\n        <\/p>\n<p>  <\/a><\/p>\n<p>I fjor ble en <a href=\"https:\/\/www.budstikka.no\/fartskontroller-ved-skolestart-tatt-i-101-km-t-i-60-sone\/s\/5-55-1774176\" rel=\"Follow nofollow noopener\" target=\"_blank\">bilist m\u00e5lt til 110 km\/t i 60-sonen<\/a> p\u00e5 en tilfartsvei til blant annet flere skoler og Slemmestadveien i Asker.<\/p>\n<p>Hvis du tenker at du bare m\u00e5 sende en kjapp tekstmelding, eller svare noen som ringer deg p\u00e5 mobil, vil det koste deg dyrt.<\/p>\n<p><b>Boten er p\u00e5 10.450 kroner og du f\u00e5r tre prikker p\u00e5 f\u00f8rerkortet. <\/b><\/p>\n<p>Hvis du kj\u00f8rer for fort, <a href=\"https:\/\/lovdata.no\/artikkel\/hva_blir_boten_hvis_du_kjorer_for_fort\/4290\" rel=\"Follow nofollow noopener\" target=\"_blank\">kan du bli straffet med bot eller fengsel.<\/a> Ved mindre fartsoverskridelser, f\u00e5r du en bot p\u00e5 stedet som avslutter saken (hvis du godtar boten).<\/p>\n<p>N\u00e5r fartsgrensen er 60 km\/t eller lavere og du kj\u00f8rer:<\/p>\n<ul>\n<li>til og med 5 km\/t for fort, er forelegget 1 200 kr.<\/li>\n<li>til og med 10 km\/t for fort, er forelegget 3 250 kr.<\/li>\n<li>til og med 15 km\/t for fort, er forelegget 5 800 kr.<\/li>\n<li>til og med 20 km\/t for fort, er forelegget 8 400 kr.<\/li>\n<li>til og med 25 km\/t for fort, er forelegget 13 050 kr.<\/li>\n<\/ul>\n<p>I mars i \u00e5r \u00f8kte b\u00f8tesatsene, og dette kan du selv<a href=\"https:\/\/lovdata.no\/artikkel\/hva_blir_boten_hvis_du_kjorer_for_fort\/4290\" rel=\"Follow nofollow noopener\" target=\"_blank\"> sjekke hos Lovdata. <\/a><\/p>\n<p>  <a href=\"https:\/\/www.budstikka.no\/5-55-2047087\" class=\"related-teaser has-image default-story-teaser article--c-eRUmMG article--c-eRUmMG-jKCPdD-design-default\" rel=\"nofollow noopener\" target=\"_blank\"><\/p>\n<p>    <img decoding=\"async\" loading=\"lazy\"  src=\"https:\/\/www.europesays.com\/no\/wp-content\/uploads\/2025\/08\/SKILTING_P__E18-338.jpg\" alt=\"\" class=\"brick-c-cFOWSL\" style=\"\"\/><\/p>\n<p>\n            Les ogs\u00e5<\/p>\n<p>              Vegvesen-leder: \u2013 Alle med f\u00f8rerkort skal kunne lese skiltene\n        <\/p>\n<p>  <\/a><\/p>\n<p>  <a href=\"https:\/\/www.budstikka.no\/5-55-2045579\" class=\"related-teaser has-image default-story-teaser article--c-eRUmMG article--c-eRUmMG-jKCPdD-design-default\" rel=\"nofollow noopener\" target=\"_blank\"><\/p>\n<p>    <img decoding=\"async\" loading=\"lazy\"  src=\"https:\/\/www.europesays.com\/no\/wp-content\/uploads\/2025\/08\/IMG_5692.jpg\" alt=\"\" class=\"brick-c-cFOWSL\" style=\"\"\/><\/p>\n<p>\n            Les ogs\u00e5<\/p>\n<p>              Politiet slo til med E18-kontroll: \u00c9n tatt i 141 km\/t i 60-sone\n        <\/p>\n<p>  <\/a><\/p>\n","protected":false},"excerpt":{"rendered":"Mandag 18. august str\u00f8mmer barn og ungdom tilbake til skolebenken etter en lang sommerferie. Hvert \u00e5r p\u00e5 denne&hellip;\n","protected":false},"author":2,"featured_media":10962,"comment_status":"","ping_status":"","sticky":false,"template":"","format":"standard","meta":{"footnotes":""},"categories":[10],"tags":[1224,36,996,997,20,21,24,25,15,22,23,13,30,28,29,14,16,804,1633,1510,26,27,1472],"class_list":{"0":"post-10961","1":"post","2":"type-post","3":"status-publish","4":"format-standard","5":"has-post-thumbnail","7":"category-norge","8":"tag-aksjon-skolevei","9":"tag-art","10":"tag-asker","11":"tag-baerum","12":"tag-breaking-news","13":"tag-breakingnews","14":"tag-featured-news","15":"tag-featurednews","16":"tag-headlines","17":"tag-latest-news","18":"tag-latestnews","19":"tag-news","20":"tag-no","21":"tag-norge","22":"tag-norway","23":"tag-nyheter","24":"tag-overskrifter","25":"tag-skole","26":"tag-skolestart","27":"tag-story","28":"tag-top-stories","29":"tag-topstories","30":"tag-trafikkontroll"},"share_on_mastodon":{"url":"","error":""},"_links":{"self":[{"href":"https:\/\/www.europesays.com\/no\/wp-json\/wp\/v2\/posts\/10961","targetHints":{"allow":["GET"]}}],"collection":[{"href":"https:\/\/www.europesays.com\/no\/wp-json\/wp\/v2\/posts"}],"about":[{"href":"https:\/\/www.europesays.com\/no\/wp-json\/wp\/v2\/types\/post"}],"author":[{"embeddable":true,"href":"https:\/\/www.europesays.com\/no\/wp-json\/wp\/v2\/users\/2"}],"replies":[{"embeddable":true,"href":"https:\/\/www.europesays.com\/no\/wp-json\/wp\/v2\/comments?post=10961"}],"version-history":[{"count":0,"href":"https:\/\/www.europesays.com\/no\/wp-json\/wp\/v2\/posts\/10961\/revisions"}],"wp:featuredmedia":[{"embeddable":true,"href":"https:\/\/www.europesays.com\/no\/wp-json\/wp\/v2\/media\/10962"}],"wp:attachment":[{"href":"https:\/\/www.europesays.com\/no\/wp-json\/wp\/v2\/media?parent=10961"}],"wp:term":[{"taxonomy":"category","embeddable":true,"href":"https:\/\/www.europesays.com\/no\/wp-json\/wp\/v2\/categories?post=10961"},{"taxonomy":"post_tag","embeddable":true,"href":"https:\/\/www.europesays.com\/no\/wp-json\/wp\/v2\/tags?post=10961"}],"curies":[{"name":"wp","href":"https:\/\/api.w.org\/{rel}","templated":true}]}}