{"id":109616,"date":"2025-12-10T18:20:33","date_gmt":"2025-12-10T18:20:33","guid":{"rendered":"https:\/\/www.europesays.com\/no\/109616\/"},"modified":"2025-12-10T18:20:33","modified_gmt":"2025-12-10T18:20:33","slug":"et-nytt-trafikkskilt-har-kommet-til-europa-det-har-en-helt-spesiell-betydning-for-bilister","status":"publish","type":"post","link":"https:\/\/www.europesays.com\/no\/109616\/","title":{"rendered":"Et nytt trafikkskilt har kommet til Europa: Det har en helt spesiell betydning for bilister"},"content":{"rendered":"<p>Det europeiske veinettet er i stadig utvikling, ettersom b\u00e5de trafikkbelastning og milj\u00f8hensyn f\u00e5r st\u00f8rre betydning. <\/p>\n<p>Flere land innf\u00f8rer nye tiltak for \u00e5 forbedre flyten i trafikken, og et av de mest interessante tilskuddene er et diamantformet trafikkskilt som allerede skaper nysgjerrighet blant bilister.<\/p>\n<p>Et skilt som skal gi smartere trafikkavvikling<\/p>\n<p>Det nye skiltet har sitt opphav i USA, der det lenge har v\u00e6rt brukt til \u00e5 markere kj\u00f8refelt med begrenset adgang. <\/p>\n<p>Symbolet best\u00e5r av en hvit diamant p\u00e5 farget bakgrunn, og signaliserer at feltet er forbeholdt bestemte typer kj\u00f8ret\u00f8y.<\/p>\n<p>Feltet kan brukes av blant annet kollektivtransport, taxier, elbiler og biler med minst to personer. Hensikten er \u00e5 oppmuntre til samkj\u00f8ring og mer milj\u00f8vennlige transportvalg. <\/p>\n<p>Erfaringer fra USA viser at slike felt kan redusere b\u00e5de k\u00f8 og drivstofforbruk, samtidig som trafikken blir mer stabil.<\/p>\n<p>Det skriver mediet <a href=\"https:\/\/kasvutarinat.fi\/2025\/12\/09\/euroopassa-on-otettu-kayttoon-uusi-liikennemerkki-mita-rombinen-liikennemerkki-tarkoittaa\/\" target=\"_blank\" rel=\"noopener nofollow\">kasvutarinat<\/a>.<\/p>\n<p>Frankrike som foregangsland i Europa<\/p>\n<p>Frankrike var det f\u00f8rste europeiske landet som testet skiltet i st\u00f8rre omfang. Pilotprosjekter i Grenoble, Lyon og Strasbourg ga gode resultater, noe som f\u00f8rte til at skiltet ble innf\u00f8rt flere steder i landet. <\/p>\n<p>Det har senere dukket opp i Tyskland, Spania og andre land som \u00f8nsker \u00e5 redusere trafikkpresset p\u00e5 utsatte veinett.<\/p>\n<p>De franske erfaringene viser at skiltet fungerer best p\u00e5 veistrekninger med h\u00f8y trafikkmengde. <\/p>\n<p>Det krever ogs\u00e5 tydelig skilting og god informasjon, slik at bilistene raskt forst\u00e5r betydningen mens de er i fart.<\/p>\n<p>Hva som kan forventes her hjemme<\/p>\n<p>Flere europeiske land f\u00f8lger utviklingen n\u00f8ye, og interessen for tiltaket \u00f8ker i takt med behovet for gr\u00f8nnere mobilitet og mer effektiv bruk av veikapasiteten. Initiativet passer godt inn i tidens fokus p\u00e5 b\u00e6rekraftig transport.<\/p>\n<p>Det er forel\u00f8pig uklart om skiltet vil bli aktuelt i Norge. Myndighetene avventer erfaringer fra v\u00e5re naboland f\u00f8r det tas stilling til en eventuell innf\u00f8ring. <\/p>\n<p>Norske bilister kan derfor forholde seg til dagens skilter, selv om mye tyder p\u00e5 at en liten hvit diamant i fremtiden kan bli et kjent syn p\u00e5 europeiske veier.<\/p>\n","protected":false},"excerpt":{"rendered":"Det europeiske veinettet er i stadig utvikling, ettersom b\u00e5de trafikkbelastning og milj\u00f8hensyn f\u00e5r st\u00f8rre betydning. Flere land innf\u00f8rer&hellip;\n","protected":false},"author":2,"featured_media":109617,"comment_status":"","ping_status":"","sticky":false,"template":"","format":"standard","meta":{"footnotes":""},"categories":[12],"tags":[20,21,24,25,15,22,23,13,30,28,29,14,16,26,27,42,43,44,45],"class_list":{"0":"post-109616","1":"post","2":"type-post","3":"status-publish","4":"format-standard","5":"has-post-thumbnail","7":"category-verden","8":"tag-breaking-news","9":"tag-breakingnews","10":"tag-featured-news","11":"tag-featurednews","12":"tag-headlines","13":"tag-latest-news","14":"tag-latestnews","15":"tag-news","16":"tag-no","17":"tag-norge","18":"tag-norway","19":"tag-nyheter","20":"tag-overskrifter","21":"tag-top-stories","22":"tag-topstories","23":"tag-verden","24":"tag-world","25":"tag-world-news","26":"tag-worldnews"},"share_on_mastodon":{"url":"https:\/\/pubeurope.com\/@no\/115696659715349749","error":""},"_links":{"self":[{"href":"https:\/\/www.europesays.com\/no\/wp-json\/wp\/v2\/posts\/109616","targetHints":{"allow":["GET"]}}],"collection":[{"href":"https:\/\/www.europesays.com\/no\/wp-json\/wp\/v2\/posts"}],"about":[{"href":"https:\/\/www.europesays.com\/no\/wp-json\/wp\/v2\/types\/post"}],"author":[{"embeddable":true,"href":"https:\/\/www.europesays.com\/no\/wp-json\/wp\/v2\/users\/2"}],"replies":[{"embeddable":true,"href":"https:\/\/www.europesays.com\/no\/wp-json\/wp\/v2\/comments?post=109616"}],"version-history":[{"count":0,"href":"https:\/\/www.europesays.com\/no\/wp-json\/wp\/v2\/posts\/109616\/revisions"}],"wp:featuredmedia":[{"embeddable":true,"href":"https:\/\/www.europesays.com\/no\/wp-json\/wp\/v2\/media\/109617"}],"wp:attachment":[{"href":"https:\/\/www.europesays.com\/no\/wp-json\/wp\/v2\/media?parent=109616"}],"wp:term":[{"taxonomy":"category","embeddable":true,"href":"https:\/\/www.europesays.com\/no\/wp-json\/wp\/v2\/categories?post=109616"},{"taxonomy":"post_tag","embeddable":true,"href":"https:\/\/www.europesays.com\/no\/wp-json\/wp\/v2\/tags?post=109616"}],"curies":[{"name":"wp","href":"https:\/\/api.w.org\/{rel}","templated":true}]}}