{"id":109632,"date":"2025-12-10T18:38:10","date_gmt":"2025-12-10T18:38:10","guid":{"rendered":"https:\/\/www.europesays.com\/no\/109632\/"},"modified":"2025-12-10T18:38:10","modified_gmt":"2025-12-10T18:38:10","slug":"soreide-gjor-det-nesten-like-bra-som-store","status":"publish","type":"post","link":"https:\/\/www.europesays.com\/no\/109632\/","title":{"rendered":"S\u00f8reide gj\u00f8r det nesten like bra som St\u00f8re"},"content":{"rendered":"\n<ul class=\"_list_o9xde_3 _list_64s2r_85 _unordered_o9xde_106 text-sans-m\">\n<li class=\"_item_o9xde_30\">En fersk statsministerm\u00e5ling viser at Ine Eriksen S\u00f8reide (H) nesten matcher statsminister Jonas Gahr St\u00f8re (Ap) i popularitet.<\/li>\n<li class=\"_item_o9xde_30\">St\u00f8re er favoritten med 41 prosents oppslutning, mens S\u00f8reide f\u00e5r st\u00f8tte fra 40 prosent av de spurte.<\/li>\n<li class=\"_item_o9xde_30\">Frp-leder Sylvi Listhaug opplever fremgang p\u00e5 m\u00e5lingene, men har begrenset appell utenfor egne velgergrupper.<\/li>\n<\/ul>\n<p>Vis mer <\/p>\n<p class=\"_paragraph_o9xde_4 _paragraph_xtcu6_10 layout-component text-serif-m layout-normal text-serif-m layout-padded\">H\u00f8yres kommende leder ligger bare et prosentpoeng bak statsminister Jonas Gahr St\u00f8re (Ap) i en fersk statsministerm\u00e5ling. <\/p>\n<p class=\"_paragraph_o9xde_4 _paragraph_xtcu6_10 layout-component text-serif-m layout-normal text-serif-m layout-padded\">Hvis de to statsministerkandidatene er S\u00f8reide og St\u00f8re svarer nordmenn slik: <\/p>\n<ul class=\"_list_o9xde_3 _list_xtcu6_9 _unordered_o9xde_106 layout-component text-serif-m layout-normal text-serif-m layout-padded\">\n<li class=\"_item_o9xde_30\">41 prosent sier at de helst vil ha St\u00f8re som statsminister. <\/li>\n<li class=\"_item_o9xde_30\">40 prosent vil ha S\u00f8reide.<\/li>\n<\/ul>\n<p class=\"_paragraph_o9xde_4 _paragraph_xtcu6_10 layout-component text-serif-m layout-normal text-serif-m layout-padded\">M\u00e5lingen er utf\u00f8rt av Respons Analyse for VG og Aftenposten.<\/p>\n<p class=\"_paragraph_o9xde_4 _paragraph_xtcu6_10 layout-component text-serif-m layout-normal text-serif-m layout-padded\">Frp-leder Sylvi Listhaug kunne onsdag juble over den <a href=\"https:\/\/www.vg.no\/nyheter\/i\/6qnlOO\/frp-med-beste-vg-maaling-paa-over-15-aar\" data-track-element-type=\"Link\" data-track-id=\"link:6qnlOO\" class=\"_link_o9xde_39\" rel=\"nofollow noopener\" target=\"_blank\">beste partim\u00e5lingen hos VG<\/a> siden 2008. Ap gikk tilbake og de borgerlige fikk flertall. <\/p>\n<p class=\"_paragraph_o9xde_4 _paragraph_xtcu6_10 layout-component text-serif-m layout-normal text-serif-m layout-padded\">St\u00f8res ledelse over Listhaug har ogs\u00e5 krympet: <\/p>\n<p class=\"_paragraph_o9xde_4 _paragraph_xtcu6_10 layout-component text-serif-m layout-normal text-serif-m layout-padded\">I september ville 60 prosent ha St\u00f8re og 30 prosent i VGs statsminister-m\u00e5ling. <\/p>\n<p class=\"_paragraph_o9xde_4 _paragraph_xtcu6_10 layout-component text-serif-m layout-normal text-serif-m layout-padded\">N\u00e5 vil 56 prosent ha St\u00f8re og 34 prosent Listhaug, hvis det er de to alternativene som ny statsminister. <\/p>\n<p class=\"_paragraph_o9xde_4 _paragraph_xtcu6_10 layout-component text-serif-m layout-normal text-serif-m layout-padded\">\u2013 Frp har stor oppslutning hos velgerne, men Listhaug har lite appell utenfor egne velgergrupper. Det er kun Frps og KrFs velgere som heller vil ha Listhaug enn St\u00f8re i denne m\u00e5lingen, sier valgforsker Jonas Stein ved Universitetet i Troms\u00f8 til VG. <\/p>\n<p><img decoding=\"async\" alt=\"Bilde av Jonas Stein\" class=\"_image_ygndg_42\" height=\"27\" itemprop=\"image\" loading=\"lazy\"  src=\"https:\/\/www.europesays.com\/no\/wp-content\/uploads\/2025\/12\/e52ce20f-c70a-4c59-800d-27296097f7d9\"  width=\"40\"\/><strong class=\"_name_ygndg_51 title-serif-xs\">Jonas Stein<\/strong><\/p>\n<p class=\"_paragraph_o9xde_4 text-sans-m _description_ygndg_56\">Valgforsker ved Universitetet i Troms\u00f8<\/p>\n<p class=\"_paragraph_o9xde_4 _paragraph_xtcu6_10 layout-component text-serif-m layout-normal text-serif-m layout-padded\">Stein viser til bakgrunnstallene til i statsministerm\u00e5lingen. De viser hvilke velgere som \u00f8nsker St\u00f8re, Listhaug og S\u00f8reide. <\/p>\n<p class=\"_paragraph_o9xde_4 _paragraph_xtcu6_10 layout-component text-serif-m layout-normal text-serif-m layout-padded\">\u2013 H\u00f8yres velgere er delt i synet mellom Listhaug og St\u00f8re. Venstre-velgerne vil heller ha St\u00f8re, sier Stein. <\/p>\n<p><img alt=\"M\u00d8TTES: Ine Eriksen S\u00f8reide og Jonas Gahr St\u00f8re i samtale p\u00e5 \u00a0Bergen N\u00e6ringsr\u00e5ds \u00e5rsmiddag i november.  Foto: G\u00f8ran Bohlin \/ VG\" class=\"_image_qp4xg_65 layout-component layout-normal\" data-fullscreen- data-track-element-type=\"Article image fullscreen\" data-track-name=\"ImageFullscreen\" decoding=\"async\" loading=\"lazy\" height=\"5504\" itemprop=\"image\"  src=\"https:\/\/www.europesays.com\/no\/wp-content\/uploads\/2025\/12\/56fbece4-9589-4550-b62d-03e158fc802f\"  style=\"object-position:0% 0%\" width=\"8256\"\/>M\u00d8TTES: Ine Eriksen S\u00f8reide og Jonas Gahr St\u00f8re i samtale p\u00e5 \u00a0Bergen N\u00e6ringsr\u00e5ds \u00e5rsmiddag i november.  Foto: G\u00f8ran Bohlin \/ VG<\/p>\n<p class=\"_paragraph_o9xde_4 _paragraph_xtcu6_10 layout-component text-serif-m layout-normal text-serif-m layout-padded\">Stein viser til at Frp er <a href=\"https:\/\/www.vg.no\/nyheter\/i\/OoMgR3\/nye-tall-disse-partiene-misliker-vi-mest\" data-track-element-type=\"Link\" data-track-id=\"link:OoMgR3\" class=\"_link_o9xde_39\" rel=\"nofollow noopener\" target=\"_blank\">mer mislikt <\/a>av andre partiers velgere enn H\u00f8yre.<\/p>\n<p class=\"_paragraph_o9xde_4 _paragraph_xtcu6_10 layout-component text-serif-m layout-normal text-serif-m layout-padded\">\u2013 S\u00f8reide appellerer mer til moderate sentrumsvelgere. Venstre-velgere som heller vil ha St\u00f8re enn Listhaug snur fullstendig n\u00e5r alternativet er S\u00f8reide. Selv p\u00e5 venstresiden er det en del som foretrekker S\u00f8reide over St\u00f8re, sier Stein. <\/p>\n<p class=\"_paragraph_o9xde_4 _paragraph_xtcu6_10 layout-component text-serif-m layout-normal text-serif-m layout-padded\">Han sier at S\u00f8reide n\u00e5 m\u00e5 klare b\u00e5de \u00e5 ta tilbake H\u00f8yre-velgere som gikk til Frp og lillavelgerelillavelgereFolk som b\u00e5de kan stemme p\u00e5 venstresiden og h\u00f8yresiden, avhengig av valg \u2013 samtidig. <\/p>\n<p class=\"_paragraph_o9xde_4 _paragraph_xtcu6_10 layout-component text-serif-m layout-normal text-serif-m layout-padded\">\u2013 Tallene i denne m\u00e5lingen er ikke et d\u00e5rlig utgangspunkt \u00e5 ha, men det avgj\u00f8rende er hvordan det blir fremover, sier Stein og fortsetter: <\/p>\n<p class=\"_paragraph_o9xde_4 _paragraph_xtcu6_10 layout-component text-serif-m layout-normal text-serif-m layout-padded\">\u2013 Hun m\u00e5 definere et politisk prosjekt, en retning for Norge og gj\u00f8re seg mer kjent for norske velgere. Velgere blir ikke alltid mer positive n\u00e5r de blir kjent med et politisk prosjekt, det sp\u00f8rs jo hvilken retning et slikt prosjekt f\u00e5r, sier han. <\/p>\n<p>\u2013 Et godt potensial<\/p>\n<p class=\"_paragraph_o9xde_4 _paragraph_xtcu6_10 layout-component text-serif-m layout-normal text-serif-m layout-padded\">S\u00f8reide minner overfor VG selv om at hun hverken er innstilt av valgkomiteen eller valgt av landsm\u00f8tet. <\/p>\n<p class=\"_paragraph_o9xde_4 _paragraph_xtcu6_10 layout-component text-serif-m layout-normal text-serif-m layout-padded\">Men den tidligere utenriks- og forsvarsministeren er eneste kandidat til vervet, og alt tyder p\u00e5 at hun blir H\u00f8yre-leder neste \u00e5r.<\/p>\n<p class=\"_paragraph_o9xde_4 _paragraph_xtcu6_10 layout-component text-serif-m layout-normal text-serif-m layout-padded\">\u2013 Dette er selvf\u00f8lgelig en hyggelig tilbakemelding. At mange vil ha en statsminister fra H\u00f8yre, viser ogs\u00e5 at vi har et godt potensial for \u00e5 l\u00f8fte oss som parti, skriver S\u00f8reide i en e-post til VG. <\/p>\n<p><img alt=\"STORFAVORITT: Ine Eriksen S\u00f8reide blir etter alle solemerker valgt til ny H\u00f8yre-leder.   Foto: Helen Wesnes \/ VG\" class=\"_image_qp4xg_65 layout-component layout-normal\" data-fullscreen- data-track-element-type=\"Article image fullscreen\" data-track-name=\"ImageFullscreen\" decoding=\"async\" loading=\"lazy\" height=\"8640\" itemprop=\"image\"  src=\"https:\/\/www.europesays.com\/no\/wp-content\/uploads\/2025\/12\/d3d489e1-724e-4687-9bba-55863559bcd3\"  style=\"object-position:0% 0%\" width=\"5760\"\/>STORFAVORITT: Ine Eriksen S\u00f8reide blir etter alle solemerker valgt til ny H\u00f8yre-leder.   Foto: Helen Wesnes \/ VG<\/p>\n<p class=\"_paragraph_o9xde_4 _paragraph_xtcu6_10 layout-component text-serif-m layout-normal text-serif-m layout-padded\">H\u00f8stens valgkamp ble tungt preget av statsministersp\u00f8rsm\u00e5let: Blir H\u00f8yre-leder Erna Solberg eller Frp-leder Sylvi Listhaug statsminister hvis borgerlig side vinner valget? <\/p>\n<p class=\"_paragraph_o9xde_4 _paragraph_xtcu6_10 layout-component text-serif-m layout-normal text-serif-m layout-padded\">VG har spurt S\u00f8reide om hvordan hun vil samle borgerlig side, dersom hun blir valgt.<\/p>\n<p class=\"_paragraph_o9xde_4 _paragraph_xtcu6_10 layout-component text-serif-m layout-normal text-serif-m layout-padded\">\u2013 Det er politikken som betyr noe, og jeg tror samarbeid fungerer best n\u00e5r hvert parti f\u00e5r v\u00e6re tydelige p\u00e5 hva de selv mener, og samtidig viser lyst og evne til \u00e5 finne gode kompromisser. Det skal vi i H\u00f8yre bidra til, skriver S\u00f8reide. <\/p>\n<p><img alt=\"DUELLANTER: Sylvi Listhaug og Jonas Gahr St\u00f8re m\u00f8ttes til flere debatter i valgkampen.   Foto: Helge Mikalsen \/ VG\" class=\"_image_qp4xg_65 layout-component layout-normal\" data-fullscreen- data-track-element-type=\"Article image fullscreen\" data-track-name=\"ImageFullscreen\" decoding=\"async\" loading=\"lazy\" height=\"5504\" itemprop=\"image\"  src=\"https:\/\/www.europesays.com\/no\/wp-content\/uploads\/2025\/12\/ca87f340-1bee-4c9d-b621-35e5b7210cc5\"  style=\"object-position:0% 0%\" width=\"8256\"\/>DUELLANTER: Sylvi Listhaug og Jonas Gahr St\u00f8re m\u00f8ttes til flere debatter i valgkampen.   Foto: Helge Mikalsen \/ VG<\/p>\n<p class=\"_paragraph_o9xde_4 _paragraph_xtcu6_10 layout-component text-serif-m layout-normal text-serif-m layout-padded\">St\u00f8re skriver til VG at han er glad for m\u00e5lingen: <\/p>\n<p class=\"_paragraph_o9xde_4 _paragraph_xtcu6_10 layout-component text-serif-m layout-normal text-serif-m layout-padded\">\u2014 Jeg synes dette er to hyggelige tall. N\u00e5r det gjelder H\u00f8yre, m\u00e5 vi ha respekt for at de n\u00e5 m\u00e5 f\u00e5 innstille og velge sin nye ledelse, skriver St\u00f8re i en SMS til VG. <\/p>\n<p class=\"_paragraph_o9xde_4 _paragraph_xtcu6_10 layout-component text-serif-m layout-normal text-serif-m layout-padded\">Han skriver at h\u00f8yresiden har feil svar p\u00e5 oppgavene som m\u00e5 l\u00f8ses fremover. Han skriver videre at Frps politikk vil skape mer utrygghet, mindre rettferdighet og svekke fellesskapet. <\/p>\n<p class=\"_paragraph_o9xde_4 _paragraph_xtcu6_10 layout-component text-serif-m layout-normal text-serif-m layout-padded\">\u2013 Arbeiderpartiets viktigste oppgave er \u00e5 styre landet trygt i en urolig tid, og jeg ser frem til \u00e5 legge frem regjeringens plan for Norge p\u00e5 mandag, som skal peke p\u00e5 de viktigste prioritetene for Arbeiderparti-regjeringen i tiden fremover, skriver han. <\/p>\n<p>\u2013 Hyggelig<\/p>\n<p class=\"_paragraph_o9xde_4 _paragraph_xtcu6_10 layout-component text-serif-m layout-normal text-serif-m layout-padded\">Frp-leder Sylvi Listhaug er glad for fremgangen p\u00e5 m\u00e5lingen. <\/p>\n<p class=\"_paragraph_o9xde_4 _paragraph_xtcu6_10 layout-component text-serif-m layout-normal text-serif-m layout-padded\">\u2013 Det er alltid hyggelig med gode m\u00e5linger, men det er nesten 4 \u00e5r til neste valg. Jeg tror folk er mest opptatt av politikk og l\u00f8sninger som kan gi dem mer frihet og trygghet i hverdagen, skriver Listhaug til VG og legger til:<\/p>\n<p class=\"_paragraph_o9xde_4 _paragraph_xtcu6_10 layout-component text-serif-m layout-normal text-serif-m layout-padded\">\u2013 Vi har en regjering som fortsetter \u00e5 sl\u00f8se med skattepengene, uten at de klarer \u00e5 prioritere kjerneoppgavene som skole, helse, eldre, politi og forsvar.<\/p>\n","protected":false},"excerpt":{"rendered":"En fersk statsministerm\u00e5ling viser at Ine Eriksen S\u00f8reide (H) nesten matcher statsminister Jonas Gahr St\u00f8re (Ap) i popularitet.&hellip;\n","protected":false},"author":2,"featured_media":109633,"comment_status":"","ping_status":"","sticky":false,"template":"","format":"standard","meta":{"footnotes":""},"categories":[5],"tags":[20,21,24,25,15,19,1213,2218,22,23,17,18,13,30,28,281,29,14,16,26,27,205],"class_list":{"0":"post-109632","1":"post","2":"type-post","3":"status-publish","4":"format-standard","5":"has-post-thumbnail","7":"category-overskrifter","8":"tag-breaking-news","9":"tag-breakingnews","10":"tag-featured-news","11":"tag-featurednews","12":"tag-headlines","13":"tag-hovedoppslag","14":"tag-hoyre-h","15":"tag-ine-eriksen-soreide","16":"tag-latest-news","17":"tag-latestnews","18":"tag-main-news","19":"tag-mainnews","20":"tag-news","21":"tag-no","22":"tag-norge","23":"tag-norsk-politikk","24":"tag-norway","25":"tag-nyheter","26":"tag-overskrifter","27":"tag-top-stories","28":"tag-topstories","29":"tag-vgsamfunn"},"share_on_mastodon":{"url":"https:\/\/pubeurope.com\/@no\/115696730688288055","error":""},"_links":{"self":[{"href":"https:\/\/www.europesays.com\/no\/wp-json\/wp\/v2\/posts\/109632","targetHints":{"allow":["GET"]}}],"collection":[{"href":"https:\/\/www.europesays.com\/no\/wp-json\/wp\/v2\/posts"}],"about":[{"href":"https:\/\/www.europesays.com\/no\/wp-json\/wp\/v2\/types\/post"}],"author":[{"embeddable":true,"href":"https:\/\/www.europesays.com\/no\/wp-json\/wp\/v2\/users\/2"}],"replies":[{"embeddable":true,"href":"https:\/\/www.europesays.com\/no\/wp-json\/wp\/v2\/comments?post=109632"}],"version-history":[{"count":0,"href":"https:\/\/www.europesays.com\/no\/wp-json\/wp\/v2\/posts\/109632\/revisions"}],"wp:featuredmedia":[{"embeddable":true,"href":"https:\/\/www.europesays.com\/no\/wp-json\/wp\/v2\/media\/109633"}],"wp:attachment":[{"href":"https:\/\/www.europesays.com\/no\/wp-json\/wp\/v2\/media?parent=109632"}],"wp:term":[{"taxonomy":"category","embeddable":true,"href":"https:\/\/www.europesays.com\/no\/wp-json\/wp\/v2\/categories?post=109632"},{"taxonomy":"post_tag","embeddable":true,"href":"https:\/\/www.europesays.com\/no\/wp-json\/wp\/v2\/tags?post=109632"}],"curies":[{"name":"wp","href":"https:\/\/api.w.org\/{rel}","templated":true}]}}