{"id":109634,"date":"2025-12-10T18:40:44","date_gmt":"2025-12-10T18:40:44","guid":{"rendered":"https:\/\/www.europesays.com\/no\/109634\/"},"modified":"2025-12-10T18:40:44","modified_gmt":"2025-12-10T18:40:44","slug":"slik-blir-tv-varen-flere-kjendistunge-realityserier","status":"publish","type":"post","link":"https:\/\/www.europesays.com\/no\/109634\/","title":{"rendered":"Slik blir tv-v\u00ad\u00e5ren \u2013 flere kjendis\u00adtunge reali\u00adtyse\u00adrier"},"content":{"rendered":"<p>De 18 deltakerne i den nye kjendissesongen av \u00abSpillet\u00bb teller blant andre tr\u00f8nderne Birgit Skarstein og Sebastian \u00abBarisbrevik\u00bb Brevik.<\/p>\n<p><img decoding=\"async\" src=\"data:image\/gif;base64,R0lGODlhEAAJAIAAAP\/\/\/wAAACH5BAEAAAAALAAAAAAQAAkAAAIKhI+py+0Po5yUFQA7\" alt=\"\"\/><br \/>\n  Sebastian \u00abBarisbrevik\u00bb Brevik var i \u00e5r med p\u00e5 storsuksessen \u00abNorges dummeste\u00bb, fra ny\u00e5ret blir han igjen \u00e5 se p\u00e5 TV 2s flater.<br \/>\n  <strong>Foto:<\/strong> Rune Bendiksen\/TV 2<\/p>\n<p>I tillegg til blant andre Stian Blipp, Nora Haukland, Aylar Lie og Stig Henrik Hoff. De blir \u00e5 se fra februar.<\/p>\n<p>\u2013 \u00abSpillet\u00bb har etablert seg som en av TV 2s st\u00f8rste underholdningssuksesser, og vender tilbake med en ny kjendissesong denne v\u00e5ren, uttaler kanalens sjefredakt\u00f8r og administrerende direkt\u00f8r Olav T. Sandnes og lover en \u00abinnholdsrik og uforutsigbar sesong\u00bb med blant annet helt nye tvister.<\/p>\n<p><img decoding=\"async\" src=\"data:image\/gif;base64,R0lGODlhEAAJAIAAAP\/\/\/wAAACH5BAEAAAAALAAAAAAQAAkAAAIKhI+py+0Po5yUFQA7\" alt=\"\"\/><br \/>\n  Her er de nye deltagerne i sesong fire av \u00abSpillet\u00bb.<br \/>\n  <strong>Foto:<\/strong> Rune Bendiksen\/TV 2<a href=\"https:\/\/trdby.adressa.no\/kultur\/i\/0pjmEA\/ine-marie-wilmann-levde-seg-inn-i-scenene-i-troll-2-jeg-foeler-at-jeg-har-tatt-paa-trollet\" rel=\"nofollow noopener\" target=\"_blank\"> <img decoding=\"async\" src=\"data:image\/gif;base64,R0lGODlhEAAJAIAAAP\/\/\/wAAACH5BAEAAAAALAAAAAAQAAkAAAIKhI+py+0Po5yUFQA7\" alt=\"\"\/>   Filmstjerna: \u2013 Det var minus\u00adgrader, vindkast og tre lag ull  <\/a> Flere publikumsfavoritter<\/p>\n<p>Andre publikumssuksesser p\u00e5 realityfronten som vender tilbake med nye sesonger, er \u00abHver gang vi m\u00f8tes\u00bb, fra 3. januar. Der er blant annet tvillingene Marcus og Martinus Gunnarsen \u00e9n av artistene.<\/p>\n<p><img decoding=\"async\" src=\"data:image\/gif;base64,R0lGODlhEAAJAIAAAP\/\/\/wAAACH5BAEAAAAALAAAAAAQAAkAAAIKhI+py+0Po5yUFQA7\" alt=\"\"\/><br \/>\n  Poptvillingene Marcus (t.v.) og Martinus (t.h.) flyttet til Trondheim p\u00e5 starten av 2025.<br \/>\n  <strong>Foto:<\/strong> Terje Bendiksby \/ NTB<\/p>\n<p>De andre artistene i neste \u00e5rs versjon av \u00abHver gang vi m\u00f8tes\u00bb er Espen Lind, Marit Larsen, Herborg Kr\u00e5kevik, Synne Vo, Musti og Andr\u00e9 Jensen.<\/p>\n<p><a href=\"https:\/\/trdby.adressa.no\/underholdning\/i\/8pl3qE\/dette-tjente-de-kjendisene\" rel=\"nofollow noopener\" target=\"_blank\"> <img decoding=\"async\" src=\"data:image\/gif;base64,R0lGODlhEAAJAIAAAP\/\/\/wAAACH5BAEAAAAALAAAAAAQAAkAAAIKhI+py+0Po5yUFQA7\" alt=\"\"\/>   Dette tjente kjendisene i fjor  <\/a> Gj\u00f8r \u00abstore endringer\u00bb<\/p>\n<p> I tillegg f\u00e5r du gjensyn med \u00abKompani Lauritzen\u00bb (februar), \u00abThe Voice\u00bb (9. januar), \u00abVokteren\u00bb (1. januar) og \u00abBoksen\u00bb (februar). De to sistnevnte gj\u00f8res det if\u00f8lge kanalens pressemelding \u00abstore endringer\u00bb i.<\/p>\n<p>\u2013 Det blir mer humor, mer sosialt spill og enda bedre og mer utfordrende oppgaver, skriver TV 2.<\/p>\n<p><img decoding=\"async\" src=\"data:image\/gif;base64,R0lGODlhEAAJAIAAAP\/\/\/wAAACH5BAEAAAAALAAAAAAQAAkAAAIKhI+py+0Po5yUFQA7\" alt=\"\"\/><br \/>\n  Anette Trettebergstuen, Morten Hegseth, Margrethe R\u00f8ed, Frode Grod\u00e5s, Sofie Karlstad, Kasper Kvello, Tim Kristian Moen, Benedicte Adrian, Emil W\u00e6raas, Tuva Billing, Tomine Harket, Jon Ludvig Hammer og Erik Follestad er deltakere i \u00abBoksen\u00bb sesong 2.<br \/>\n  <strong>Foto:<\/strong> Matti Bernitz\/TV 2<\/p>\n<p>Blant de som blir \u00e5 se p\u00e5 \u00abBoksen\u00bb er tr\u00f8nder og kjendisreporter, Morten Hegseth, tidligere kulturminister Anette Trettebergstuen, influenser Sofie Karlstad og influenser Kasper Kvello.<\/p>\n<p><a href=\"https:\/\/trdby.adressa.no\/kultur\/i\/Ex4dqa\/beste-premiereuken-noensinne\" rel=\"nofollow noopener\" target=\"_blank\"> <img decoding=\"async\" src=\"data:image\/gif;base64,R0lGODlhEAAJAIAAAP\/\/\/wAAACH5BAEAAAAALAAAAAAQAAkAAAIKhI+py+0Po5yUFQA7\" alt=\"\"\/>   Beste premiereuken noensinne  <\/a> Ny liga<\/p>\n<p>Men TV 2 byr ogs\u00e5 p\u00e5 en ny, konkurransedrevet humorserie kalt \u00abLigaen\u00bb, som kombinerer knallhard konkurranse og humor n\u00e5r Jenny Skavlan, Helene Olafsen, Tete Lidbom, Truls Svendsen og Morten Ramm skal \u00abutfordre seg selv og hverandre\u00bb om \u00e5 bli den mest minneverdige atleten \u2013 ogs\u00e5 det fra februar.<\/p>\n<p><img decoding=\"async\" src=\"data:image\/gif;base64,R0lGODlhEAAJAIAAAP\/\/\/wAAACH5BAEAAAAALAAAAAAQAAkAAAIKhI+py+0Po5yUFQA7\" alt=\"\"\/><br \/>\n  Tete Lidbom er blant de som er med p\u00e5 den nye realityserien \u00abLigaen\u00bb.<br \/>\n  <strong>Foto:<\/strong> Espen Solli \/ TV 2<\/p>\n<p>\u2013 Det er alltid en risiko for at man slutter \u00e5 fornye seg n\u00e5r man har lyktes godt. Den fellen m\u00e5 ikke TV 2 g\u00e5 i, sier Sandnes.<\/p>\n<p><a href=\"https:\/\/trdby.adressa.no\/kultur\/i\/3pkvBe\/dette-er-helt-kaos\" rel=\"nofollow noopener\" target=\"_blank\"> <img decoding=\"async\" src=\"data:image\/gif;base64,R0lGODlhEAAJAIAAAP\/\/\/wAAACH5BAEAAAAALAAAAAAQAAkAAAIKhI+py+0Po5yUFQA7\" alt=\"\"\/>   \u2013 Dette er helt kaos  <\/a> Mer aktualitet<\/p>\n<p>Kanalen er tilfreds med tallene for h\u00f8stens dramaserier, blant dem \u00abNepobaby\u00bb \u2013 som fikk milliontall \u2013 og \u00abPsykodrama\u00bb \u2013 som traff s\u00e6rlig unge menn. Til v\u00e5ren kommer Kristofer Hivju og Eili Harboe i \u00abMord i Sogn\u00bb. Det blir ogs\u00e5 ny sesong av Thomas Giertsens \u00abHelt perfekt\u00bb \u2013 allerede 28. desember.<\/p>\n<p>Det st\u00e5r ogs\u00e5 mer aktualitet p\u00e5 v\u00e5rprogrammet. I tillegg til at TV 2 fortsetter \u00e5 sende nyheter d\u00f8gnet rundt, loves det ogs\u00e5 flere dagsaktuelle dokumentarer p\u00e5 TV 2 Play og mer videonyheter p\u00e5 TV 2s nettsted. \u00abNyhetskompaniet\u00bb fortsetter inn i det nye \u00e5ret.<\/p>\n<p>\u2013 I en urolig verden er redakt\u00f8rstyrte medier og troverdige nyhetsformidlere viktigere enn noen gang, sier Sandnes.<\/p>\n<p><a href=\"https:\/\/trdby.adressa.no\/kultur\/i\/JO1v88\/nissene-i-skjul-er-sett-av-over-1-4-millioner\" rel=\"nofollow noopener\" target=\"_blank\"> <img decoding=\"async\" src=\"data:image\/gif;base64,R0lGODlhEAAJAIAAAP\/\/\/wAAACH5BAEAAAAALAAAAAAQAAkAAAIKhI+py+0Po5yUFQA7\" alt=\"\"\/>   Sett av over 1,4 millioner  <\/a> Petter tilbake<\/p>\n<p>Ny er dokumentaren \u00abKommandosentralen\u00bb (6. april) der Petter Nyquist vil hjelpe beboerne i sosialboligene fra forrige serie. Dokumentarserie er ogs\u00e5 \u00abJakten p\u00e5 Norges farligste kvinne\u00bb, viet hun som forgiftet faren og ekskj\u00e6resten, med premiere 5. januar.<\/p>\n<p><img decoding=\"async\" src=\"data:image\/gif;base64,R0lGODlhEAAJAIAAAP\/\/\/wAAACH5BAEAAAAALAAAAAAQAAkAAAIKhI+py+0Po5yUFQA7\" alt=\"\"\/><br \/>\n  Petter og kommandosentralen.<br \/>\n  <strong>Foto:<\/strong> Teddy TV<\/p>\n<p>Velkjente \u00abFunkyfam\u00bb (26. januar) og \u00abAlle elsker David\u00bb (29. desember) vender tilbake, i likhet med andre sesong av \u00abOslo fengsel\u00bb (juni), \u00abToll\u00bb (juli), \u00abSofa\u00bb (mars) og \u00ab\u00c5sted Norge\u00bb (2. februar).<\/p>\n<p><a href=\"https:\/\/trdby.adressa.no\/kultur\/i\/8pwRLd\/storsuksess-tilbake-paa-skjermen-blir-ikke-jul-uten\" rel=\"nofollow noopener\" target=\"_blank\"> <img decoding=\"async\" src=\"data:image\/gif;base64,R0lGODlhEAAJAIAAAP\/\/\/wAAACH5BAEAAAAALAAAAAAQAAkAAAIKhI+py+0Po5yUFQA7\" alt=\"\"\/>   Storsuk\u00adsess tilbake p\u00e5 skjermen: \u2013 Blir ikke jul uten!  <\/a> <\/p>\n","protected":false},"excerpt":{"rendered":"De 18 deltakerne i den nye kjendissesongen av \u00abSpillet\u00bb teller blant andre tr\u00f8nderne Birgit Skarstein og Sebastian \u00abBarisbrevik\u00bb&hellip;\n","protected":false},"author":2,"featured_media":109635,"comment_status":"","ping_status":"","sticky":false,"template":"","format":"standard","meta":{"footnotes":""},"categories":[58],"tags":[11443,13533,13428,4000,6792,13339,13534,71,1875,3445,9114,8854,2176,12391,10247,30,28,29,13335,2398,9171,1873,13535,208,3305,72],"class_list":{"0":"post-109634","1":"post","2":"type-post","3":"status-publish","4":"format-standard","5":"has-post-thumbnail","7":"category-underholdning","8":"tag-anette-trettebergstuen","9":"tag-asted-norge","10":"tag-aylar-lie","11":"tag-benedicte-adrian","12":"tag-birgit-skarstein","13":"tag-boksen","14":"tag-eili-harboe","15":"tag-entertainment","16":"tag-espen-lind","17":"tag-hver-gang-vi-motes","18":"tag-jenny-skavlan","19":"tag-kasper-kvello","20":"tag-kompani-lauritzen","21":"tag-kristofer-hivju","22":"tag-morten-hegseth","23":"tag-no","24":"tag-norge","25":"tag-norway","26":"tag-sofie-karlstad","27":"tag-spillet","28":"tag-tete-lidbom","29":"tag-the-voice","30":"tag-thomas-giertsen","31":"tag-tv-2","32":"tag-tv-2-play","33":"tag-underholdning"},"share_on_mastodon":{"url":"https:\/\/pubeurope.com\/@no\/115696738197620073","error":""},"_links":{"self":[{"href":"https:\/\/www.europesays.com\/no\/wp-json\/wp\/v2\/posts\/109634","targetHints":{"allow":["GET"]}}],"collection":[{"href":"https:\/\/www.europesays.com\/no\/wp-json\/wp\/v2\/posts"}],"about":[{"href":"https:\/\/www.europesays.com\/no\/wp-json\/wp\/v2\/types\/post"}],"author":[{"embeddable":true,"href":"https:\/\/www.europesays.com\/no\/wp-json\/wp\/v2\/users\/2"}],"replies":[{"embeddable":true,"href":"https:\/\/www.europesays.com\/no\/wp-json\/wp\/v2\/comments?post=109634"}],"version-history":[{"count":0,"href":"https:\/\/www.europesays.com\/no\/wp-json\/wp\/v2\/posts\/109634\/revisions"}],"wp:featuredmedia":[{"embeddable":true,"href":"https:\/\/www.europesays.com\/no\/wp-json\/wp\/v2\/media\/109635"}],"wp:attachment":[{"href":"https:\/\/www.europesays.com\/no\/wp-json\/wp\/v2\/media?parent=109634"}],"wp:term":[{"taxonomy":"category","embeddable":true,"href":"https:\/\/www.europesays.com\/no\/wp-json\/wp\/v2\/categories?post=109634"},{"taxonomy":"post_tag","embeddable":true,"href":"https:\/\/www.europesays.com\/no\/wp-json\/wp\/v2\/tags?post=109634"}],"curies":[{"name":"wp","href":"https:\/\/api.w.org\/{rel}","templated":true}]}}