{"id":10966,"date":"2025-08-18T05:25:09","date_gmt":"2025-08-18T05:25:09","guid":{"rendered":"https:\/\/www.europesays.com\/no\/10966\/"},"modified":"2025-08-18T05:25:09","modified_gmt":"2025-08-18T05:25:09","slug":"greta-thunberg-extinction-rebellion-store-demonstrasjoner-utenfor-mongstad-burde-skamme-seg","status":"publish","type":"post","link":"https:\/\/www.europesays.com\/no\/10966\/","title":{"rendered":"Greta Thunberg, Extinction Rebellion | Store demonstrasjoner utenfor Mongstad: \u2013 Burde skamme seg"},"content":{"rendered":"\n<p>200 demonstranter fra Extinction Rebellion befinner seg utenfor raffineriet p\u00e5 Mongstad for \u00e5 aksjonere mot olje- og gassn\u00e6ringen.<\/p>\n<p><b>Greta Thunberg er blant annet p\u00e5 plass. <\/b><\/p>\n<p>\u2013 Vi er i gang! Vi har satt opp blokade p\u00e5 veien, s\u00e5 store biler og lignende vil bli stanset, sier Milla Haugen, mediekoordinator i Extinction Rebellion.<\/p>\n<p>Hun forteller at de vil bli her lenge og holde blokade foran Mongstad.<\/p>\n<p>\u2013 Vi finner ut hvor lenge vi blir fortl\u00f8pende, opplyser hun.<\/p>\n<p>Gruppen melder at dette er \u00abNorgeshistoriens st\u00f8rste aksjon\u00bb.<\/p>\n<p>   <img decoding=\"async\" width=\"1200\" height=\"799\" fetchpriority=\"low\"  loading=\"lazy\"  src=\"https:\/\/www.europesays.com\/no\/wp-content\/uploads\/2025\/08\/5_8_2369367_mongstad%2B29.jpg\" alt=\"\" class=\"brick-c-cFOWSL\" style=\"--brick-image-ratio: 1200 \/ 799;\"\/><\/p>\n<p>    Equinor-anlegget.<br \/>\n    Foto: Yngve Garen Svardal, NTB (Arkiv)\n  <\/p>\n<p>  \u2013 Burde skamme seg<\/p>\n<p>Stortingsrepresentant Ove Trellevik fra H\u00f8yre reagerer kraftig p\u00e5 demonstrasjonen. Som tross alt forel\u00f8pig anses som lovlig.<\/p>\n<p>\u2013 De burde skamme seg. De gir jo Putin en gavepakke av dimensjoner med en slik protest.<\/p>\n<p>Han peker p\u00e5 Norges viktige rolle som gasseksport\u00f8r til Europa.<\/p>\n<p>Trellevik understreker at han er veldig for demokrati, \u00e5penhet og ytringsfrihet, men at denne gruppen ikke handler p\u00e5 en saklig m\u00e5te.<\/p>\n<p><b>\u2013 Jeg syns de har en veldig aggressiv fremgangsm\u00e5te. Jeg har havnet i diskusjon med de f\u00f8r, og man kommer ikke til orde engang. Det g\u00e5r an \u00e5 samarbeide om fremtiden p\u00e5 en mer fornuftig m\u00e5te, sier han til BA. <\/b><\/p>\n<p>      Anbefaler hjemmekontor<\/p>\n<p>Pressetalsperson for anskaffelser og landanlegg, Ellen Maria Skjelsb\u00e6k, bekrefter overfor BA at Equinor er gjort kjent med den varslede aksjonen.<\/p>\n<p><b>\u2013 Vi har v\u00e6rt i dialog med politiet, Gassco som er operat\u00f8r p\u00e5 Kollsnes, samt andre relevante. Vi har erfaring med slike aksjoner fra tidligere, og har satt i gang sikkerhetstiltak, sier Skjelsb\u00e6k.<\/b><\/p>\n<p>Det anbefales blant annet hjemmekontor for de som kan.<\/p>\n<p>\u2013 Jeg har f\u00e5tt med med meg aksjonen, ja. De har jo en rett \u00e5 demonstrere. S\u00e5 h\u00e5per jeg og regner med at det skjer innenfor lovlige rammer og at de ansatte der ute blir ivaretatt, sier ordf\u00f8rer i Alver kommune, Nina Bogn\u00f8y (Ap).<\/p>\n<p>   <img decoding=\"async\" width=\"1200\" height=\"799\" fetchpriority=\"low\"  loading=\"lazy\"  src=\"https:\/\/www.europesays.com\/no\/wp-content\/uploads\/2025\/08\/DSC_9323.jpg\" alt=\"\" class=\"brick-c-cFOWSL\" style=\"--brick-image-ratio: 1200 \/ 799;\"\/><\/p>\n<p>    Foto: Sondre Horvei\n  <\/p>\n<p>Talsperson for Extinction Rebellion, Jonas Kittelsen, sier til BA at det eneste riktige er planen for utfasingen av olje og gass.<\/p>\n<p>\u2013 Det kan v\u00e6re t\u00f8ft \u00e5 v\u00e6re klimaaktivist i Norge, men n\u00e5 f\u00f8ler jeg p\u00e5 en enorm styrke. Vi har klart \u00e5 samle hundrevis av mennesker fra mange forskjellige land, som alle st\u00e5r sammen mot den norske oljestaten, sier Jonas Kittelsen, talsperson for Extinction Rebellion Norge.<\/p>\n<p>\u2013 Sykt viktig at hun er her<\/p>\n<p>Greta Thunberg er et kjent navn for mange, hovedsakelig som klimaaktivist.<\/p>\n<p>Mediekoordinator Milla Haugen legger ikke skjul p\u00e5 at hun er en viktig brikke.<\/p>\n<p><b>\u2013 Hun har v\u00e6rt med p\u00e5 masse av det vi har gjort. Det er helt sykt viktig at hun er her. Hun er jo en viktig person, og det hun sier er viktig for oss \u00e5 fremme.<\/b><\/p>\n<p>Det er personer fra Norge, Sverige, Danmark, Finland, Italia, Storbritannia og Frankrike som deltar p\u00e5 demonstrasjonen.<\/p>\n<p>\u2013 Vi krever en plan for utfasing av olje. Det er oljen som er den store syndebukken. Nordmenn og europeere \u00f8nsker ikke olje, understreker hun.<\/p>\n<p>\u2013 Hvordan tror dere Equinor reagerer p\u00e5 dette?<\/p>\n<p>\u2013 De sa at de sendte folk hjem, s\u00e5 det er g\u00f8y. Vi har jo forstyrret tydeligvis. Det er tydelig at de merker det og reagerer.<\/p>\n<p>   <img decoding=\"async\" width=\"2225\" height=\"1492\" fetchpriority=\"low\"  loading=\"lazy\"  src=\"https:\/\/www.europesays.com\/no\/wp-content\/uploads\/2025\/08\/6G8A9315_1.jpg\" alt=\"\" class=\"brick-c-cFOWSL\" style=\"--brick-image-ratio: 2225 \/ 1492;\"\/><\/p>\n<p>    Greta Thunberg ville ikke ta en prat med BA s\u00f8ndag kveld.<br \/>\n    Foto: Sondre Horvei\n  <\/p>\n<p>  \u2013 Snakkes i morgen<\/p>\n<p>BA bes\u00f8kte leiren til gruppen s\u00f8ndag kveld p\u00e5 Vardegard i Nordhordland.<\/p>\n<p><b>Ingen av dem \u00f8nsket \u00e5 snakke med avisen.<\/b><\/p>\n<p>  <a href=\"https:\/\/www.ba.no\/5-8-3124903\" class=\"related-teaser has-image default-story-teaser article--c-eRUmMG article--c-eRUmMG-jKCPdD-design-default\" rel=\"nofollow noopener\" target=\"_blank\"><\/p>\n<p>    <img decoding=\"async\" loading=\"lazy\"  src=\"https:\/\/www.europesays.com\/no\/wp-content\/uploads\/2025\/08\/1755494709_233_DSC_9323.jpg\" alt=\"\" class=\"brick-c-cFOWSL\" style=\"\"\/><\/p>\n<p>\n            Les ogs\u00e5<\/p>\n<p>              Her er Greta Thunberg og 150 aktivister samlet: Forbereder seg til storaksjon\n        <\/p>\n<p>  <\/a><\/p>\n<p>P\u00e5 stedet kunne en se flere kajakker med teksten \u00abPhase out Norway\u00bb malt p\u00e5.<\/p>\n<p>Flere av demonstrantene holdt p\u00e5 \u00e5 ta p\u00e5 seg v\u00e5tdrakt.<\/p>\n<p>BA ble bedt om \u00e5 forlate omr\u00e5det av g\u00e5rdeier Viggo Arntsen.<\/p>\n<p>Mens BA sto der, kom Greta Thunberg g\u00e5ende, pratende i telefonen.<\/p>\n<p>BA ba henne om en kommentar, men hun insisterte:<\/p>\n<p>\u2013 Vi snakkes i morgen, sa Thunberg.<\/p>\n","protected":false},"excerpt":{"rendered":"200 demonstranter fra Extinction Rebellion befinner seg utenfor raffineriet p\u00e5 Mongstad for \u00e5 aksjonere mot olje- og gassn\u00e6ringen.&hellip;\n","protected":false},"author":2,"featured_media":10967,"comment_status":"","ping_status":"","sticky":false,"template":"","format":"standard","meta":{"footnotes":""},"categories":[5],"tags":[36,20,21,2251,24,25,1167,15,19,22,23,17,18,1665,13,30,28,29,447,14,16,1510,26,27],"class_list":{"0":"post-10966","1":"post","2":"type-post","3":"status-publish","4":"format-standard","5":"has-post-thumbnail","7":"category-overskrifter","8":"tag-art","9":"tag-breaking-news","10":"tag-breakingnews","11":"tag-extinction-rebellion","12":"tag-featured-news","13":"tag-featurednews","14":"tag-greta-thunberg","15":"tag-headlines","16":"tag-hovedoppslag","17":"tag-latest-news","18":"tag-latestnews","19":"tag-main-news","20":"tag-mainnews","21":"tag-mongstad","22":"tag-news","23":"tag-no","24":"tag-norge","25":"tag-norway","26":"tag-nyhet","27":"tag-nyheter","28":"tag-overskrifter","29":"tag-story","30":"tag-top-stories","31":"tag-topstories"},"share_on_mastodon":{"url":"","error":""},"_links":{"self":[{"href":"https:\/\/www.europesays.com\/no\/wp-json\/wp\/v2\/posts\/10966","targetHints":{"allow":["GET"]}}],"collection":[{"href":"https:\/\/www.europesays.com\/no\/wp-json\/wp\/v2\/posts"}],"about":[{"href":"https:\/\/www.europesays.com\/no\/wp-json\/wp\/v2\/types\/post"}],"author":[{"embeddable":true,"href":"https:\/\/www.europesays.com\/no\/wp-json\/wp\/v2\/users\/2"}],"replies":[{"embeddable":true,"href":"https:\/\/www.europesays.com\/no\/wp-json\/wp\/v2\/comments?post=10966"}],"version-history":[{"count":0,"href":"https:\/\/www.europesays.com\/no\/wp-json\/wp\/v2\/posts\/10966\/revisions"}],"wp:featuredmedia":[{"embeddable":true,"href":"https:\/\/www.europesays.com\/no\/wp-json\/wp\/v2\/media\/10967"}],"wp:attachment":[{"href":"https:\/\/www.europesays.com\/no\/wp-json\/wp\/v2\/media?parent=10966"}],"wp:term":[{"taxonomy":"category","embeddable":true,"href":"https:\/\/www.europesays.com\/no\/wp-json\/wp\/v2\/categories?post=10966"},{"taxonomy":"post_tag","embeddable":true,"href":"https:\/\/www.europesays.com\/no\/wp-json\/wp\/v2\/tags?post=10966"}],"curies":[{"name":"wp","href":"https:\/\/api.w.org\/{rel}","templated":true}]}}