{"id":109663,"date":"2025-12-10T19:32:26","date_gmt":"2025-12-10T19:32:26","guid":{"rendered":"https:\/\/www.europesays.com\/no\/109663\/"},"modified":"2025-12-10T19:32:26","modified_gmt":"2025-12-10T19:32:26","slug":"fremmed-mann-bergen-fremmed-mann-skal-ha-kommet-inn-pa-soverommet-til-jente-17","status":"publish","type":"post","link":"https:\/\/www.europesays.com\/no\/109663\/","title":{"rendered":"Fremmed mann, Bergen | Fremmed mann skal ha kommet inn p\u00e5 soverommet til jente (17)"},"content":{"rendered":"\n<p>(<a rel=\"Follow nofollow noopener\" href=\"https:\/\/www.ba.no\/mann-skal-ha-blitt-fersket-under-innbrudd\/s\/5-8-3250558\" target=\"_blank\">BA<\/a>): Klokken 0924 fikk politiet melding fra en 17 \u00e5r gammel jente i L\u00f8vstakklien.<\/p>\n<p>Hun hadde oppdaget en fremmed mann i huset sitt, if\u00f8lge operasjonsleder Knut Dahl-Michelsen i Vest politidistrikt.<\/p>\n<p>Mannen skal ha forsvunnet da han ble oppdaget.<\/p>\n<p><b>Les ogs\u00e5:<a rel=\"Follow nofollow noopener\" href=\"https:\/\/www.nettavisen.no\/nyheter\/donald-trumps-nye-frist-til-ukraina\/s\/5-95-2771970\" target=\"_blank\"> Trumps nye frist til Ukraina<\/a><\/b><\/p>\n<p>\u2013 Spurte etter toalettet<\/p>\n<p>Dahl-Michelsen forklarer at mannen skal ha kommet helt inn p\u00e5 soverommet til jenten.<\/p>\n<p>\u2013 Han hadde spurt etter toalettet, for s\u00e5 \u00e5 forsvinne fra stedet med en gang.<\/p>\n<p>Mannen skal ikke ha blitt fysisk mot jenten.<\/p>\n<p><b>Les ogs\u00e5: <a rel=\"Follow nofollow noopener\" href=\"https:\/\/www.nettavisen.no\/nyhetsvarsel\/machado-kommer-til-oslo-rekker-ikke-fredsprisutdelingen\/s\/5-95-2772568\" target=\"_blank\">Machado kommer til Oslo: Rekker ikke fredsprisutdelingen<\/a><\/b><\/p>\n<p>Ikke funnet<\/p>\n<p>Politiet lette etter mannen i omr\u00e5det, men har per klokken 1023 ikke funnet ham.<\/p>\n<p>\u2013 Han skal v\u00e6re if\u00f8rt svarte kl\u00e6r og en svart bag. Fremsto ruset, opplyste Dahl-Michelsen tidligere.<\/p>\n<p>D\u00f8ren til huset har sannsynligvis ha st\u00e5tt \u00e5pen, if\u00f8lge politiet. Det er forel\u00f8pig ikke opplysninger om at noe er stj\u00e5let.<\/p>\n<p>    Vil du se neste video?<\/p>\n<p>    <a href=\"https:\/\/www.nettavisen.no\/nyheter\/ukrainske-spesialstyrker-skal-ha-tatt-ut-russiske-mal-pa-krim-halvoya\/v\/5-95-2764466\" class=\"recommend-poster\" data-adp-clicklabel=\"video-recommend\" data-adp-clickvalue=\"poster\" rel=\"nofollow noopener\" target=\"_blank\"><br \/>\n      <img decoding=\"async\" width=\"200\" height=\"200\" loading=\"lazy\" src=\"https:\/\/www.europesays.com\/no\/wp-content\/uploads\/2025\/12\/KAMPFLY+BREDDE.jpg\" alt=\"\" class=\"brick-c-cFOWSL\" style=\"--brick-image-ratio: 200 \/ 200;\"\/><\/p>\n<p>Tar ut russisk kampfly p\u00e5 Krim0:24<\/p>\n<p>    <\/a><\/p>\n","protected":false},"excerpt":{"rendered":"(BA): Klokken 0924 fikk politiet melding fra en 17 \u00e5r gammel jente i L\u00f8vstakklien. Hun hadde oppdaget en&hellip;\n","protected":false},"author":2,"featured_media":3844,"comment_status":"","ping_status":"","sticky":false,"template":"","format":"standard","meta":{"footnotes":""},"categories":[12],"tags":[20,21,24,25,15,22,23,13,30,28,29,14,16,26,27,42,43,44,45],"class_list":{"0":"post-109663","1":"post","2":"type-post","3":"status-publish","4":"format-standard","5":"has-post-thumbnail","7":"category-verden","8":"tag-breaking-news","9":"tag-breakingnews","10":"tag-featured-news","11":"tag-featurednews","12":"tag-headlines","13":"tag-latest-news","14":"tag-latestnews","15":"tag-news","16":"tag-no","17":"tag-norge","18":"tag-norway","19":"tag-nyheter","20":"tag-overskrifter","21":"tag-top-stories","22":"tag-topstories","23":"tag-verden","24":"tag-world","25":"tag-world-news","26":"tag-worldnews"},"share_on_mastodon":{"url":"https:\/\/pubeurope.com\/@no\/115696942977039233","error":""},"_links":{"self":[{"href":"https:\/\/www.europesays.com\/no\/wp-json\/wp\/v2\/posts\/109663","targetHints":{"allow":["GET"]}}],"collection":[{"href":"https:\/\/www.europesays.com\/no\/wp-json\/wp\/v2\/posts"}],"about":[{"href":"https:\/\/www.europesays.com\/no\/wp-json\/wp\/v2\/types\/post"}],"author":[{"embeddable":true,"href":"https:\/\/www.europesays.com\/no\/wp-json\/wp\/v2\/users\/2"}],"replies":[{"embeddable":true,"href":"https:\/\/www.europesays.com\/no\/wp-json\/wp\/v2\/comments?post=109663"}],"version-history":[{"count":0,"href":"https:\/\/www.europesays.com\/no\/wp-json\/wp\/v2\/posts\/109663\/revisions"}],"wp:featuredmedia":[{"embeddable":true,"href":"https:\/\/www.europesays.com\/no\/wp-json\/wp\/v2\/media\/3844"}],"wp:attachment":[{"href":"https:\/\/www.europesays.com\/no\/wp-json\/wp\/v2\/media?parent=109663"}],"wp:term":[{"taxonomy":"category","embeddable":true,"href":"https:\/\/www.europesays.com\/no\/wp-json\/wp\/v2\/categories?post=109663"},{"taxonomy":"post_tag","embeddable":true,"href":"https:\/\/www.europesays.com\/no\/wp-json\/wp\/v2\/tags?post=109663"}],"curies":[{"name":"wp","href":"https:\/\/api.w.org\/{rel}","templated":true}]}}