{"id":109670,"date":"2025-12-10T19:36:18","date_gmt":"2025-12-10T19:36:18","guid":{"rendered":"https:\/\/www.europesays.com\/no\/109670\/"},"modified":"2025-12-10T19:36:18","modified_gmt":"2025-12-10T19:36:18","slug":"influencer-stacey-warneckes-dodsarsak-avslort","status":"publish","type":"post","link":"https:\/\/www.europesays.com\/no\/109670\/","title":{"rendered":"Influencer Stacey Warneckes d\u00f8ds\u00e5rsak avsl\u00f8rt"},"content":{"rendered":"<p class=\"kicker \" style=\"\">D\u00f8de etter hjemmef\u00f8dsel<\/p>\n<p>  Den popul\u00e6re influenseren mistet livet etter en hjemmef\u00f8dsel. N\u00e5 er de rystende detaljene lekket.\u00a0<\/p>\n<p>\n    BLE REVET BORT: Stacey skulle f\u00e5 oppleve \u00e5 v\u00e6re mamma for f\u00f8rste gang &#8211; slik ble det ikke. Foto: Skjermbilde: @Naturalspoonsfyks \/ Instagram\n  <\/p>\n<p>Den australske matinfluenseren Stacey Warnecke mistet livet etter at det oppsto komplikasjoner under hennes hjemmef\u00f8dsel tidligere i h\u00f8st.<\/p>\n<p>Det s\u00f8rgelige budskapet var det ektemannen Nathan Warnecke som delte i en emosjonell tekst p\u00e5 Staceys Instagram.<\/p>\n<p>    <a itemprop=\"url\" href=\"https:\/\/www.seher.no\/kjendis\/artist-funnet-drept-sonnen-pagrepet\/83963330\" rel=\"nofollow noopener\" target=\"_blank\"><\/p>\n<p>        <img loading=\"lazy\" decoding=\"async\" src=\"https:\/\/www.europesays.com\/no\/wp-content\/uploads\/2025\/12\/83965712.webp\" width=\"980\" height=\"441\" title=\"Artist funnet drept - s\u00f8nnen p\u00e5grepet\" alt=\"\" class=\"lazyload\" style=\"--aspect-ratio-image: 2.22; \"\/><\/p>\n<p>        Artist funnet drept &#8211; s\u00f8nnen p\u00e5grepet<\/p>\n<p>    <\/a><\/p>\n<p class=\"no_italic m-no_italic\" data-lab-italic=\"\">\u00abDet er med tungt hjerte at jeg meddeler den uventede bortgangen til min vakre kone, sjelevenn og beste venn, Stacey. Stace gikk bort 29. september 2025 etter \u00e5 ha f\u00f8dt v\u00e5r f\u00f8rstef\u00f8dte s\u00f8nn, Axel\u00bb, skrev han innledningsvis i bildeteksten.<\/p>\n<p>N\u00e5, snart tre m\u00e5neder senere, er d\u00f8ds\u00e5rsaken fastsl\u00e5tt, skriver <a href=\"https:\/\/people.com\/influencer-stacey-hatfield-cause-of-death-revealed-11836736\" rel=\"nofollow noopener\" target=\"_blank\">People.<\/a><\/p>\n<p class=\"font-weight-bold m-font-weight-bold\" data-lab-font_weight=\"font-weight-bold\">Onsdag 10. desember kunne Victorian Coroners Court meddele at 30 \u00e5r gamle Stacey d\u00f8de etter at det oppsto komplikasjoner under en bl\u00f8dning etter hjemmef\u00f8dselen. Stacey led av alvorlig blodtap, som til slutt f\u00f8rte til at livet ikke sto til \u00e5 redde.<\/p>\n<p>        <img loading=\"lazy\" decoding=\"async\" src=\"https:\/\/www.europesays.com\/no\/wp-content\/uploads\/2025\/12\/83965890.webp\" width=\"686\" height=\"755\" title=\"S\u00d8NDERKNUST: I en f\u00f8lelsesladd og lang tekst hyllet ektemannen sin avd\u00f8de kone. Foto: Skjermbilde: @naturalspoonfuls \/ Instagram\" alt=\"\" class=\"\" style=\"--aspect-ratio-image: 0.91; \"\/><\/p>\n<p>\n        S\u00d8NDERKNUST: I en f\u00f8lelsesladd og lang tekst hyllet ektemannen sin avd\u00f8de kone. Foto: Skjermbilde: @naturalspoonfuls \/ Instagram\n    <\/p>\n<p>        <img loading=\"lazy\" decoding=\"async\" src=\"https:\/\/www.europesays.com\/no\/wp-content\/uploads\/2025\/12\/83965964.webp\" width=\"686\" height=\"872\" title=\"TRAGEDIE: If\u00f8lge ektemannen elsket Stacey \u00e5 g\u00e5 gravid. Hun d\u00f8de etter komplikasjoner under en hjemmef\u00f8dsel. Foto: Skjermbilde: @naturalspoonfuls \/ Instagram\" alt=\"\" class=\"\" style=\"--aspect-ratio-image: 0.79; \"\/><\/p>\n<p>\n        TRAGEDIE: If\u00f8lge ektemannen elsket Stacey \u00e5 g\u00e5 gravid. Hun d\u00f8de etter komplikasjoner under en hjemmef\u00f8dsel. Foto: Skjermbilde: @naturalspoonfuls \/ Instagram\n    <\/p>\n<p>S\u00f8nnen Axel overlevde f\u00f8dselen, og er tilsynelatende en frisk liten gutt.\u00a0<\/p>\n<p class=\"font-weight-bold m-font-weight-bold\" data-lab-font_weight=\"font-weight-bold\">Men\u00a0Emily Lal, en som tidligere har assistert kvinner som har valgt hjemmef\u00f8dsler, var tilstede under f\u00f8dselen av Axel, og st\u00e5r n\u00e5 ovenfor sv\u00e6rt alvorlige anklager, if\u00f8lge <a href=\"https:\/\/www.abc.net.au\/news\/2025-12-10\/stacey-warnecke-free-birth-death-coroner-investigates\/106124514\" rel=\"nofollow noopener\" target=\"_blank\">ABC<\/a>.\u00a0<\/p>\n<p>        IKKE VENNER: Sebastian Solberg g\u00e5r hardt ut mot sine meddeltakere i den kommende sesongen av \u00abSpillet\u00bb. Influenseren r\u00f8per ogs\u00e5 hvorfor, like f\u00f8r \u00e9n av dem avbryter intervjuet med en uhyggelig beskjed. Reporter: Thea Hope. Video: Nora Skavhaug. \u00abSpillet\u00bb \/ TV2.<\/p>\n<p>Emily har i skrivende stund ikke gitt en uttalelse ang\u00e5ende Staceys bortgang, men det ble p\u00e5st\u00e5tt i retten at hun allerede hadde ryddet opp i huset sitt da politiet var p\u00e5 plass i boligen den p\u00e5f\u00f8lgende dagen.\u00a0<\/p>\n<p class=\"font-weight-bold m-font-weight-bold\" data-lab-font_weight=\"font-weight-bold\">Victoria&#8217;s Health Complaints Commissioner bekreftet i oktober at de hadde startet unders\u00f8kelser av Emily basert p\u00e5 informasjon de hadde mottatt.\u00a0<\/p>\n<p>    <a itemprop=\"url\" href=\"https:\/\/www.seher.no\/kjendis\/realitystjerne-42-dode-bratt\/83957449\" rel=\"nofollow noopener\" target=\"_blank\"><\/p>\n<p>        <img loading=\"lazy\" decoding=\"async\" src=\"https:\/\/www.europesays.com\/no\/wp-content\/uploads\/2025\/12\/83957463.webp\" width=\"147\" height=\"98\" title=\"Realitystjerne (42) d\u00f8de br\u00e5tt\" alt=\"\" class=\"lazyload\" style=\"--aspect-ratio-image: 1.50; \"\/><\/p>\n<p>        Realitystjerne (42) d\u00f8de br\u00e5tt<\/p>\n<p>    <\/a><\/p>\n<p class=\"font-weight-light m-font-weight-light\" data-lab-font_weight=\"font-weight-light\">Denne informasjonen p\u00e5sto at Emily tilrettela og \/ eller deltok i hjemmef\u00f8dsler som kunne sette b\u00e5de m\u00f8dre og de nyf\u00f8dte spedbarna i fare. Emily har siden blitt midlertidig utestengt fra \u00e5 gi helsetjenester if\u00f8lge\u00a0<a href=\"https:\/\/www.heraldsun.com.au\/subscribe\/news\/1\/?sourceCode=HSWEB_WRE170_a&amp;dest=https%3A%2F%2Fwww.heraldsun.com.au%2Fhealth%2Ffamily-health%2Fpregnancy%2Fdoula-cleaned-scene-of-freebirth-tragedy-before-police-arrival-court-hears%2Fnews-story%2Fa9684df524e5b0cb4bdd7d28a890ad1c&amp;memtype=anonymous&amp;mode=premium&amp;v21=GROUPA-Segment-1-NOSCORE\" rel=\"nofollow noopener\" target=\"_blank\">Herald Sun.<\/a><\/p>\n<p>        <img loading=\"lazy\" decoding=\"async\" src=\"https:\/\/www.europesays.com\/no\/wp-content\/uploads\/2025\/12\/83965923.webp\" width=\"686\" height=\"837\" title=\"ALENEFAR - OG ENKEMANN: Nathan har tatt fatt p\u00e5 rollen som nybakt pappa - samtidig som han s\u00f8rger over tapet av kona. Foto: Skjermbilde: @naturalspoonfuls \/ Instagram\" alt=\"\" class=\"\" style=\"--aspect-ratio-image: 0.82; \"\/><\/p>\n<p>\n        ALENEFAR &#8211; OG ENKEMANN: Nathan har tatt fatt p\u00e5 rollen som nybakt pappa &#8211; samtidig som han s\u00f8rger over tapet av kona. Foto: Skjermbilde: @naturalspoonfuls \/ Instagram\n    <\/p>\n<p>I retten ble det ogs\u00e5 sagt at Stacey ikke hadde stolt p\u00e5 det medisinske systemet etter covid-vaksinemandatene i 2021, og valgte derfor \u00e5 ikke motta helsehjelp under svangerskapet.<\/p>\n<p>Stacey skal ha f\u00f8dt s\u00f8nnen Axel klokken 03:00 om morgenen 29. september, og virket i utgangspunktet frisk, men begynte raskt \u00e5 f\u00f8le seg uvel. Hun skal ogs\u00e5 ha begynt \u00e5 bl\u00f8 kort tid etter f\u00f8dselen.<\/p>\n<p>        TILBAKE: J\u00f8rgine Massa Vasstrand og familien er tilbake i ny sesong av \u00abFunkyfam\u00bb. Video: \u00abFunkyfam\u00bb\/ TV 2<\/p>\n<p>Hun \u00f8nsket f\u00f8rst ikke at de kontaktet ambulanse, men gikk til slutt med p\u00e5 \u00e5 f\u00e5 hjelp av medisinsk personell en time etter f\u00f8dselen.<\/p>\n<p>Ambulansepersonellet skal ha ankommet boligen rundt 04:26, og Stacey skal da ha blitt funnet liggende p\u00e5 gulvet ved siden av bassenget som ble benyttet til f\u00f8dselen. Hun skal da ha v\u00e6rt gul i huden, oppr\u00f8rt og kortpustet.\u00a0<\/p>\n<p>        <img loading=\"lazy\" decoding=\"async\" src=\"https:\/\/www.europesays.com\/no\/wp-content\/uploads\/2025\/12\/83966320.webp\" width=\"686\" height=\"748\" title=\"POPUL\u00c6R: Stacey slo gjennom p\u00e5 nett ved \u00e5 fronte en livsstil med fokus p\u00e5 naturlige ingredienser. Hun startet selskapet Natural Spoonfuls i 2019, og fortsatte \u00e5 samarbeide med matmerker og dele egne oppskrifter. Hun bygde seg ogs\u00e5 opp en f\u00f8lgerskare p\u00e5 flere tusen p\u00e5 Instagram. Foto: Skjermbilde: @naturalspoonfuls \/ Instagram\" alt=\"\" class=\"\" style=\"--aspect-ratio-image: 0.92; \"\/><\/p>\n<p>\n        POPUL\u00c6R: Stacey slo gjennom p\u00e5 nett ved \u00e5 fronte en livsstil med fokus p\u00e5 naturlige ingredienser. Hun startet selskapet Natural Spoonfuls i 2019, og fortsatte \u00e5 samarbeide med matmerker og dele egne oppskrifter. Hun bygde seg ogs\u00e5 opp en f\u00f8lgerskare p\u00e5 flere tusen p\u00e5 Instagram. Foto: Skjermbilde: @naturalspoonfuls \/ Instagram\n    <\/p>\n<p>Stacey ankom Frankston sykehus to timer etter f\u00f8dselen. Hun skal da ha v\u00e6rt i en sv\u00e6rt kritisk tilstand. Hun skal s\u00e5 ha gjennomg\u00e5tt en rekke prosedyrer &#8211; inkludert en akutt hysterektomi.<\/p>\n<p>Under disse prosedyrene skal hun ha f\u00e5tt flere hjertestans &#8211; og d\u00f8de p\u00e5 intensivavdelingen rundt klokken 11. Bl\u00f8dningene hadde v\u00e6rt s\u00e5 alvorlige at sykehusforsyningen av blodtypen hennes var fullstendig oppbrukt.<\/p>\n<p>    <a itemprop=\"url\" href=\"https:\/\/www.seher.no\/kjendis\/deler-gripende-bilder\/83946631\" rel=\"nofollow noopener\" target=\"_blank\"><\/p>\n<p>        <img loading=\"lazy\" decoding=\"async\" src=\"https:\/\/www.europesays.com\/no\/wp-content\/uploads\/2025\/12\/83955643.webp\" width=\"147\" height=\"98\" title=\"Deler gripende bilder\" alt=\"\" class=\"lazyload\" style=\"--aspect-ratio-image: 1.50; \"\/><\/p>\n<p>        Deler gripende bilder<\/p>\n<p>    <\/a><\/p>\n<p class=\"font-weight-bold m-font-weight-bold\" data-lab-font_weight=\"font-weight-bold\">&#8211; Min rolle er \u00e5 se p\u00e5 hvordan hun d\u00f8de &#8211; og etablere et funn rundt disse faktaene, sa rettsmedisiner Therese McCarthy til ABC.\u00a0<\/p>\n<p class=\"font-weight-light m-font-weight-light\" data-lab-font_weight=\"font-weight-light\">McCarthy uttalte videre at hun vurderte om hun skulle avholde en offisiell h\u00f8ring om Staceys d\u00f8d.\u00a0<\/p>\n<p>Saken skal etter planen tilbake til retten i mars 2026.<\/p>\n","protected":false},"excerpt":{"rendered":"D\u00f8de etter hjemmef\u00f8dsel Den popul\u00e6re influenseren mistet livet etter en hjemmef\u00f8dsel. N\u00e5 er de rystende detaljene lekket.\u00a0 BLE&hellip;\n","protected":false},"author":2,"featured_media":109671,"comment_status":"","ping_status":"","sticky":false,"template":"","format":"standard","meta":{"footnotes":""},"categories":[58],"tags":[4104,71,479,4916,30,28,29,13539,72],"class_list":{"0":"post-109670","1":"post","2":"type-post","3":"status-publish","4":"format-standard","5":"has-post-thumbnail","7":"category-underholdning","8":"tag-eksklusivt","9":"tag-entertainment","10":"tag-kjendis","11":"tag-kjendisdodsfall","12":"tag-no","13":"tag-norge","14":"tag-norway","15":"tag-stacey-warnecke","16":"tag-underholdning"},"share_on_mastodon":{"url":"https:\/\/pubeurope.com\/@no\/115696958656901455","error":""},"_links":{"self":[{"href":"https:\/\/www.europesays.com\/no\/wp-json\/wp\/v2\/posts\/109670","targetHints":{"allow":["GET"]}}],"collection":[{"href":"https:\/\/www.europesays.com\/no\/wp-json\/wp\/v2\/posts"}],"about":[{"href":"https:\/\/www.europesays.com\/no\/wp-json\/wp\/v2\/types\/post"}],"author":[{"embeddable":true,"href":"https:\/\/www.europesays.com\/no\/wp-json\/wp\/v2\/users\/2"}],"replies":[{"embeddable":true,"href":"https:\/\/www.europesays.com\/no\/wp-json\/wp\/v2\/comments?post=109670"}],"version-history":[{"count":0,"href":"https:\/\/www.europesays.com\/no\/wp-json\/wp\/v2\/posts\/109670\/revisions"}],"wp:featuredmedia":[{"embeddable":true,"href":"https:\/\/www.europesays.com\/no\/wp-json\/wp\/v2\/media\/109671"}],"wp:attachment":[{"href":"https:\/\/www.europesays.com\/no\/wp-json\/wp\/v2\/media?parent=109670"}],"wp:term":[{"taxonomy":"category","embeddable":true,"href":"https:\/\/www.europesays.com\/no\/wp-json\/wp\/v2\/categories?post=109670"},{"taxonomy":"post_tag","embeddable":true,"href":"https:\/\/www.europesays.com\/no\/wp-json\/wp\/v2\/tags?post=109670"}],"curies":[{"name":"wp","href":"https:\/\/api.w.org\/{rel}","templated":true}]}}