{"id":109676,"date":"2025-12-10T19:43:12","date_gmt":"2025-12-10T19:43:12","guid":{"rendered":"https:\/\/www.europesays.com\/no\/109676\/"},"modified":"2025-12-10T19:43:12","modified_gmt":"2025-12-10T19:43:12","slug":"bytter-navn-helt-i-olav-thon-sin-and-mn24-no","status":"publish","type":"post","link":"https:\/\/www.europesays.com\/no\/109676\/","title":{"rendered":"Bytter navn: \u2013 Helt i Olav Thon sin \u00e5nd &#8211; mn24.no"},"content":{"rendered":"<ol>\n<li><a href=\"https:\/\/news.google.com\/rss\/articles\/CBMiX0FVX3lxTE5VeWZCU3BiV21OSEw3SjB6RWVtN3lnaHo5VXdrQXBsLVhDNk92LW9zakd0Qi1VV0tHdDQwLUdEQ3dxaEZyWU5DRUZGcFc4RTlOS0tJQmo2UFktZlhiZ0pn?oc=5\" target=\"_blank\" rel=\"nofollow noopener\">Bytter navn: \u2013 Helt i Olav Thon sin \u00e5nd<\/a>&nbsp;&nbsp;mn24.no<\/li>\n<li><a href=\"https:\/\/news.google.com\/rss\/articles\/CBMickFVX3lxTE5va19ETG9ZTzFmakpDRWxOR3o2RDdEV0ZVbFNqZ2ZDVk92ZGJSRzJRWnJsYWtiYUdDd053RGNSSW10UVJRQUtrbWM1Vmp4RHAzVVFDQ3MteW9fcTZtbUw1Z05MZlNVTGk1SXltTWtPbW4yZw?oc=5\" target=\"_blank\" rel=\"nofollow noopener\">Steinkjer, Verdal | Amfi er historie \u2013 skifter navn<\/a>&nbsp;&nbsp;Tr\u00f8nder-Avisa<\/li>\n<li><a href=\"https:\/\/news.google.com\/rss\/articles\/CBMihwFBVV95cUxPU3BybWlmQ0dDZ1ZlNEFmOTVWVTJ0NFpnQ2JvaGVFNEphcnB2UUNNUGphSUpmVzJRS3NCNlJvZVNJWXpMYk1iYk92eVFsUFhCOUdrYWJtOWRsVjBiblNrbXNKQzV1RjR0ZnlTVjRoZUphWkF3dl91anloUkZYUVNnZzVxSW53U0k?oc=5\" target=\"_blank\" rel=\"nofollow noopener\">N\u00e6ringsliv, Dr\u00f8bak | Flere reagerer p\u00e5 det nye navnet: \u2013 Hva er vitsen?<\/a>&nbsp;&nbsp;Akershus Amtstidende<\/li>\n<li><a href=\"https:\/\/news.google.com\/rss\/articles\/CBMitwFBVV95cUxPLUxvUnRrQkdia1JPNXI2N0M4SjBzdnZxb1ZuUTN2NWpCeVU4NE15ME1zX0tHVWMwOVdxZk5vWFdrcDBndTZWbnpjcG1kdU1jYnJoQTJ3UmtkbE82N3EzS2kyOXpZaTgtT2dVOS03dkFBTi1ESGlBamotdGF2WkhBZG40MjQ4eEZOZnl0WEJYd2czN0JDSDNreXg3QmNuUVFTaDVyZEJXbjltdHVQcXF3U3FrUEN5dGc?oc=5\" target=\"_blank\" rel=\"nofollow noopener\">Nyheter, R\u00e5holt | Navneendringen p\u00e5 kj\u00f8pesenteret vekker reaksjoner: \u2013 For oss heter det R\u00e5holtsenteret<\/a>&nbsp;&nbsp;Eidsvoll Ullensaker Blad<\/li>\n<li><a href=\"https:\/\/news.google.com\/rss\/articles\/CBMiggFBVV95cUxNVlZSdHNMVzJwUVpLRk5DWjFlb1hyOUI3cGZXbjlHaG8zY0tjbDZCZW1HeUxTQ3pBMVBjS2x6ZUR0ZWoyOFhENGVfd1F4Y0IzdTJOSk1uN3diVWdINnZCem5heVhmaWYxNXdDQ2FESDY1RWg4bjVYVm1VUjlMZ3FGOVJR?oc=5\" target=\"_blank\" rel=\"nofollow noopener\">Elverum, \u00d8konomi og n\u00e6ringsliv | Amfi bytter navn og vokser videre<\/a>&nbsp;&nbsp;\u00d8stlendingen<\/li>\n<\/ol>\n","protected":false},"excerpt":{"rendered":"Bytter navn: \u2013 Helt i Olav Thon sin \u00e5nd&nbsp;&nbsp;mn24.no Steinkjer, Verdal | Amfi er historie \u2013 skifter navn&nbsp;&nbsp;Tr\u00f8nder-Avisa&hellip;\n","protected":false},"author":2,"featured_media":109677,"comment_status":"","ping_status":"","sticky":false,"template":"","format":"standard","meta":{"footnotes":""},"categories":[5],"tags":[13541,20,21,24,25,15,19,1372,22,23,17,18,4263,13,30,28,29,14,13540,16,26,27,2133],"class_list":{"0":"post-109676","1":"post","2":"type-post","3":"status-publish","4":"format-standard","5":"has-post-thumbnail","7":"category-overskrifter","8":"tag-amfi-verdal","9":"tag-breaking-news","10":"tag-breakingnews","11":"tag-featured-news","12":"tag-featurednews","13":"tag-headlines","14":"tag-hovedoppslag","15":"tag-kjopesenter","16":"tag-latest-news","17":"tag-latestnews","18":"tag-main-news","19":"tag-mainnews","20":"tag-markedsforing","21":"tag-news","22":"tag-no","23":"tag-norge","24":"tag-norway","25":"tag-nyheter","26":"tag-olav-thon","27":"tag-overskrifter","28":"tag-top-stories","29":"tag-topstories","30":"tag-verdal"},"share_on_mastodon":{"url":"https:\/\/pubeurope.com\/@no\/115696985894382319","error":""},"_links":{"self":[{"href":"https:\/\/www.europesays.com\/no\/wp-json\/wp\/v2\/posts\/109676","targetHints":{"allow":["GET"]}}],"collection":[{"href":"https:\/\/www.europesays.com\/no\/wp-json\/wp\/v2\/posts"}],"about":[{"href":"https:\/\/www.europesays.com\/no\/wp-json\/wp\/v2\/types\/post"}],"author":[{"embeddable":true,"href":"https:\/\/www.europesays.com\/no\/wp-json\/wp\/v2\/users\/2"}],"replies":[{"embeddable":true,"href":"https:\/\/www.europesays.com\/no\/wp-json\/wp\/v2\/comments?post=109676"}],"version-history":[{"count":0,"href":"https:\/\/www.europesays.com\/no\/wp-json\/wp\/v2\/posts\/109676\/revisions"}],"wp:featuredmedia":[{"embeddable":true,"href":"https:\/\/www.europesays.com\/no\/wp-json\/wp\/v2\/media\/109677"}],"wp:attachment":[{"href":"https:\/\/www.europesays.com\/no\/wp-json\/wp\/v2\/media?parent=109676"}],"wp:term":[{"taxonomy":"category","embeddable":true,"href":"https:\/\/www.europesays.com\/no\/wp-json\/wp\/v2\/categories?post=109676"},{"taxonomy":"post_tag","embeddable":true,"href":"https:\/\/www.europesays.com\/no\/wp-json\/wp\/v2\/tags?post=109676"}],"curies":[{"name":"wp","href":"https:\/\/api.w.org\/{rel}","templated":true}]}}