{"id":109681,"date":"2025-12-10T19:52:10","date_gmt":"2025-12-10T19:52:10","guid":{"rendered":"https:\/\/www.europesays.com\/no\/109681\/"},"modified":"2025-12-10T19:52:10","modified_gmt":"2025-12-10T19:52:10","slug":"usa-har-tatt-beslag-i-oljetanker-utenfor-venezuela-melder-bloomberg","status":"publish","type":"post","link":"https:\/\/www.europesays.com\/no\/109681\/","title":{"rendered":"USA har tatt beslag i oljetanker utenfor Venezuela, melder Bloomberg"},"content":{"rendered":"\n<p class=\"_lead_o9xde_2 _lead_xtcu6_50 layout-component text-serif-m layout-normal text-serif-l layout-component layout-wide layout-padded _wide_17hqh_1 layout-padded\">Amerikanske styrker har avsk\u00e5ret og tatt beslag i en oljetanker utenfor kysten av Venezuela, sier kilder med kjennskap til saken til Bloomberg.<\/p>\n<p><img alt=\"Amerikanske styrker under \u00f8velse p\u00e5 en base i Puerto Rico 1. desember. Trump-administrasjonen har fortsatt \u00e5 angripe det de mistenker er smuglerb\u00e5ter fra Venezuela.  Foto: MIGUEL J. RODRIGUEZ CARRILLO \/ AFP \/ NTB\" class=\"_image_qp4xg_65 layout-component layout-wide\" data-fullscreen- data-track-element-type=\"Article image fullscreen\" data-track-name=\"ImageFullscreen\" fetchpriority=\"high\" decoding=\"sync\" loading=\"eager\" height=\"3333\" itemprop=\"image\"  src=\"https:\/\/www.europesays.com\/no\/wp-content\/uploads\/2025\/12\/11a06eee-bf25-44ef-ad41-b1cb1371ca51\"  style=\"object-position:0% 0%\" width=\"5000\"\/>Amerikanske styrker under \u00f8velse p\u00e5 en base i Puerto Rico 1. desember. Trump-administrasjonen har fortsatt \u00e5 angripe det de mistenker er smuglerb\u00e5ter fra Venezuela.  Foto: MIGUEL J. RODRIGUEZ CARRILLO \/ AFP \/ NTB<\/p>\n<ul aria-hidden=\"true\" class=\"_images_ntbth_112\">\n<li><a class=\"_link_ntbth_117\" href=\"https:\/\/www.vg.no\/forfatter\/ntb\" style=\"z-index:2\" title=\"NTB\" rel=\"nofollow noopener\" target=\"_blank\"><img alt=\"Bilde av NTB\" class=\"_image_ntbth_93\" fetchpriority=\"low\" loading=\"lazy\" decoding=\"async\" itemprop=\"image\"  src=\"https:\/\/www.europesays.com\/no\/wp-content\/uploads\/2025\/12\/1765396329_139_c33980b0-5d07-4027-84a1-813f90a7c8d6\"  width=\"480\"\/><\/a><\/li>\n<li><a class=\"_link_ntbth_117\" href=\"https:\/\/www.vg.no\/forfatter\/joern-e-kaalstad\" style=\"z-index:1\" title=\"J\u00f8rn E. Kaalstad\" rel=\"nofollow noopener\" target=\"_blank\"><img alt=\"Bilde av J\u00f8rn E. Kaalstad\" class=\"_image_ntbth_93\" fetchpriority=\"low\" loading=\"lazy\" decoding=\"async\" itemprop=\"image\"  src=\"https:\/\/www.europesays.com\/no\/wp-content\/uploads\/2025\/12\/1765396330_333_669373df-e8fd-4864-880f-5035f6f30b0b\"  width=\"480\"\/><\/a><\/li>\n<\/ul>\n<p> Oppdatert onsdag 10. desember kl. 20:46     <\/p>\n<p class=\"_paragraph_o9xde_4 _paragraph_xtcu6_10 layout-component text-serif-m layout-normal text-serif-m layout-padded\">If\u00f8lge <a href=\"https:\/\/www.bloomberg.com\/news\/articles\/2025-12-10\/us-seizes-oil-tanker-off-the-coast-of-venezuela?srnd=phx-latinamerica\" class=\"_link_o9xde_39\" rel=\"nofollow noopener\" target=\"_blank\">nyhetsbyr\u00e5et <\/a> markerer det en betydelig eskalering av den spente situasjonen mellom landene.<\/p>\n<p class=\"_paragraph_o9xde_4 _paragraph_xtcu6_10 layout-component text-serif-m layout-normal text-serif-m layout-padded\">Det hvite hus har forel\u00f8pig ikke besvart Bloombergs henvendelse om en kommentar. Det har heller ikke <a href=\"https:\/\/www.vg.no\/tag\/venezuela?utm_source=vg-article&amp;utm_medium=auto-tagger&amp;utm_campaign=WvL37a\" class=\"_link_o9xde_39\" rel=\"nofollow noopener\" target=\"_blank\">Venezuelas<\/a> statlige oljeselskap eller landets departementer for olje og for informasjon.<\/p>\n<p class=\"_paragraph_o9xde_4 _paragraph_xtcu6_10 layout-component text-serif-m layout-normal text-serif-m layout-padded\">Opptrappingen kan gj\u00f8re det utfordrende for Venezuela \u00e5 eksportere olje ettersom handelspartnere, blant annet Kina, kan bli mer tilbakeholdne med \u00e5 laste opp skipene i omr\u00e5det.<\/p>\n<p>Aktiver kart<\/p>\n<p class=\"_paragraph_o9xde_4 _paragraph_xtcu6_10 layout-component text-serif-m layout-normal text-serif-m layout-padded\">I f\u00f8lge nyhetsbyr\u00e5et Reuters eksporterte Venezuela mer enn 900 000 fat olje per dag forrige m\u00e5ned, det tredje h\u00f8yeste m\u00e5nedsgjennomsnittet s\u00e5 langt i \u00e5r.<\/p>\n<p class=\"_paragraph_o9xde_4 _paragraph_xtcu6_10 layout-component text-serif-m layout-normal text-serif-m layout-padded\">Oljeeksport er Venezuelas viktigste inntektskilde, men i f\u00f8lge Reuters sliter landet med \u00e5 selge r\u00e5oljen sin til full pris i Kina, hoveddestinasjonen for oljeeksporten, p\u00e5 grunn av \u00f8kende konkurranse med sanksjonert olje fra Russland og Iran.<\/p>\n","protected":false},"excerpt":{"rendered":"Amerikanske styrker har avsk\u00e5ret og tatt beslag i en oljetanker utenfor kysten av Venezuela, sier kilder med kjennskap&hellip;\n","protected":false},"author":2,"featured_media":109682,"comment_status":"","ping_status":"","sticky":false,"template":"","format":"standard","meta":{"footnotes":""},"categories":[12],"tags":[20,21,24,25,15,22,23,13,30,28,29,14,16,26,27,50,95,42,43,44,45],"class_list":{"0":"post-109681","1":"post","2":"type-post","3":"status-publish","4":"format-standard","5":"has-post-thumbnail","7":"category-verden","8":"tag-breaking-news","9":"tag-breakingnews","10":"tag-featured-news","11":"tag-featurednews","12":"tag-headlines","13":"tag-latest-news","14":"tag-latestnews","15":"tag-news","16":"tag-no","17":"tag-norge","18":"tag-norway","19":"tag-nyheter","20":"tag-overskrifter","21":"tag-top-stories","22":"tag-topstories","23":"tag-usa","24":"tag-venezuela","25":"tag-verden","26":"tag-world","27":"tag-world-news","28":"tag-worldnews"},"share_on_mastodon":{"url":"","error":""},"_links":{"self":[{"href":"https:\/\/www.europesays.com\/no\/wp-json\/wp\/v2\/posts\/109681","targetHints":{"allow":["GET"]}}],"collection":[{"href":"https:\/\/www.europesays.com\/no\/wp-json\/wp\/v2\/posts"}],"about":[{"href":"https:\/\/www.europesays.com\/no\/wp-json\/wp\/v2\/types\/post"}],"author":[{"embeddable":true,"href":"https:\/\/www.europesays.com\/no\/wp-json\/wp\/v2\/users\/2"}],"replies":[{"embeddable":true,"href":"https:\/\/www.europesays.com\/no\/wp-json\/wp\/v2\/comments?post=109681"}],"version-history":[{"count":0,"href":"https:\/\/www.europesays.com\/no\/wp-json\/wp\/v2\/posts\/109681\/revisions"}],"wp:featuredmedia":[{"embeddable":true,"href":"https:\/\/www.europesays.com\/no\/wp-json\/wp\/v2\/media\/109682"}],"wp:attachment":[{"href":"https:\/\/www.europesays.com\/no\/wp-json\/wp\/v2\/media?parent=109681"}],"wp:term":[{"taxonomy":"category","embeddable":true,"href":"https:\/\/www.europesays.com\/no\/wp-json\/wp\/v2\/categories?post=109681"},{"taxonomy":"post_tag","embeddable":true,"href":"https:\/\/www.europesays.com\/no\/wp-json\/wp\/v2\/tags?post=109681"}],"curies":[{"name":"wp","href":"https:\/\/api.w.org\/{rel}","templated":true}]}}