{"id":109695,"date":"2025-12-10T20:12:10","date_gmt":"2025-12-10T20:12:10","guid":{"rendered":"https:\/\/www.europesays.com\/no\/109695\/"},"modified":"2025-12-10T20:12:10","modified_gmt":"2025-12-10T20:12:10","slug":"person-omkom-i-trafikkulykke","status":"publish","type":"post","link":"https:\/\/www.europesays.com\/no\/109695\/","title":{"rendered":"Person omkom i trafikkulykke"},"content":{"rendered":"<p class=\"kicker t20\" style=\"\">Nobels fredspris:\u00a0<\/p>\n<p>  Mar\u00eda Machado er p\u00e5 plass i Norge rundt midnatt, if\u00f8lge datteren.\u00a0Et privatfly er p\u00e5 vei fra Cura\u00e7ao til Oslo via USA.\u00a0<\/p>\n<p>\n    TIL OSLO: Dette flyet reiser fra Cura\u00e7ao til Oslo via USA og lander p\u00e5 Gardermoen rundt midnatt. Foto: Skjermdump \/ Flightradar24\n  <\/p>\n<p>Nobelprisvinner Mar\u00eda Corina Machado skal v\u00e6re p\u00e5 vei til <a href=\"https:\/\/www.dagbladet.no\/nyheter\/fredsprisvinner-kommer-til-oslo\/83962618\" target=\"_blank\" rel=\"nofollow noopener\">Oslo.<\/a> Men s\u00e5 langt har ingen kunnet bekrefte n\u00e5r hun kommer.<\/p>\n<p>Onsdag skriver den amerikanske storavisa\u00a0<a href=\"https:\/\/www.wsj.com\/world\/americas\/venezuelas-machado-wont-receive-nobel-peace-prize-in-person-says-nobel-official-d365962d?st=1wCNcE\" target=\"_blank\" rel=\"nofollow noopener\">The Wall Street Journal<\/a>\u00a0at Machado tirsdag forlot Venezuela med b\u00e5t, og at hun derfra reiste sj\u00f8veien til den karibiske \u00f8ya Cura\u00e7ao.\u00a0<\/p>\n<p>Avisa viser til ikke navngitte myndighetskilder\u00a0<\/p>\n<p>Tidlig onsdag morgen lettet et privatfly fra Cura\u00e7ao, if\u00f8lge \u00e5pne data fra nettstedet Flightradar24.\u00a0<\/p>\n<p>Klokka 10.25 lokal tid landet flyet p\u00e5 Bangor International Airport i Maine p\u00e5 USAs \u00f8stkyst. Litt over en time seinere lettet det igjen &#8211; med kurs mot Oslo, hvor det ansl\u00e5s \u00e5 lande rundt midnatt norsk tid.\u00a0<\/p>\n<p>Dagbladet har ikke lyktes med \u00e5 verifisere at Machado befinner seg p\u00e5 dette flyet.\u00a0<\/p>\n<p>Dagbladet f\u00e5r imidlertid opplyst at dette ikke er en hyppig brukt rute for fly som lander p\u00e5 Gardermoen.<\/p>\n<p>I et videointervju publisert p\u00e5 <a href=\"https:\/\/www.instagram.com\/reel\/DSF7o-kgUTA\/?igsh=MTFoOHJqMHN2aXA2dQ%3D%3D\" rel=\"nofollow noopener\" target=\"_blank\">Instagram<\/a>-profilen til den venezuelanske journalisten Carla Angola sier Ana Corina Sosa, Machados datter, at hun h\u00e5per at moren er p\u00e5 plass i Norge \u00ab rundt klokken 12 eller litt senere\u00bb.\u00a0<\/p>\n<p>&#8211; Machado er p\u00e5 vei i fly til Norge, bekrefter pressesjef Erik Aasheim ved Nobelinstituttet til NTB.<\/p>\n<p>        <img loading=\"lazy\" decoding=\"async\" src=\"https:\/\/www.europesays.com\/no\/wp-content\/uploads\/2025\/12\/83967358.webp\" width=\"980\" height=\"559\" title=\"PRIVATJET: Her kan vi se flyet f\u00f8rst fly fra den Karibiske \u00f8ya Curacao til Main i USA. Foto: Skjermdump \/ Flightradar24\" alt=\"\" class=\"\" style=\"--aspect-ratio-image: 1.75; \"\/><\/p>\n<p>\n        PRIVATJET: Her kan vi se flyet f\u00f8rst fly fra den Karibiske \u00f8ya Curacao til Main i USA. Foto: Skjermdump \/ Flightradar24\n    <\/p>\n<p>Da Dagbladet var i kontakt med politiet tidligere onsdag kveld, ville de ikke bekrefte om de har kjennskap til at Nobelprisvinneren sitter i det aktuelle flyet.<\/p>\n<p>De ville heller ikke uttale seg om hvorvidt de har \u00f8kt tilstedev\u00e6relse p\u00e5 Oslo lufthavn i det aktuelle tidsrommet.\u00a0<\/p>\n<p>Avinors pressekontakt vil heller ikke uttale seg om saken.<\/p>\n<p>Nobelkomiteens pressekontakt har ikke besvart Dagbladets henvendelser.<\/p>\n<p>Nobelprisvinneren skulle egentlig v\u00e6rt i Oslo onsdag for \u00e5 ta imot Nobels fredspris.<\/p>\n<p>Morgendagens plan for fredsprisvinneren tilsier at hun skal v\u00e6re p\u00e5 plass i Oslo til tidlig torsdags morgen.<\/p>\n<p>Hun skal etter planen bes\u00f8ke Stortinget og m\u00f8te stortingspresident Masud Gharahkani klokka 08.20.<\/p>\n<p>Etter det skal hun m\u00f8te statsminister Jonas Gahr St\u00f8re klokka 09.45.<\/p>\n<p><script async src=\"\/\/www.instagram.com\/embed.js\"><\/script><\/p>\n","protected":false},"excerpt":{"rendered":"Nobels fredspris:\u00a0 Mar\u00eda Machado er p\u00e5 plass i Norge rundt midnatt, if\u00f8lge datteren.\u00a0Et privatfly er p\u00e5 vei fra&hellip;\n","protected":false},"author":2,"featured_media":109696,"comment_status":"","ping_status":"","sticky":false,"template":"","format":"standard","meta":{"footnotes":""},"categories":[12],"tags":[20,21,24,25,15,2539,22,23,13,30,28,29,14,16,26,27,42,43,44,45],"class_list":{"0":"post-109695","1":"post","2":"type-post","3":"status-publish","4":"format-standard","5":"has-post-thumbnail","7":"category-verden","8":"tag-breaking-news","9":"tag-breakingnews","10":"tag-featured-news","11":"tag-featurednews","12":"tag-headlines","13":"tag-innenriks","14":"tag-latest-news","15":"tag-latestnews","16":"tag-news","17":"tag-no","18":"tag-norge","19":"tag-norway","20":"tag-nyheter","21":"tag-overskrifter","22":"tag-top-stories","23":"tag-topstories","24":"tag-verden","25":"tag-world","26":"tag-world-news","27":"tag-worldnews"},"share_on_mastodon":{"url":"https:\/\/pubeurope.com\/@no\/115697100326187770","error":""},"_links":{"self":[{"href":"https:\/\/www.europesays.com\/no\/wp-json\/wp\/v2\/posts\/109695","targetHints":{"allow":["GET"]}}],"collection":[{"href":"https:\/\/www.europesays.com\/no\/wp-json\/wp\/v2\/posts"}],"about":[{"href":"https:\/\/www.europesays.com\/no\/wp-json\/wp\/v2\/types\/post"}],"author":[{"embeddable":true,"href":"https:\/\/www.europesays.com\/no\/wp-json\/wp\/v2\/users\/2"}],"replies":[{"embeddable":true,"href":"https:\/\/www.europesays.com\/no\/wp-json\/wp\/v2\/comments?post=109695"}],"version-history":[{"count":0,"href":"https:\/\/www.europesays.com\/no\/wp-json\/wp\/v2\/posts\/109695\/revisions"}],"wp:featuredmedia":[{"embeddable":true,"href":"https:\/\/www.europesays.com\/no\/wp-json\/wp\/v2\/media\/109696"}],"wp:attachment":[{"href":"https:\/\/www.europesays.com\/no\/wp-json\/wp\/v2\/media?parent=109695"}],"wp:term":[{"taxonomy":"category","embeddable":true,"href":"https:\/\/www.europesays.com\/no\/wp-json\/wp\/v2\/categories?post=109695"},{"taxonomy":"post_tag","embeddable":true,"href":"https:\/\/www.europesays.com\/no\/wp-json\/wp\/v2\/tags?post=109695"}],"curies":[{"name":"wp","href":"https:\/\/api.w.org\/{rel}","templated":true}]}}