{"id":109719,"date":"2025-12-10T20:35:17","date_gmt":"2025-12-10T20:35:17","guid":{"rendered":"https:\/\/www.europesays.com\/no\/109719\/"},"modified":"2025-12-10T20:35:17","modified_gmt":"2025-12-10T20:35:17","slug":"hendelser-trafikkulykke-larvik-alvorlig-trafikkulykke","status":"publish","type":"post","link":"https:\/\/www.europesays.com\/no\/109719\/","title":{"rendered":"Hendelser, Trafikkulykke | Larvik: Alvorlig trafikkulykke"},"content":{"rendered":"\n<p><b>SISTE:<\/b> I en oppdatering klokken 19.32 melder politiet at dette er en alvorlig ulykke og \u00e5stedet er sperret. Det er krimteknikere p\u00e5 vei for \u00e5 se p\u00e5 \u00e5stedet sammen med ulykkesunders\u00f8kere fra Statens Vegvesen. Politiet har snakket med f\u00f8rer av kj\u00f8ret\u00f8yet, samt vitner til hendelsen. <\/p>\n<p>Klokken 17.39, tirsdag ettermiddag, fikk n\u00f8detatene melding om en ulykke Tj\u00f8llingveien i Larvik. En person er blitt truffet av en personbil og det p\u00e5g\u00e5r hjerte og lungeredning p\u00e5 stedet.<\/p>\n<p>Operasjonsleder Inge Omli Landsr\u00f8d hos S\u00f8r-\u00d8st politidistrikt opplyser at n\u00f8detatene er fremme p\u00e5 stedet. Ambulansen har hatt over pasienten og et redningshelikopter er p\u00e5 vei til stedet. <\/p>\n<p>hendelsen skal ha skjedd i n\u00e6rheten av Tj\u00f8lling kirke. <\/p>\n<p>Trafikken er sperret av i begge retninger p\u00e5 Tj\u00f8llingveien.<\/p>\n<p>Artikkelen oppdateres. <\/p>\n","protected":false},"excerpt":{"rendered":"SISTE: I en oppdatering klokken 19.32 melder politiet at dette er en alvorlig ulykke og \u00e5stedet er sperret.&hellip;\n","protected":false},"author":2,"featured_media":1273,"comment_status":"","ping_status":"","sticky":false,"template":"","format":"standard","meta":{"footnotes":""},"categories":[10],"tags":[36,20,21,24,25,15,168,113,22,23,13,30,28,29,14,16,1510,26,27,666],"class_list":{"0":"post-109719","1":"post","2":"type-post","3":"status-publish","4":"format-standard","5":"has-post-thumbnail","7":"category-norge","8":"tag-art","9":"tag-breaking-news","10":"tag-breakingnews","11":"tag-featured-news","12":"tag-featurednews","13":"tag-headlines","14":"tag-hendelser","15":"tag-larvik","16":"tag-latest-news","17":"tag-latestnews","18":"tag-news","19":"tag-no","20":"tag-norge","21":"tag-norway","22":"tag-nyheter","23":"tag-overskrifter","24":"tag-story","25":"tag-top-stories","26":"tag-topstories","27":"tag-trafikkulykke"},"share_on_mastodon":{"url":"https:\/\/pubeurope.com\/@no\/115697190381965283","error":""},"_links":{"self":[{"href":"https:\/\/www.europesays.com\/no\/wp-json\/wp\/v2\/posts\/109719","targetHints":{"allow":["GET"]}}],"collection":[{"href":"https:\/\/www.europesays.com\/no\/wp-json\/wp\/v2\/posts"}],"about":[{"href":"https:\/\/www.europesays.com\/no\/wp-json\/wp\/v2\/types\/post"}],"author":[{"embeddable":true,"href":"https:\/\/www.europesays.com\/no\/wp-json\/wp\/v2\/users\/2"}],"replies":[{"embeddable":true,"href":"https:\/\/www.europesays.com\/no\/wp-json\/wp\/v2\/comments?post=109719"}],"version-history":[{"count":0,"href":"https:\/\/www.europesays.com\/no\/wp-json\/wp\/v2\/posts\/109719\/revisions"}],"wp:featuredmedia":[{"embeddable":true,"href":"https:\/\/www.europesays.com\/no\/wp-json\/wp\/v2\/media\/1273"}],"wp:attachment":[{"href":"https:\/\/www.europesays.com\/no\/wp-json\/wp\/v2\/media?parent=109719"}],"wp:term":[{"taxonomy":"category","embeddable":true,"href":"https:\/\/www.europesays.com\/no\/wp-json\/wp\/v2\/categories?post=109719"},{"taxonomy":"post_tag","embeddable":true,"href":"https:\/\/www.europesays.com\/no\/wp-json\/wp\/v2\/tags?post=109719"}],"curies":[{"name":"wp","href":"https:\/\/api.w.org\/{rel}","templated":true}]}}