{"id":109740,"date":"2025-12-10T20:55:52","date_gmt":"2025-12-10T20:55:52","guid":{"rendered":"https:\/\/www.europesays.com\/no\/109740\/"},"modified":"2025-12-10T20:55:52","modified_gmt":"2025-12-10T20:55:52","slug":"thailand-nordmann-domt-for-drapsforsok","status":"publish","type":"post","link":"https:\/\/www.europesays.com\/no\/109740\/","title":{"rendered":"Thailand: Nordmann d\u00f8mt for drapsfors\u00f8k"},"content":{"rendered":"<p class=\"kicker \" style=\"\">Opplysninger til Dagbladet:<\/p>\n<p>  Mannen i 50-\u00e5ra ble tirsdag d\u00f8mt til seks \u00e5rs fengsel etter \u00e5 ha skutt mot kona med armbr\u00f8st, f\u00e5r Dagbladet opplyst.\u00a0<\/p>\n<p>Hendelsen skjedde i ekteparets felles hjem p\u00e5 den popul\u00e6re \u00f8ya Koh Samui i Thailand natt til 20. juni i \u00e5r.<\/p>\n<p>Kvinnen skal ha sett p\u00e5 film sammen med en venn da mannen kom inn i rommet. Han skal da ha v\u00e6rt sv\u00e6rt beruset &#8211; og sint. Det f\u00f8rte til at kvinnen ringte n\u00f8dnummeret.<\/p>\n<p>Mens hun snakket med politiet, skj\u00f8t mannen etter henne med armbr\u00f8st &#8211; og pila traff mobiltelefonen hun holdt mot venstre \u00f8re. Hun ble ikke fysisk skadd.<\/p>\n<p data-lab-font_weight=\"\">I midten av oktober ble saken behandlet av Koh Samui Provincial Court. Under rettssaken erkjente mannen straffskyld, if\u00f8lge Dagbladets opplysninger.<\/p>\n<p data-lab-font_weight=\"font-weight-bold\" class=\"font-weight-bold m-font-weight-bold\">Tirsdag ble nordmannen d\u00f8mt til seks \u00e5rs fengsel for drapsfors\u00f8k mot kvinnen.<\/p>\n<p>        <img loading=\"lazy\" decoding=\"async\" src=\"https:\/\/www.europesays.com\/no\/wp-content\/uploads\/2025\/12\/83963517.webp\" width=\"686\" height=\"460\" title=\"FERIEPARADIS: Koh Samui er en popul\u00e6r feriedestinasjon for nordmenn. Foto: Shutterstock \/ NTB\" alt=\"\" class=\"\" style=\"--aspect-ratio-image: 1.49; \"\/><\/p>\n<p>\n        FERIEPARADIS: Koh Samui er en popul\u00e6r feriedestinasjon for nordmenn. Foto: Shutterstock \/ NTB\n    <\/p>\n<p data-lab-font_weight=\"\">&#8211; Jeg synes\u00a0det var litt lite, men s\u00e5nn er det. Jeg er bare glad for at han blir straffet, sier kvinnen til Dagbladet kort tid etter at hun ble formidlet dommen.\u00a0<\/p>\n<p>Dagbladet har tidligere i sommer v\u00e6rt\u00a0<a href=\"https:\/\/www.dagbladet.no\/nyheter\/nordmann-pagrepet-i-thailand\/83260393\" rel=\"nofollow noopener\" target=\"_blank\">i kontakt med personer tett p\u00e5 saken<\/a>. Mannen og kvinnen er begge norske statsborgere, og har v\u00e6rt gift i mange \u00e5r, if\u00f8lge Dagbladets opplysninger.\u00a0<\/p>\n<p>Etter hendelsen forlot mannen \u00e5stedet. Mandag 23. juni ble det utstedt en arrestordre, og fire dager etter hendelsen ble han p\u00e5grepet p\u00e5 en bussterminal.<\/p>\n<p>Det har forel\u00f8pig ikke lyktes Dagbladet \u00e5 f\u00e5 en kommentar fra tingretten p\u00e5 den popul\u00e6re ferie\u00f8ya.\u00a0<\/p>\n","protected":false},"excerpt":{"rendered":"Opplysninger til Dagbladet: Mannen i 50-\u00e5ra ble tirsdag d\u00f8mt til seks \u00e5rs fengsel etter \u00e5 ha skutt mot&hellip;\n","protected":false},"author":2,"featured_media":109741,"comment_status":"","ping_status":"","sticky":false,"template":"","format":"standard","meta":{"footnotes":""},"categories":[12],"tags":[20,21,24,25,15,22,23,13,30,28,29,14,16,26,27,412,42,43,44,45],"class_list":{"0":"post-109740","1":"post","2":"type-post","3":"status-publish","4":"format-standard","5":"has-post-thumbnail","7":"category-verden","8":"tag-breaking-news","9":"tag-breakingnews","10":"tag-featured-news","11":"tag-featurednews","12":"tag-headlines","13":"tag-latest-news","14":"tag-latestnews","15":"tag-news","16":"tag-no","17":"tag-norge","18":"tag-norway","19":"tag-nyheter","20":"tag-overskrifter","21":"tag-top-stories","22":"tag-topstories","23":"tag-utenriks","24":"tag-verden","25":"tag-world","26":"tag-world-news","27":"tag-worldnews"},"share_on_mastodon":{"url":"https:\/\/pubeurope.com\/@no\/115697273148536019","error":""},"_links":{"self":[{"href":"https:\/\/www.europesays.com\/no\/wp-json\/wp\/v2\/posts\/109740","targetHints":{"allow":["GET"]}}],"collection":[{"href":"https:\/\/www.europesays.com\/no\/wp-json\/wp\/v2\/posts"}],"about":[{"href":"https:\/\/www.europesays.com\/no\/wp-json\/wp\/v2\/types\/post"}],"author":[{"embeddable":true,"href":"https:\/\/www.europesays.com\/no\/wp-json\/wp\/v2\/users\/2"}],"replies":[{"embeddable":true,"href":"https:\/\/www.europesays.com\/no\/wp-json\/wp\/v2\/comments?post=109740"}],"version-history":[{"count":0,"href":"https:\/\/www.europesays.com\/no\/wp-json\/wp\/v2\/posts\/109740\/revisions"}],"wp:featuredmedia":[{"embeddable":true,"href":"https:\/\/www.europesays.com\/no\/wp-json\/wp\/v2\/media\/109741"}],"wp:attachment":[{"href":"https:\/\/www.europesays.com\/no\/wp-json\/wp\/v2\/media?parent=109740"}],"wp:term":[{"taxonomy":"category","embeddable":true,"href":"https:\/\/www.europesays.com\/no\/wp-json\/wp\/v2\/categories?post=109740"},{"taxonomy":"post_tag","embeddable":true,"href":"https:\/\/www.europesays.com\/no\/wp-json\/wp\/v2\/tags?post=109740"}],"curies":[{"name":"wp","href":"https:\/\/api.w.org\/{rel}","templated":true}]}}