{"id":109744,"date":"2025-12-10T20:59:01","date_gmt":"2025-12-10T20:59:01","guid":{"rendered":"https:\/\/www.europesays.com\/no\/109744\/"},"modified":"2025-12-10T20:59:01","modified_gmt":"2025-12-10T20:59:01","slug":"blalys-politi-flere-politibiler-rykket-ut-skudd-skal-vaere-avfyrt","status":"publish","type":"post","link":"https:\/\/www.europesays.com\/no\/109744\/","title":{"rendered":"Bl\u00e5lys, Politi | Flere politibiler rykket ut: \u2013 Skudd skal v\u00e6re avfyrt"},"content":{"rendered":"\n<p>Tidlig onsdag ettermiddag rykket flere politibiler ut fra Leknes og kj\u00f8rte vestover. En tipser som sto i k\u00f8en p\u00e5 Napp for \u00e5 komme gjennom Nappstraumtunnelen forteller at det var minst to politibiler og 5\u20136 politibetjenter.<\/p>\n<p>\u2013 De stoppet ved en bil som sto i k\u00f8en, og tok ut en person. Denne ble ransaket, sier tipseren.<\/p>\n<p>Nordland politidistrikt bekrefter hendelsen.<\/p>\n<p>\u2013 Politiet unders\u00f8ker hendelse i n\u00e6rheten av Nappstraumtunnelen der en person ble observert i terrenget med v\u00e5pen. Skudd skal ha v\u00e6rt avfyrt. Ingen personer skadd. Politiet er n\u00e5 i kontakt med de involverte personene, opplyser operasjonsleder June Strand Jensen.<\/p>\n<p>Tipseren forteller at politiet n\u00e5 har forlatt stedet.<\/p>\n<p>Politiet opplyser at de unders\u00f8ker videre hva som har v\u00e6rt omstendighetene rundt hendelsen.<\/p>\n<p>\u2013 Personen har forklart at han har v\u00e6rt p\u00e5 jakt. Politiet gj\u00f8r videre unders\u00f8kelser og avh\u00f8r i saken, opplyser operasjonsleder June Strand Jensen klokken 13.40.<\/p>\n<p>  <a href=\"https:\/\/www.lofotposten.no\/5-29-1258913\" class=\"related-teaser default-story-teaser article--c-eRUmMG article--c-eRUmMG-jKCPdD-design-default article--c-eRUmMG-kpKLOW-cv\" rel=\"nofollow noopener\" target=\"_blank\"><\/p>\n<p>\n            Les ogs\u00e5<\/p>\n<p>              Ruskj\u00f8ring og utagerende person\n        <\/p>\n<p>  <\/a><\/p>\n","protected":false},"excerpt":{"rendered":"Tidlig onsdag ettermiddag rykket flere politibiler ut fra Leknes og kj\u00f8rte vestover. En tipser som sto i k\u00f8en&hellip;\n","protected":false},"author":2,"featured_media":109745,"comment_status":"","ping_status":"","sticky":false,"template":"","format":"standard","meta":{"footnotes":""},"categories":[5],"tags":[36,2840,20,21,24,25,1186,15,19,22,23,17,18,13,30,28,29,14,16,254,1510,26,27,1460],"class_list":{"0":"post-109744","1":"post","2":"type-post","3":"status-publish","4":"format-standard","5":"has-post-thumbnail","7":"category-overskrifter","8":"tag-art","9":"tag-blalys","10":"tag-breaking-news","11":"tag-breakingnews","12":"tag-featured-news","13":"tag-featurednews","14":"tag-flakstad","15":"tag-headlines","16":"tag-hovedoppslag","17":"tag-latest-news","18":"tag-latestnews","19":"tag-main-news","20":"tag-mainnews","21":"tag-news","22":"tag-no","23":"tag-norge","24":"tag-norway","25":"tag-nyheter","26":"tag-overskrifter","27":"tag-politi","28":"tag-story","29":"tag-top-stories","30":"tag-topstories","31":"tag-vestvagoy"},"share_on_mastodon":{"url":"","error":""},"_links":{"self":[{"href":"https:\/\/www.europesays.com\/no\/wp-json\/wp\/v2\/posts\/109744","targetHints":{"allow":["GET"]}}],"collection":[{"href":"https:\/\/www.europesays.com\/no\/wp-json\/wp\/v2\/posts"}],"about":[{"href":"https:\/\/www.europesays.com\/no\/wp-json\/wp\/v2\/types\/post"}],"author":[{"embeddable":true,"href":"https:\/\/www.europesays.com\/no\/wp-json\/wp\/v2\/users\/2"}],"replies":[{"embeddable":true,"href":"https:\/\/www.europesays.com\/no\/wp-json\/wp\/v2\/comments?post=109744"}],"version-history":[{"count":0,"href":"https:\/\/www.europesays.com\/no\/wp-json\/wp\/v2\/posts\/109744\/revisions"}],"wp:featuredmedia":[{"embeddable":true,"href":"https:\/\/www.europesays.com\/no\/wp-json\/wp\/v2\/media\/109745"}],"wp:attachment":[{"href":"https:\/\/www.europesays.com\/no\/wp-json\/wp\/v2\/media?parent=109744"}],"wp:term":[{"taxonomy":"category","embeddable":true,"href":"https:\/\/www.europesays.com\/no\/wp-json\/wp\/v2\/categories?post=109744"},{"taxonomy":"post_tag","embeddable":true,"href":"https:\/\/www.europesays.com\/no\/wp-json\/wp\/v2\/tags?post=109744"}],"curies":[{"name":"wp","href":"https:\/\/api.w.org\/{rel}","templated":true}]}}