{"id":109762,"date":"2025-12-10T21:13:17","date_gmt":"2025-12-10T21:13:17","guid":{"rendered":"https:\/\/www.europesays.com\/no\/109762\/"},"modified":"2025-12-10T21:13:17","modified_gmt":"2025-12-10T21:13:17","slug":"lokaldebatten-lokal-politikk-det-er-oppsiktsvekkende-at-en-erfaren-politiker-star-pa-talerstolen-og-slenger-ut-rykter","status":"publish","type":"post","link":"https:\/\/www.europesays.com\/no\/109762\/","title":{"rendered":"Lokaldebatten, Lokal politikk | Det er oppsiktsvekkende at en erfaren politiker st\u00e5r p\u00e5 talerstolen og slenger ut rykter"},"content":{"rendered":"\n<p>At Johansen og partiet hans ikke har noe til overs for dypvannskaia er s\u00e5 sin sak, men \u00e5 beskylde andre for l\u00f8gn er langt over streken. Det var imidlertid det den erfarne ranapolitikeren gjorde under formannskapets ekstraordin\u00e6re m\u00f8te p\u00e5 tirsdag.<\/p>\n<p>Der fant han det for godt \u00e5 viderebringe rykter, ikke bare til politikerkollegene sine, men til alle som m\u00e5tte f\u00f8lge den digitale sendinga fra kommunestyresalen.<\/p>\n<p>Under sp\u00f8rsm\u00e5lsrunden i formannskapsm\u00f8tet var statusen til dypvannskaia og arbeidene der tema, og Johansen spurte kommunedirekt\u00f8r Robert Pettersen om hvordan arbeidene g\u00e5r med dypvannskaia.<\/p>\n<p>Sp\u00f8rsm\u00e5lsrunden er selvsagt ment for sp\u00f8rsm\u00e5l. Det er n\u00e5r det framst\u00e5r som at Johansen ikke i det hele tatt er interessert i, eller f\u00e5r med seg svaret, at det blir problematisk.<\/p>\n<p>\u2013 N\u00e5 har jeg f\u00e5tt h\u00f8rt av flere at det er snakk om utglidninger eller bevegelse i grunnen p\u00e5 dypvannskaia. Jeg vil sp\u00f8rre kommunedirekt\u00f8ren om dette er tilfelle eller om det bare er rykter, sa Johansen som alts\u00e5 slett ikke ville l\u00e5ne \u00f8re til svaret han fikk fra Pettersen.<\/p>\n<p>  <a href=\"https:\/\/www.ranablad.no\/5-42-1531115\" class=\"related-teaser has-image default-story-teaser article--c-eRUmMG article--c-eRUmMG-jKCPdD-design-default\" rel=\"nofollow noopener\" target=\"_blank\"><\/p>\n<p>    <img decoding=\"async\" loading=\"lazy\"  src=\"https:\/\/www.europesays.com\/no\/wp-content\/uploads\/2025\/12\/allankai-1.jpg\" alt=\"\" class=\"brick-c-cFOWSL\" style=\"\"\/><\/p>\n<p>\n            Les ogs\u00e5<\/p>\n<p>              Allan serverte p\u00e5stander om utglidning under bygging av dypvannskaia fra formannskapets talerstol. Prosjektleder fra Kystverket sier at det ikke er fare for ras eller utglidninger\n        <\/p>\n<p>  <\/a><\/p>\n<p>For da kommunedirekt\u00f8ren svarte at han ikke er kjent med at det har v\u00e6rt noen utglidninger eller bevegelser i grunnen som har noen st\u00f8rre konsekvens for prosjektet, vendte Johansen det d\u00f8ve \u00f8ret til og durte videre uten \u00e5 forholde seg til fakta.<\/p>\n<p>\u2013 Det er oppsiktsvekkende hvis det er tilfelle, som jeg har h\u00f8rt, at kommunedirekt\u00f8ren ikke er kjent med det som er skjedd der. Det er snakk om en alvorlig hendelse n\u00e5r pelerekka begynner \u00e5 bevege seg. Rart at kommunen ikke er kjent det. Nesten s\u00e5 jeg nekter \u00e5 tro at de her p\u00e5 huset ikke er kjent med ting, fortsatte han fra talerstolen.<\/p>\n<p>Det som er oppsiktsvekkende, og nesten ikke til \u00e5 tro, er for det f\u00f8rste at en erfaren politiker som Johansen f\u00e5r seg til \u00e5 st\u00e5 p\u00e5 talerstolen i kommunestyresalen og slenge ut rykter. Og for det andre at han p\u00e5 en s\u00e6rdeles ufin m\u00e5te fors\u00f8ker \u00e5 score billige, og usanne, poeng med at kommuneadministrasjonen og ansatte p\u00e5 r\u00e5dhuset ikke f\u00e5r med seg alvorlige ting.<\/p>\n<p>Etter et langt liv i politikken burde Johansen ha f\u00e5tt med seg at det finnes andre m\u00e5ter \u00e5 avklare bekymringsmeldinger fra innbyggere, enn \u00e5 servere dem som sannheter i full offentlighet.<\/p>\n<p>\u00c5 ta direkte kontakt med dem som faktisk kan svare, kan p\u00e5 det varmeste anbefales.<\/p>\n<p>Det var nemlig det vi i Rana Blad enkelt gjorde. For oss, som et redakt\u00f8rstyrt mediehus, var det nemlig fullstendig uaktuelt \u00e5 viderebringe Johansens p\u00e5stander om \u00aben alvorlig hendelse\u00bb uten \u00e5 bringe p\u00e5 det rene om det var noe i Frp&#8217;erens ryktespredning.<\/p>\n<p>For \u00e5 si det s\u00e5nn, det tok ikke lang tid \u00e5 f\u00e5 prosjektleder Martin Fransson fra Kystverket i tale.<\/p>\n<p>Og han er meget klar i sin tale:<\/p>\n<p>\u2013 Jeg kan bekrefte fra prosjektets side at det ikke er eller har v\u00e6rt noen fare for utglidninger eller ras i forbindelse med anleggsarbeidene ved den nye dypvannskaia.<\/p>\n<p>Overfor oss understreker han at Kystverket og kommunen er klar over at det er utfordrende grunnforhold ved dypvannskaia. Det er da ogs\u00e5 derfor tatt betydelige grep for \u00e5 sikre at kaia er etablert p\u00e5 en sikker m\u00e5te.<\/p>\n<p>Det finnes mange synspunkter p\u00e5 at Rana kommune har prioritert dypvannskai-prosjektet. Og det finnes derfor ogs\u00e5 tydeligvis mange rykter om det. Men som alltid kan det v\u00e6re greit ikke \u00e5 tro alt du h\u00f8rer.<\/p>\n<p>S\u00e6rlig ikke om du er folkevalgt, selv om det kan v\u00e6re fristende \u00e5 framst\u00e5 h\u00f8y og m\u00f8rk i kommunestyresalen.<\/p>\n","protected":false},"excerpt":{"rendered":"At Johansen og partiet hans ikke har noe til overs for dypvannskaia er s\u00e5 sin sak, men \u00e5&hellip;\n","protected":false},"author":2,"featured_media":109763,"comment_status":"","ping_status":"","sticky":false,"template":"","format":"standard","meta":{"footnotes":""},"categories":[10],"tags":[36,20,21,13546,24,25,15,22,23,246,3237,6409,13,30,28,29,14,1533,16,26,27],"class_list":{"0":"post-109762","1":"post","2":"type-post","3":"status-publish","4":"format-standard","5":"has-post-thumbnail","7":"category-norge","8":"tag-art","9":"tag-breaking-news","10":"tag-breakingnews","11":"tag-dypvannskaia","12":"tag-featured-news","13":"tag-featurednews","14":"tag-headlines","15":"tag-latest-news","16":"tag-latestnews","17":"tag-leder","18":"tag-lokal-politikk","19":"tag-lokaldebatten","20":"tag-news","21":"tag-no","22":"tag-norge","23":"tag-norway","24":"tag-nyheter","25":"tag-opinion","26":"tag-overskrifter","27":"tag-top-stories","28":"tag-topstories"},"share_on_mastodon":{"url":"https:\/\/pubeurope.com\/@no\/115697340095587456","error":""},"_links":{"self":[{"href":"https:\/\/www.europesays.com\/no\/wp-json\/wp\/v2\/posts\/109762","targetHints":{"allow":["GET"]}}],"collection":[{"href":"https:\/\/www.europesays.com\/no\/wp-json\/wp\/v2\/posts"}],"about":[{"href":"https:\/\/www.europesays.com\/no\/wp-json\/wp\/v2\/types\/post"}],"author":[{"embeddable":true,"href":"https:\/\/www.europesays.com\/no\/wp-json\/wp\/v2\/users\/2"}],"replies":[{"embeddable":true,"href":"https:\/\/www.europesays.com\/no\/wp-json\/wp\/v2\/comments?post=109762"}],"version-history":[{"count":0,"href":"https:\/\/www.europesays.com\/no\/wp-json\/wp\/v2\/posts\/109762\/revisions"}],"wp:featuredmedia":[{"embeddable":true,"href":"https:\/\/www.europesays.com\/no\/wp-json\/wp\/v2\/media\/109763"}],"wp:attachment":[{"href":"https:\/\/www.europesays.com\/no\/wp-json\/wp\/v2\/media?parent=109762"}],"wp:term":[{"taxonomy":"category","embeddable":true,"href":"https:\/\/www.europesays.com\/no\/wp-json\/wp\/v2\/categories?post=109762"},{"taxonomy":"post_tag","embeddable":true,"href":"https:\/\/www.europesays.com\/no\/wp-json\/wp\/v2\/tags?post=109762"}],"curies":[{"name":"wp","href":"https:\/\/api.w.org\/{rel}","templated":true}]}}