{"id":109766,"date":"2025-12-10T21:15:10","date_gmt":"2025-12-10T21:15:10","guid":{"rendered":"https:\/\/www.europesays.com\/no\/109766\/"},"modified":"2025-12-10T21:15:10","modified_gmt":"2025-12-10T21:15:10","slug":"tv-2-tabbe-under-real-madrid-og-manchester-city-i-champions-league-menneskelig-feil","status":"publish","type":"post","link":"https:\/\/www.europesays.com\/no\/109766\/","title":{"rendered":"TV 2-tabbe under Real Madrid og Manchester City i Champions League: \u2013 Menneskelig feil"},"content":{"rendered":"\n<p class=\"_lead_o9xde_2 _lead_xtcu6_50 layout-component text-serif-m layout-normal text-serif-l layout-component layout-wide layout-padded _wide_17hqh_1 layout-padded\">TV 2 gikk i reklame mens Erling Braut Haaland scoret mot Real Madrid i Champions League. <\/p>\n<p><img alt=\"Dette sparket fra Erling Braut Haaland kom ikke direkte p\u00e5 TV 2.  Foto: Kiko Huesca \/ EPA \/ NTB\" class=\"_image_qp4xg_65 layout-component layout-wide\" data-fullscreen- data-track-element-type=\"Article image fullscreen\" data-track-name=\"ImageFullscreen\" fetchpriority=\"high\" decoding=\"sync\" loading=\"eager\" height=\"3008\" itemprop=\"image\"  src=\"https:\/\/www.europesays.com\/no\/wp-content\/uploads\/2025\/12\/988031b7-58dc-4d86-8090-3c50e5c6112d\"  style=\"object-position:0% 0%\" width=\"4511\"\/>Dette sparket fra Erling Braut Haaland kom ikke direkte p\u00e5 TV 2.  Foto: Kiko Huesca \/ EPA \/ NTB Oppdatert onsdag 10. desember kl. 22:08     <\/p>\n<p class=\"_paragraph_o9xde_4 _paragraph_xtcu6_10 layout-component text-serif-m layout-normal text-serif-m layout-padded\">Mens VAR dobbeltsjekket om det faktisk var straffe til Manchester City i 44. minutt, gikk TV 2 Play over til reklamepause. <\/p>\n<p class=\"_paragraph_o9xde_4 _paragraph_xtcu6_10 layout-component text-serif-m layout-normal text-serif-m layout-padded\">Etter hvert kom kampen p\u00e5 igjen. Da hadde Erling Braut Haaland alt scoret 2\u20131 for Manchester City uten at TV 2 viste m\u00e5let direkte. <\/p>\n<p class=\"_paragraph_o9xde_4 _paragraph_xtcu6_10 layout-component text-serif-m layout-normal text-serif-m layout-padded\">\u2013 Her skjedde det en menneskelig feil. Det skulle selvsagt ikke skjedd, og det er bare \u00e5 beklage overfor seerne, som naturligvis reagerer. Vedkommende som sto bak tabben er naturligvis sv\u00e6rt ulykkelig, s\u00e5 dette var bare en vond opplevelse for alle parter, sier TV 2s  sportsredakt\u00f8r, Vegard Jansen Hagen, til VG.<\/p>\n<p class=\"_paragraph_o9xde_4 _paragraph_xtcu6_10 layout-component text-serif-m layout-normal text-serif-m layout-padded\">\u2013 Et feil tastetrykk fra en ulykksalig medarbeider p\u00e5 et maksimalt uheldig tidspunkt. S\u00e5 klippet en seg tilbake til kampen etter i underkant av 2 minutter da tabben ble oppdaget, fortsetter Jansen Hagen. <\/p>\n<p class=\"_paragraph_o9xde_4 _paragraph_xtcu6_10 layout-component text-serif-m layout-normal text-serif-m layout-padded\">Flere seere har reagert i leserfeltet i VGLive, samt p\u00e5 sosiale medier.<\/p>\n<p class=\"_paragraph_o9xde_4 _paragraph_xtcu6_10 layout-component text-serif-m layout-normal text-serif-m layout-padded\">Pressesjef Jan Petter Dahl har ikke svart VGs henvendelse forel\u00f8pig. <\/p>\n<p class=\"_paragraph_o9xde_4 _paragraph_xtcu6_10 layout-component text-serif-m layout-normal text-serif-m layout-padded\">Real Madrid tok ledelsen ved Rodrygo f\u00f8r Manchester City snudde ved Nico O Reilly og Haaland p\u00e5 tampen av f\u00f8rsteomgang. <\/p>\n<p class=\"_paragraph_o9xde_4 _paragraph_xtcu6_10 layout-component text-serif-m layout-normal text-serif-m layout-padded\"><a href=\"https:\/\/vglive.vg.no\/\" class=\"_link_o9xde_39\" rel=\"nofollow noopener\" target=\"_blank\">F\u00f8lg gigantm\u00f8tet fra Madrid, Dortmund-Glimt og alle andre godbitene i VGLive. <\/a><\/p>\n","protected":false},"excerpt":{"rendered":"TV 2 gikk i reklame mens Erling Braut Haaland scoret mot Real Madrid i Champions League. Dette sparket&hellip;\n","protected":false},"author":2,"featured_media":109767,"comment_status":"","ping_status":"","sticky":false,"template":"","format":"standard","meta":{"footnotes":""},"categories":[59],"tags":[706,671,30,28,29,2499,83,82,208],"class_list":{"0":"post-109766","1":"post","2":"type-post","3":"status-publish","4":"format-standard","5":"has-post-thumbnail","7":"category-sport","8":"tag-champions-league","9":"tag-manchester-city","10":"tag-no","11":"tag-norge","12":"tag-norway","13":"tag-real-madrid-cf","14":"tag-sport","15":"tag-sports","16":"tag-tv-2"},"share_on_mastodon":{"url":"https:\/\/pubeurope.com\/@no\/115697347720617532","error":""},"_links":{"self":[{"href":"https:\/\/www.europesays.com\/no\/wp-json\/wp\/v2\/posts\/109766","targetHints":{"allow":["GET"]}}],"collection":[{"href":"https:\/\/www.europesays.com\/no\/wp-json\/wp\/v2\/posts"}],"about":[{"href":"https:\/\/www.europesays.com\/no\/wp-json\/wp\/v2\/types\/post"}],"author":[{"embeddable":true,"href":"https:\/\/www.europesays.com\/no\/wp-json\/wp\/v2\/users\/2"}],"replies":[{"embeddable":true,"href":"https:\/\/www.europesays.com\/no\/wp-json\/wp\/v2\/comments?post=109766"}],"version-history":[{"count":0,"href":"https:\/\/www.europesays.com\/no\/wp-json\/wp\/v2\/posts\/109766\/revisions"}],"wp:featuredmedia":[{"embeddable":true,"href":"https:\/\/www.europesays.com\/no\/wp-json\/wp\/v2\/media\/109767"}],"wp:attachment":[{"href":"https:\/\/www.europesays.com\/no\/wp-json\/wp\/v2\/media?parent=109766"}],"wp:term":[{"taxonomy":"category","embeddable":true,"href":"https:\/\/www.europesays.com\/no\/wp-json\/wp\/v2\/categories?post=109766"},{"taxonomy":"post_tag","embeddable":true,"href":"https:\/\/www.europesays.com\/no\/wp-json\/wp\/v2\/tags?post=109766"}],"curies":[{"name":"wp","href":"https:\/\/api.w.org\/{rel}","templated":true}]}}