{"id":109820,"date":"2025-12-10T22:14:09","date_gmt":"2025-12-10T22:14:09","guid":{"rendered":"https:\/\/www.europesays.com\/no\/109820\/"},"modified":"2025-12-10T22:14:09","modified_gmt":"2025-12-10T22:14:09","slug":"bodo-glimt-rystet-dortmund-sterk-uavgjort-i-tyskland","status":"publish","type":"post","link":"https:\/\/www.europesays.com\/no\/109820\/","title":{"rendered":"Bod\u00f8\/Glimt rystet Dortmund \u2013 sterk uavgjort i Tyskland"},"content":{"rendered":"\n<p class=\"_paragraph_o9xde_4 _paragraph_xtcu6_10 layout-component text-serif-m layout-normal text-serif-m layout-padded\"><strong class=\"_strong_o9xde_25\">Men glem n\u00e5 det! Bod\u00f8\/Glimt klarte 2\u20132 i Dortmund!<\/strong><\/p>\n<p class=\"_paragraph_o9xde_4 _paragraph_xtcu6_10 layout-component text-serif-m layout-normal text-serif-m layout-padded\">En uforglemmelig kveld for de mer enn 4.000 tilreisende nordlendingene. \u00abDen ekte gule veggen\u00bb kalte de seg, et pek til Dortmunds legendariske hjemmefansDortmunds legendariske hjemmefansSom st\u00e5r i &laquo;Die gelbe Wand&raquo;, den gule veggen p\u00e5 tysk..<\/p>\n<p class=\"_paragraph_o9xde_4 _paragraph_xtcu6_10 layout-component text-serif-m layout-normal text-serif-m layout-padded\">\u2013 Det er fantastisk. Det var en sinnsykt artig kamp med det tr\u00f8kket, sier Jens Petter Hauge til TV 2 etter kampslutt.<\/p>\n<p class=\"_paragraph_o9xde_4 _paragraph_xtcu6_10 layout-component text-serif-m layout-normal text-serif-m layout-padded\">Dortmund er en av Europas virkelige storklubber. De vant tysk Bundesliga sist gang i 2012, <a href=\"https:\/\/www.vg.no\/tag\/champions-league?utm_source=vg-article&amp;utm_medium=auto-tagger&amp;utm_campaign=n1gbvB\" class=\"_link_o9xde_39\" rel=\"nofollow noopener\" target=\"_blank\">Champions League<\/a> i 1997 \u2013 for bare to sesonger siden var de i finalen.<\/p>\n<p class=\"_paragraph_o9xde_4 _paragraph_xtcu6_10 layout-component text-serif-m layout-normal text-serif-m layout-padded\">Denne desemberkvelden ble de holdt til uavgjort av Bod\u00f8\/Glimt, som kommer fra den andre siden av polarsirkelen. Hjemmelaget ble buet p\u00e5 av egne fans. <\/p>\n<p class=\"_paragraph_o9xde_4 _paragraph_xtcu6_10 layout-component text-serif-m layout-normal text-serif-m layout-padded\">\u2013 Dortmund led et ydmykende resultat mot de norske underdogene, skriver Bild, Tysklands st\u00f8rste avis. <\/p>\n<p class=\"_paragraph_o9xde_4 _paragraph_xtcu6_10 layout-component text-serif-m layout-normal text-serif-m layout-padded\">\u2013 De g\u00e5r alts\u00e5 ut foran 80.000 mennesker og leverer en kruttsterk bortekamp mot et av Europas virkelig gode fotballag. Dette er nok den beste prestasjonen de (Glimt) har levert i Champions League, sier TV 2s Jesper Mathisen etter kampslutt.<\/p>\n<p class=\"_paragraph_o9xde_4 _paragraph_xtcu6_10 layout-component text-serif-m layout-normal text-serif-m layout-padded\">Et Glimt-lag med store sykdomsproblemer, som m\u00e5tte gj\u00f8re endringer i startoppstillingen bare en halvtime f\u00f8r kamp.<\/p>\n<p class=\"_paragraph_o9xde_4 _paragraph_xtcu6_10 layout-component text-serif-m layout-normal text-serif-m layout-padded\">\u2013 Det var tungt. Du f\u00e5r sjokk n\u00e5r du kommer tilbake, sier en hes Jens Petter Hauge om sykdommen han har hatt i oppladningen.<\/p>\n<p class=\"_paragraph_o9xde_4 _paragraph_xtcu6_10 layout-component text-serif-m layout-normal text-serif-m layout-padded\">\u2013 Jeg er ikke den som har hatt det verst, vi er mange som har st\u00e5tt i det, sier Hauge.<\/p>\n<p class=\"_paragraph_o9xde_4 _paragraph_xtcu6_10 layout-component text-serif-m layout-normal text-serif-m layout-padded\">Han trekker frem Patrick Berg som mannen som har blitt sl\u00e5tt mest ut av sykdom.<\/p>\n<p class=\"_paragraph_o9xde_4 _paragraph_xtcu6_10 layout-component text-serif-m layout-normal text-serif-m layout-padded\">\u2013 Det er sjelden jeg har sett ham s\u00e5 d\u00e5rlig, men s\u00e5 st\u00e5r han i det. Patrick f\u00e5r velfortent mye skryt, men i dag fortjener han enn\u00e5 mer. N\u00e5r han st\u00e5r i det, er det bare \u00e5 st\u00e5 i det selv, fortsetter Hauge.<\/p>\n<p class=\"_paragraph_o9xde_4 _paragraph_xtcu6_10 layout-component text-serif-m layout-normal text-serif-m layout-padded\">For \u00e5 holde h\u00e5pet om Champions League-avansement i live, m\u00e5tte de nok ha vunnet denne kampen.<\/p>\n<p class=\"_paragraph_o9xde_4 _paragraph_xtcu6_10 layout-component text-serif-m layout-normal text-serif-m layout-padded\">Og s\u00e5 mot Atl\u00e9tico Madrid og Manchester City p\u00e5 ny\u00e5ret. De er n\u00e5 oppe p\u00e5 tre poeng: Kun matematisk er muligheten om videre spill fortsatt til stede.<\/p>\n<p class=\"_paragraph_o9xde_4 _paragraph_xtcu6_10 layout-component text-serif-m layout-normal text-serif-m layout-padded\">To scoringer av den tyske superstjernen Julian Brandt (29) rystet Glimt p\u00e5 hver side av pause.<\/p>\n<p class=\"_paragraph_o9xde_4 _paragraph_xtcu6_10 layout-component text-serif-m layout-normal text-serif-m layout-padded\">Den f\u00f8rste etter en grov feil av Haitam Aleesami (35).<\/p>\n<p class=\"_paragraph_o9xde_4 _paragraph_xtcu6_10 layout-component text-serif-m layout-normal text-serif-m layout-padded\">\u2013 En stygg, stygg feil, kommenterte TV 2-ekspert Jesper Mathisen.<\/p>\n<p class=\"_paragraph_o9xde_4 _paragraph_xtcu6_10 layout-component text-serif-m layout-normal text-serif-m layout-padded\">\u2013 Og disse har det blitt litt for mange av for Glimt denne h\u00f8sten.<\/p>\n<p class=\"_paragraph_o9xde_4 _paragraph_xtcu6_10 layout-component text-serif-m layout-normal text-serif-m layout-padded\">Aleesami tente h\u00e5pet da han mer enn gjorde opp for seg med 1\u20131 etter en corner. Brandt scoret sitt andre da Dortmund-presset ble for stort etter pause.<\/p>\n<p class=\"_paragraph_o9xde_4 _paragraph_xtcu6_10 layout-component text-serif-m layout-normal text-serif-m layout-padded\">F\u00f8r Jens Petter Hauge (26) utlignet med kvarteret igjen \u00e5 spille.<\/p>\n<p class=\"_paragraph_o9xde_4 _paragraph_xtcu6_10 layout-component text-serif-m layout-normal text-serif-m layout-padded\">\u2013 Ballen spretter litt, og plutselig er jeg gjennom. Det kan ikke bli bedre, sier m\u00e5lscoreren om hvordan m\u00e5let kom til.<\/p>\n<p class=\"_paragraph_o9xde_4 _paragraph_xtcu6_10 layout-component text-serif-m layout-normal text-serif-m layout-padded\">Da feiret Glimt-fansen som om det var Norge \u2013 Montenegro i h\u00e5ndball-VM:<\/p>\n<p class=\"_paragraph_o9xde_4 _paragraph_xtcu6_10 layout-component text-serif-m layout-normal text-serif-m layout-padded\">Kjetil Knutsen brukte f\u00f8r kampen en utdanningsmetafor om Bod\u00f8\/Glimts utvikling.<\/p>\n<p class=\"_paragraph_o9xde_4 _paragraph_xtcu6_10 layout-component text-serif-m layout-normal text-serif-m layout-padded\">Der Conference LeagueConference LeagueTredje niv\u00e5 i europeiske klubbturneringer, som Bod\u00f8\/Glimt fikk sitt europeiske gjennombrudd i. var videreg\u00e5ende skole, var Europa LeagueEuropa LeagueDet nest \u00f8verste niv\u00e5et av europeiske klubbturneringer. Glimt var i semifinalen mot Tottenham forrige sesong. som \u00e5 begynne p\u00e5 universitetsniv\u00e5.<\/p>\n<p class=\"_paragraph_o9xde_4 _paragraph_xtcu6_10 layout-component text-serif-m layout-normal text-serif-m layout-padded\">Champions League beskriver han som \u00e5 skrive doktorgrad. Det er f\u00e5 som fullf\u00f8rer en doktorgrad p\u00e5 f\u00f8rste \u00e5ret, ei heller Bod\u00f8\/Glimt.<\/p>\n<p class=\"_paragraph_o9xde_4 _paragraph_xtcu6_10 layout-component text-serif-m layout-normal text-serif-m layout-padded\">Kanskje kan funnene de har gjort denne jomfrusesongen gj\u00f8re at de til slutt kan disputeredisputereBetyr \u00e5 forsvare doktorgraden, som man gj\u00f8r etter den er ferdigskrevet. Forh\u00e5pentligvis best\u00e5r man!.<\/p>\n<p class=\"_paragraph_o9xde_4 _paragraph_xtcu6_10 layout-component text-serif-m layout-normal text-serif-m layout-padded\">Et hovedfunn er muligens at personlige feil er veldig dyrebare. <\/p>\n<p class=\"_paragraph_o9xde_4 _paragraph_xtcu6_10 layout-component text-serif-m layout-normal text-serif-m layout-padded\">Det er en klisj\u00e9 i norsk fotballjournalistikk, \u00abslike feil har man ikke r\u00e5d til p\u00e5 dette niv\u00e5et\u00bb, den har virkelig v\u00e6rt gjeldende for Bod\u00f8\/Glimt.<\/p>\n<p class=\"_paragraph_o9xde_4 _paragraph_xtcu6_10 layout-component text-serif-m layout-normal text-serif-m layout-padded\">Et annet funn er at Bod\u00f8\/Glimt har v\u00e6rt konkurransedyktige p\u00e5 veldig mye denne f\u00f8rste Champions League-h\u00f8sten. <\/p>\n<p class=\"_paragraph_o9xde_4 _paragraph_xtcu6_10 layout-component text-serif-m layout-normal text-serif-m layout-padded\">De er blant lagene som l\u00f8per mest, blant de med h\u00f8yest forventet antall m\u00e5l, internt i kampene er det ofte n\u00f8kkelsituasjonene de har v\u00e6rt p\u00e5 feil ende av.<\/p>\n<p class=\"_paragraph_o9xde_4 _paragraph_xtcu6_10 layout-component text-serif-m layout-normal text-serif-m layout-padded\">Et tredje funn er at de sv\u00e6rt sjelden g\u00e5r m\u00e5ll\u00f8se av banen, ni m\u00e5l p\u00e5 seks kamper er det blitt i Champions League.<\/p>\n<p class=\"_paragraph_o9xde_4 _paragraph_xtcu6_10 layout-component text-serif-m layout-normal text-serif-m layout-padded\"><strong class=\"_strong_o9xde_25\">Alt dette gjaldt ogs\u00e5 i Dortmund.<\/strong><\/p>\n","protected":false},"excerpt":{"rendered":"Men glem n\u00e5 det! Bod\u00f8\/Glimt klarte 2\u20132 i Dortmund! En uforglemmelig kveld for de mer enn 4.000 tilreisende&hellip;\n","protected":false},"author":2,"featured_media":109821,"comment_status":"","ping_status":"","sticky":false,"template":"","format":"standard","meta":{"footnotes":""},"categories":[59],"tags":[517,8497,706,30,28,29,83,82],"class_list":{"0":"post-109820","1":"post","2":"type-post","3":"status-publish","4":"format-standard","5":"has-post-thumbnail","7":"category-sport","8":"tag-bodo-glimt","9":"tag-borussia-dortmund","10":"tag-champions-league","11":"tag-no","12":"tag-norge","13":"tag-norway","14":"tag-sport","15":"tag-sports"},"share_on_mastodon":{"url":"https:\/\/pubeurope.com\/@no\/115697579889886338","error":""},"_links":{"self":[{"href":"https:\/\/www.europesays.com\/no\/wp-json\/wp\/v2\/posts\/109820","targetHints":{"allow":["GET"]}}],"collection":[{"href":"https:\/\/www.europesays.com\/no\/wp-json\/wp\/v2\/posts"}],"about":[{"href":"https:\/\/www.europesays.com\/no\/wp-json\/wp\/v2\/types\/post"}],"author":[{"embeddable":true,"href":"https:\/\/www.europesays.com\/no\/wp-json\/wp\/v2\/users\/2"}],"replies":[{"embeddable":true,"href":"https:\/\/www.europesays.com\/no\/wp-json\/wp\/v2\/comments?post=109820"}],"version-history":[{"count":0,"href":"https:\/\/www.europesays.com\/no\/wp-json\/wp\/v2\/posts\/109820\/revisions"}],"wp:featuredmedia":[{"embeddable":true,"href":"https:\/\/www.europesays.com\/no\/wp-json\/wp\/v2\/media\/109821"}],"wp:attachment":[{"href":"https:\/\/www.europesays.com\/no\/wp-json\/wp\/v2\/media?parent=109820"}],"wp:term":[{"taxonomy":"category","embeddable":true,"href":"https:\/\/www.europesays.com\/no\/wp-json\/wp\/v2\/categories?post=109820"},{"taxonomy":"post_tag","embeddable":true,"href":"https:\/\/www.europesays.com\/no\/wp-json\/wp\/v2\/tags?post=109820"}],"curies":[{"name":"wp","href":"https:\/\/api.w.org\/{rel}","templated":true}]}}