{"id":109822,"date":"2025-12-10T22:15:47","date_gmt":"2025-12-10T22:15:47","guid":{"rendered":"https:\/\/www.europesays.com\/no\/109822\/"},"modified":"2025-12-10T22:15:47","modified_gmt":"2025-12-10T22:15:47","slug":"festival-mablis-rockelegender-til-stavanger-en-aere","status":"publish","type":"post","link":"https:\/\/www.europesays.com\/no\/109822\/","title":{"rendered":"Festival, Mablis | Rockelegender til Stavanger: \u2013 En \u00e6re"},"content":{"rendered":"\n<p>N\u00e5 er det igjen Mablis som har en nyhet \u00e5 by p\u00e5: DumDum Boys kommer til V\u00e5landsskogen i juni neste sommer.<\/p>\n<p><b>\u2013 \u00c5 f\u00e5 DumDum Boys til jubileums\u00e5ret v\u00e5rt er en \u00e6re. De representerer r\u00e5 energi, musikalsk historie og ekte rockekraft \u2013 og vi gleder oss til \u00e5 kjenne hele V\u00e5landsskogen vibrere n\u00e5r de g\u00e5r p\u00e5 scenen. Dette blir et av \u00f8yeblikkene som definerer Mablis 2026, sier festivalsjef Eirin Sandstad.<\/b><\/p>\n<p>Mablis feirer ti \u00e5r neste \u00e5r.<\/p>\n<p>Slik beskriver festivalen Trondheim-bandet:<\/p>\n<p>\u00abSiden 80-tallet har de blitt omtalt som Norges fremste liveband. En tittel som for de fleste mister kraft over tid, men som for Dum Dum Boys bare har blitt sterkere. Drevet fram av fandenivoldskhet, humor og et sceneh\u00e5ndverk som treffer publikum med presisjon \u2013 hver eneste gang.\u00bb<\/p>\n<p>At bandet n\u00e5 er klart for Mablis, betyr at Dum Dum Boys gjester Stavanger to ganger neste \u00e5r.<\/p>\n<p><b>14. november spiller de i DNB Arena for \u00e5 markere at det er 40 \u00e5r siden de ga ut sitt f\u00f8rste album.<\/b><\/p>\n<p>Mablis g\u00e5r av stabelen 19. og 20. juni neste \u00e5r.<\/p>\n<p>Tidligere er f\u00f8lgende artister meldt klar Mablis 2026:<\/p>\n<p>Sigrid, Ram\u00f3n, Thomas Dybdahl, Winterst\u00f8, Pumpegris og Diddi Velle.<\/p>\n<p>  <a href=\"https:\/\/www.rastavanger.no\/5-165-188600\" class=\"related-teaser has-image default-story-teaser article--c-eRUmMG article--c-eRUmMG-jKCPdD-design-default\" rel=\"nofollow noopener\" target=\"_blank\"><\/p>\n<p>    <img decoding=\"async\" loading=\"lazy\"  src=\"https:\/\/www.europesays.com\/no\/wp-content\/uploads\/2025\/12\/NTB_RHbqldElYp8.jpg\" alt=\"\" class=\"brick-c-cFOWSL\" style=\"\"\/><\/p>\n<p>\n            Les ogs\u00e5<\/p>\n<p>              Stjerne-DJ til Stavanger\n        <\/p>\n<p>  <\/a><\/p>\n<p>  <a href=\"https:\/\/www.rastavanger.no\/5-165-187554\" class=\"related-teaser has-image default-story-teaser article--c-eRUmMG article--c-eRUmMG-jKCPdD-design-default\" rel=\"nofollow noopener\" target=\"_blank\"><\/p>\n<p>    <img decoding=\"async\" loading=\"lazy\"  src=\"https:\/\/www.europesays.com\/no\/wp-content\/uploads\/2025\/12\/NTB_NWg6zO-6Ktw.jpg\" alt=\"\" class=\"brick-c-cFOWSL\" style=\"\"\/><\/p>\n<p>\n            Les ogs\u00e5<\/p>\n<p>              Sigrid til Mablis 2026\n        <\/p>\n<p>  <\/a><\/p>\n<p>  <a href=\"https:\/\/www.rastavanger.no\/5-165-187253\" class=\"related-teaser has-image default-story-teaser article--c-eRUmMG article--c-eRUmMG-jKCPdD-design-default\" rel=\"nofollow noopener\" target=\"_blank\"><\/p>\n<p>    <img decoding=\"async\" loading=\"lazy\"  src=\"https:\/\/www.europesays.com\/no\/wp-content\/uploads\/2025\/12\/1765404947_156_ari.jpg\" alt=\"\" class=\"brick-c-cFOWSL\" style=\"\"\/><\/p>\n<p>\n            Les ogs\u00e5<\/p>\n<p>              \u00ab\u00c5rets artist\u00bb til Utopia\n        <\/p>\n<p>  <\/a><\/p>\n","protected":false},"excerpt":{"rendered":"N\u00e5 er det igjen Mablis som har en nyhet \u00e5 by p\u00e5: DumDum Boys kommer til V\u00e5landsskogen i&hellip;\n","protected":false},"author":2,"featured_media":109823,"comment_status":"","ping_status":"","sticky":false,"template":"","format":"standard","meta":{"footnotes":""},"categories":[58],"tags":[36,2801,71,497,410,13550,221,30,28,29,1510,72],"class_list":{"0":"post-109822","1":"post","2":"type-post","3":"status-publish","4":"format-standard","5":"has-post-thumbnail","7":"category-underholdning","8":"tag-art","9":"tag-dumdum-boys","10":"tag-entertainment","11":"tag-festival","12":"tag-kultur","13":"tag-mablis","14":"tag-musikk","15":"tag-no","16":"tag-norge","17":"tag-norway","18":"tag-story","19":"tag-underholdning"},"share_on_mastodon":{"url":"https:\/\/pubeurope.com\/@no\/115697584060377196","error":""},"_links":{"self":[{"href":"https:\/\/www.europesays.com\/no\/wp-json\/wp\/v2\/posts\/109822","targetHints":{"allow":["GET"]}}],"collection":[{"href":"https:\/\/www.europesays.com\/no\/wp-json\/wp\/v2\/posts"}],"about":[{"href":"https:\/\/www.europesays.com\/no\/wp-json\/wp\/v2\/types\/post"}],"author":[{"embeddable":true,"href":"https:\/\/www.europesays.com\/no\/wp-json\/wp\/v2\/users\/2"}],"replies":[{"embeddable":true,"href":"https:\/\/www.europesays.com\/no\/wp-json\/wp\/v2\/comments?post=109822"}],"version-history":[{"count":0,"href":"https:\/\/www.europesays.com\/no\/wp-json\/wp\/v2\/posts\/109822\/revisions"}],"wp:featuredmedia":[{"embeddable":true,"href":"https:\/\/www.europesays.com\/no\/wp-json\/wp\/v2\/media\/109823"}],"wp:attachment":[{"href":"https:\/\/www.europesays.com\/no\/wp-json\/wp\/v2\/media?parent=109822"}],"wp:term":[{"taxonomy":"category","embeddable":true,"href":"https:\/\/www.europesays.com\/no\/wp-json\/wp\/v2\/categories?post=109822"},{"taxonomy":"post_tag","embeddable":true,"href":"https:\/\/www.europesays.com\/no\/wp-json\/wp\/v2\/tags?post=109822"}],"curies":[{"name":"wp","href":"https:\/\/api.w.org\/{rel}","templated":true}]}}