{"id":109824,"date":"2025-12-10T22:19:11","date_gmt":"2025-12-10T22:19:11","guid":{"rendered":"https:\/\/www.europesays.com\/no\/109824\/"},"modified":"2025-12-10T22:19:11","modified_gmt":"2025-12-10T22:19:11","slug":"ulykker-og-hendelser-trafikk-krevende-bergingsoperasjon-pa-e6-ligger-vanskelig-til","status":"publish","type":"post","link":"https:\/\/www.europesays.com\/no\/109824\/","title":{"rendered":"Ulykker og hendelser, Trafikk | Krevende bergingsoperasjon p\u00e5 E6: \u2013 Ligger vanskelig til"},"content":{"rendered":"\n<p><b>NAMSSKOGAN: <\/b>N\u00f8detatene rykket ut etter melding om brann i en trailer p\u00e5 E6 ved \u00c5sly i Namsskogan.<\/p>\n<p>\u2013 Det er sv\u00e6rt glatt p\u00e5 stedet, opplyste Carina Holl\u00e5s, operasjonsleder i Tr\u00f8ndelag politidistrikt klokka 16.54.<\/p>\n<p>\u2013 Det er kun 4 km nord for tidligere meldt trafikkulykke p\u00e5 E6, Namsskogan.<\/p>\n<p>  <a href=\"https:\/\/www.namdalsavisa.no\/5-121-1514748\" class=\"related-teaser has-image default-story-teaser article--c-eRUmMG article--c-eRUmMG-jKCPdD-design-default\" rel=\"nofollow noopener\" target=\"_blank\"><\/p>\n<p>    <img decoding=\"async\" loading=\"lazy\"  src=\"https:\/\/www.europesays.com\/no\/wp-content\/uploads\/2025\/12\/Skjermbilde+2025-12-10+163252.png\" alt=\"\" class=\"brick-c-cFOWSL\" style=\"\"\/><\/p>\n<p>\n            Les ogs\u00e5<\/p>\n<p>              E6 stengt etter trafikkulykke mellom trailer og to personbiler\n        <\/p>\n<p>  <\/a><\/p>\n<p>Meldinga om brannen kom inn klokka 16.40.<\/p>\n<p>If\u00f8lge vaktleder Alexander Tangen i Midt-Norge 110-sentral oppsto det r\u00f8ykutvikling i en lastebil etter ei utforkj\u00f8ring p\u00e5 glatt f\u00f8re.<\/p>\n<p>\u2013 Det var to lastebiler som kj\u00f8rte ut, og det var r\u00f8ykutvikling fra den ene bilen etterp\u00e5. Men da lokalt brannvesen kom fram, var det ikke lenger r\u00f8ykutvikling fra kj\u00f8ret\u00f8yet, forteller han til NA.<\/p>\n<p>I tillegg til lokalt brannmannskap fra Namsskogan, bidro brannvesenet fra Trofors i Nordland i redningsarbeidet.<\/p>\n<p>E6 vil v\u00e6re stengt under bergingen av de to lastebilene.<\/p>\n<p>\u2013 Berging p\u00e5g\u00e5r n\u00e5 med flere bergingsbiler. Bergingen vil ta mange timer, da kj\u00f8ret\u00f8yet er sv\u00e6rt tungt og ligger vanskelig til, skriver operasjonslederen i en oppdatering i 22-tida.<\/p>\n<p>\u2013 De estimerer bergingstid fram til i morgen tidlig.<\/p>\n<p>Vegvesenet opplyste tidligere at det var beregnet at hovedferdels\u00e5ren ville v\u00e6re \u00e5pnet for trafikk i 18-tida. Men siste oppdatering er klokka 07.00 torsdag morgen.<\/p>\n<p>Vegvesenet melder at det er ett stengt kj\u00f8refelt, og manuell dirigering.<\/p>\n","protected":false},"excerpt":{"rendered":"NAMSSKOGAN: N\u00f8detatene rykket ut etter melding om brann i en trailer p\u00e5 E6 ved \u00c5sly i Namsskogan. \u2013&hellip;\n","protected":false},"author":2,"featured_media":109825,"comment_status":"","ping_status":"","sticky":false,"template":"","format":"standard","meta":{"footnotes":""},"categories":[10],"tags":[36,367,20,21,834,24,25,15,22,23,13551,13,30,28,29,14,16,1510,26,27,224,941],"class_list":{"0":"post-109824","1":"post","2":"type-post","3":"status-publish","4":"format-standard","5":"has-post-thumbnail","7":"category-norge","8":"tag-art","9":"tag-brann","10":"tag-breaking-news","11":"tag-breakingnews","12":"tag-e6","13":"tag-featured-news","14":"tag-featurednews","15":"tag-headlines","16":"tag-latest-news","17":"tag-latestnews","18":"tag-namsskogan","19":"tag-news","20":"tag-no","21":"tag-norge","22":"tag-norway","23":"tag-nyheter","24":"tag-overskrifter","25":"tag-story","26":"tag-top-stories","27":"tag-topstories","28":"tag-trafikk","29":"tag-ulykker-og-hendelser"},"share_on_mastodon":{"url":"https:\/\/pubeurope.com\/@no\/115697599515123002","error":""},"_links":{"self":[{"href":"https:\/\/www.europesays.com\/no\/wp-json\/wp\/v2\/posts\/109824","targetHints":{"allow":["GET"]}}],"collection":[{"href":"https:\/\/www.europesays.com\/no\/wp-json\/wp\/v2\/posts"}],"about":[{"href":"https:\/\/www.europesays.com\/no\/wp-json\/wp\/v2\/types\/post"}],"author":[{"embeddable":true,"href":"https:\/\/www.europesays.com\/no\/wp-json\/wp\/v2\/users\/2"}],"replies":[{"embeddable":true,"href":"https:\/\/www.europesays.com\/no\/wp-json\/wp\/v2\/comments?post=109824"}],"version-history":[{"count":0,"href":"https:\/\/www.europesays.com\/no\/wp-json\/wp\/v2\/posts\/109824\/revisions"}],"wp:featuredmedia":[{"embeddable":true,"href":"https:\/\/www.europesays.com\/no\/wp-json\/wp\/v2\/media\/109825"}],"wp:attachment":[{"href":"https:\/\/www.europesays.com\/no\/wp-json\/wp\/v2\/media?parent=109824"}],"wp:term":[{"taxonomy":"category","embeddable":true,"href":"https:\/\/www.europesays.com\/no\/wp-json\/wp\/v2\/categories?post=109824"},{"taxonomy":"post_tag","embeddable":true,"href":"https:\/\/www.europesays.com\/no\/wp-json\/wp\/v2\/tags?post=109824"}],"curies":[{"name":"wp","href":"https:\/\/api.w.org\/{rel}","templated":true}]}}