{"id":109826,"date":"2025-12-10T22:21:11","date_gmt":"2025-12-10T22:21:11","guid":{"rendered":"https:\/\/www.europesays.com\/no\/109826\/"},"modified":"2025-12-10T22:21:11","modified_gmt":"2025-12-10T22:21:11","slug":"sport-sk-brann-tyrkerne-forventer-motstand-det-blir-en-toff-kamp","status":"publish","type":"post","link":"https:\/\/www.europesays.com\/no\/109826\/","title":{"rendered":"Sport, SK Brann | Tyrkerne forventer motstand: \u2013 Det blir en t\u00f8ff kamp"},"content":{"rendered":"\n<p>Fenerbah\u00e7e er i Bergen!<\/p>\n<p>Litt f\u00f8r klokken 18 gikk hele troppen og st\u00f8tteapparatet inn p\u00e5 Radisson Blu-hotellet \u2013 stedet de skal bo f\u00f8r torsdagens oppgj\u00f8r i Europa League.<\/p>\n<p>Utenfor hotellet sto 16 fans klare til \u00e5 ta dem imot, sammen med dr\u00f8ssevis av sportsjournalister.<\/p>\n<p>Doruk Tecimer fra TRT Spor var \u00e9n av dem. Kanalen er en gren av Tyrkias statskanal, .<\/p>\n<p><b>\u2013 Jeg elsker byen, sier Tecimer til BA. <\/b><\/p>\n<p>\u2013 Men det er kaldt her. Jeg fryser, sier han til tross for vinterjakken og \u00f8revarmerne.<\/p>\n<p>   <img decoding=\"async\" width=\"8256\" height=\"5504\" fetchpriority=\"low\"  loading=\"lazy\"  src=\"https:\/\/www.europesays.com\/no\/wp-content\/uploads\/2025\/12\/1.jpg\" alt=\"Fenerbahce-spillerne ankom Radisson Blu p\u00e5 Bryggen.&#10;Tyrkisk presse var ogs\u00e5 til stede.&#10;&#10;Sportsjournalist i TRT Sport: Doruk Tecimer\" class=\"brick-c-cFOWSL\" style=\"--brick-image-ratio: 8256 \/ 5504;\"\/><\/p>\n<p>      Doruk Tecimer, Sportsjournalist i TRT Spor.<br \/>\n      Foto: ANDERS KJ\u00d8LEN\n    <\/p>\n<p>  Spiller sterkt som et lag<\/p>\n<p>Tecimer har nesten 50.000 f\u00f8lgere p\u00e5 Instagram, og er tydelig en kjent sportsprofil i landet.<\/p>\n<p>Brann spiller sterkt som et lag, mener sportsjournalisten.<\/p>\n<p><b>\u2013 Brann har kanskje ikke superstjerner hver for seg. Men de spiller sterkere som et lag. Fenerbah\u00e7e har flere stjernespillere, men spiller ikke sammen som et lag slik Brann gj\u00f8r, mener Tecimer.<\/b><\/p>\n<p>\u2013 Det sa ogs\u00e5 Alexandersson under <a href=\"https:\/\/www.ba.no\/folg-arets-siste-kamp-brann-fenerbache\/s\/5-8-3240466?p=lc-10677860-75500-bergensavisen \" rel=\"Follow nofollow noopener\" target=\"_blank\">pressekonferansen<\/a>, legger han til.<\/p>\n<p>  <a href=\"https:\/\/www.ba.no\/5-8-3251453\" class=\"related-teaser has-image default-story-teaser article--c-eRUmMG article--c-eRUmMG-jKCPdD-design-default\" rel=\"nofollow noopener\" target=\"_blank\"><\/p>\n<p>    <img decoding=\"async\" loading=\"lazy\"  src=\"https:\/\/www.europesays.com\/no\/wp-content\/uploads\/2025\/12\/DSC_3327.jpg\" alt=\"\" class=\"brick-c-cFOWSL\" style=\"\"\/><\/p>\n<p>\n            Les ogs\u00e5<\/p>\n<p>              Her ankommer superstjernene\n        <\/p>\n<p>  <\/a><br \/>\n  Disse b\u00f8r Brann passe seg for<\/p>\n<p>Onsdag var det elleve grader og overskyet i Istanbul. I Bergen var det \u00e5tte grader og regn. Det er ikke mer enn tre graders forskjell. Tyrkerne hadde nok forventet verre forhold.<\/p>\n<p>\u2013 Men vinden her er kald. Det m\u00e5 spillerne venne seg til, p\u00e5peker Tecimer.<\/p>\n<p>   <img decoding=\"async\" width=\"976\" height=\"1133\" fetchpriority=\"low\"  loading=\"lazy\"  src=\"https:\/\/www.europesays.com\/no\/wp-content\/uploads\/2025\/12\/Skjermbilde+2025-12-10+205455.jpg\" alt=\"\" class=\"brick-c-cFOWSL\" style=\"--brick-image-ratio: 976 \/ 1133;\"\/><\/p>\n<p>      Tecimer har nesten 50.000 f\u00f8lgere.<br \/>\n      Foto: Skjermbilde fra Instagram.\n    <\/p>\n<p>Om det er en spiller Brann b\u00f8r passe seg litt ekstra for, sier Tecimer:<\/p>\n<p>\u2013 Venstrekanten Kerem Akt\u00fcrko\u011flu og den offensive midtbanespilleren Anderson Talisca.<\/p>\n<p><b>\u2013 Flere spillere er skadet, og vi kommer med et skadeskutt lag. Jeg tror det blir en t\u00f8ff kamp.<\/b><\/p>\n<p>Frem med drakter og flagg<\/p>\n<p>Recep Bozkurt har bodd i Bergen i 22 \u00e5r. Han er b\u00e5de Brann og Fenerbah\u00e7e-supporter, og har v\u00e6rt det lenge.<\/p>\n<p><b>\u2013 Mitt hjerte st\u00e5r i Brann, men jeg st\u00f8tter ogs\u00e5 Fenerbah\u00e7e, sier Bozkurt.<\/b><\/p>\n<p>Bozkurt hentet de tyrkiske journalistene p\u00e5 flyplassen tirsdag, og har v\u00e6rt en guide for dem under oppholdet.<\/p>\n<p>\u2013 Jeg har vist dem rundt i byen, og vi har v\u00e6rt p\u00e5 Stadion og filmet. De synes det er en fin by, spesielt n\u00e5 i juletider.<\/p>\n<p>   <img decoding=\"async\" width=\"7705\" height=\"5137\" fetchpriority=\"low\"  loading=\"lazy\"  src=\"https:\/\/www.europesays.com\/no\/wp-content\/uploads\/2025\/12\/2.jpg\" alt=\"Fenerbahce-spillerne ankom Radisson Blu p\u00e5 Bryggen.&#10;Tyrkisk presse var ogs\u00e5 til stede.&#10;&#10;Brann og Fenerbah\u00e7e-supporter Recep Bozkurt\" class=\"brick-c-cFOWSL\" style=\"--brick-image-ratio: 7705 \/ 5137;\"\/><\/p>\n<p>      Recep Bozkurt heier p\u00e5 begge lagene.<br \/>\n      Foto: ANDERS KJ\u00d8LEN\n    <\/p>\n<p>Torsdag skal Bozkurt m\u00f8te andre Fenerbah\u00e7e-supportere f\u00f8r kampen. Tyrkere i Bergen gleder seg til morgendagens kamp.<\/p>\n<p>\u2013 De har tatt frem drakter og flagg, vi klar til kampen. Uansett hvem som vinner blir jeg glad.<\/p>\n<p>\u2013 Mange m\u00e5l<\/p>\n<p>Det er ikke kun norsk-tyrkiske fans som befinner seg i byen. Onsdag ettermiddag m\u00f8tte <a href=\"https:\/\/www.ba.no\/folg-arets-siste-kamp-brann-fenerbache\/s\/5-8-3240466?p=lc-10678025-75500-bergensavisen\" rel=\"Follow nofollow noopener\" target=\"_blank\">BA supportere som har flydd fra Istanbul.<\/a><\/p>\n<p>Basbu\u011f Hayrullah er leder for Fenerbah\u00e7e sin forening i Gelsenkirchen. Han og fire andre har reist fra Tyskland for \u00e5 f\u00e5 med seg kampen.<\/p>\n<p>Hayrullah sto klar for \u00e5 ta imot spillerne. Til anledningen har han p\u00e5 seg Fenerbah\u00e7e-skjerfet.<\/p>\n<p>\u2013 Jeg har studert Brann litt, og har f\u00e5tt med meg at de pleier \u00e5 score hver kamp. Jeg tror det blir en kamp med mange m\u00e5l fra begge lag.<\/p>\n<p>Han forventer motstand fra Brann.<\/p>\n<p><b>\u2013 Det blir en hard kamp.<\/b><\/p>\n","protected":false},"excerpt":{"rendered":"Fenerbah\u00e7e er i Bergen! Litt f\u00f8r klokken 18 gikk hele troppen og st\u00f8tteapparatet inn p\u00e5 Radisson Blu-hotellet \u2013&hellip;\n","protected":false},"author":2,"featured_media":109827,"comment_status":"","ping_status":"","sticky":false,"template":"","format":"standard","meta":{"footnotes":""},"categories":[59],"tags":[36,3704,92,30,28,29,447,418,83,82,1510],"class_list":{"0":"post-109826","1":"post","2":"type-post","3":"status-publish","4":"format-standard","5":"has-post-thumbnail","7":"category-sport","8":"tag-art","9":"tag-fenerbahce","10":"tag-fotball","11":"tag-no","12":"tag-norge","13":"tag-norway","14":"tag-nyhet","15":"tag-sk-brann","16":"tag-sport","17":"tag-sports","18":"tag-story"},"share_on_mastodon":{"url":"https:\/\/pubeurope.com\/@no\/115697607453269122","error":""},"_links":{"self":[{"href":"https:\/\/www.europesays.com\/no\/wp-json\/wp\/v2\/posts\/109826","targetHints":{"allow":["GET"]}}],"collection":[{"href":"https:\/\/www.europesays.com\/no\/wp-json\/wp\/v2\/posts"}],"about":[{"href":"https:\/\/www.europesays.com\/no\/wp-json\/wp\/v2\/types\/post"}],"author":[{"embeddable":true,"href":"https:\/\/www.europesays.com\/no\/wp-json\/wp\/v2\/users\/2"}],"replies":[{"embeddable":true,"href":"https:\/\/www.europesays.com\/no\/wp-json\/wp\/v2\/comments?post=109826"}],"version-history":[{"count":0,"href":"https:\/\/www.europesays.com\/no\/wp-json\/wp\/v2\/posts\/109826\/revisions"}],"wp:featuredmedia":[{"embeddable":true,"href":"https:\/\/www.europesays.com\/no\/wp-json\/wp\/v2\/media\/109827"}],"wp:attachment":[{"href":"https:\/\/www.europesays.com\/no\/wp-json\/wp\/v2\/media?parent=109826"}],"wp:term":[{"taxonomy":"category","embeddable":true,"href":"https:\/\/www.europesays.com\/no\/wp-json\/wp\/v2\/categories?post=109826"},{"taxonomy":"post_tag","embeddable":true,"href":"https:\/\/www.europesays.com\/no\/wp-json\/wp\/v2\/tags?post=109826"}],"curies":[{"name":"wp","href":"https:\/\/api.w.org\/{rel}","templated":true}]}}