{"id":109836,"date":"2025-12-10T22:32:16","date_gmt":"2025-12-10T22:32:16","guid":{"rendered":"https:\/\/www.europesays.com\/no\/109836\/"},"modified":"2025-12-10T22:32:16","modified_gmt":"2025-12-10T22:32:16","slug":"vi-har-ikke-lukket-doren","status":"publish","type":"post","link":"https:\/\/www.europesays.com\/no\/109836\/","title":{"rendered":"\u2013 Vi har ikke lukket d\u00f8ren"},"content":{"rendered":"\n<p class=\"_lead_o9xde_2 _lead_xtcu6_50 layout-component text-serif-m layout-normal text-serif-l layout-component layout-wide layout-padded _wide_17hqh_1 layout-padded\">Statsminister Jonas Gahr St\u00f8re sier det kan v\u00e6re aktuelt for Norge \u00e5 samarbeide med EU for vurdere om det skal opprettes retursentre for asyls\u00f8kere.<\/p>\n<p><img alt=\"St\u00f8re p\u00e5 vei inn til utdelingen av Nobels fredspris tidligere i dag. Foto: Gorm Kallestad \/ NTB\" class=\"_image_qp4xg_65 layout-component layout-wide\" data-fullscreen- data-track-element-type=\"Article image fullscreen\" data-track-name=\"ImageFullscreen\" fetchpriority=\"high\" decoding=\"sync\" loading=\"eager\" height=\"5760\" itemprop=\"image\"  src=\"https:\/\/www.europesays.com\/no\/wp-content\/uploads\/2025\/12\/1677bbd6-707d-4af3-85de-3181a8d14664\"  style=\"object-position:0% 0%\" width=\"8640\"\/>St\u00f8re p\u00e5 vei inn til utdelingen av Nobels fredspris tidligere i dag. Foto: Gorm Kallestad \/ NTB<\/p>\n<ul aria-hidden=\"true\" class=\"_images_ntbth_112\">\n<li><a class=\"_link_ntbth_117\" href=\"https:\/\/www.vg.no\/forfatter\/bjoern-haugan\" style=\"z-index:2\" title=\"Bj\u00f8rn Haugan\" rel=\"nofollow noopener\" target=\"_blank\"><img alt=\"Bilde av Bj\u00f8rn Haugan\" class=\"_image_ntbth_93\" fetchpriority=\"low\" loading=\"lazy\" decoding=\"async\" itemprop=\"image\"  src=\"https:\/\/www.europesays.com\/no\/wp-content\/uploads\/2025\/12\/1765405933_816_6e157728-9e48-4dce-80f0-802581687058\"  width=\"480\"\/><\/a><\/li>\n<li><a class=\"_link_ntbth_117\" href=\"https:\/\/www.vg.no\/forfatter\/ingrid-storeboe\" style=\"z-index:1\" title=\"Ingrid Storeb\u00f8\" rel=\"nofollow noopener\" target=\"_blank\"><img alt=\"Bilde av Ingrid Storeb\u00f8\" class=\"_image_ntbth_93\" fetchpriority=\"low\" loading=\"lazy\" decoding=\"async\" itemprop=\"image\"  src=\"https:\/\/www.europesays.com\/no\/wp-content\/uploads\/2025\/12\/1765405934_312_b3fc896d-536d-4041-8257-79b6b2cd3323\"  width=\"480\"\/><\/a><\/li>\n<\/ul>\n<p> Oppdatert onsdag 10. desember kl. 20:00    <\/p>\n<ul class=\"_list_o9xde_3 _list_64s2r_85 _unordered_o9xde_106 text-sans-m\">\n<li class=\"_item_o9xde_30\">Statsminister St\u00f8re \u00e5pner for at Norge kan samarbeide med EU om retursentre for asyls\u00f8kere.<\/li>\n<li class=\"_item_o9xde_30\">SV kaller forslaget uverdig og usolidarisk, if\u00f8lge Anne Lise Fredlund.<\/li>\n<li class=\"_item_o9xde_30\">EU har foresl\u00e5tt asylmottak utenfor Europa og en felles liste over sikre opprinnelsesland.<\/li>\n<li class=\"_item_o9xde_30\">FrPs Erlend Wiborg st\u00f8tter forslaget og mener Arbeiderpartiet har tatt igjen FrPs linje.<\/li>\n<\/ul>\n<p>Vis mer <\/p>\n<p class=\"_paragraph_o9xde_4 _paragraph_xtcu6_10 layout-component text-serif-m layout-normal text-serif-m layout-padded\">EU-landenes innenriksministere har nylig anbefalt at EU vurdere \u00e5 opprette retursentre for asyls\u00f8kere utenfor EU.<\/p>\n<p>SV: \u2013 Dette er uverdig, kynisk og usolidarisk<\/p>\n<p class=\"_paragraph_o9xde_4 _paragraph_xtcu6_10 layout-component text-serif-m layout-normal text-serif-m layout-padded\">Det sier Anne Lise Fredlund, SVs innvandringspolitiske talsperson, om at Arbeiderpartiet \u00e5pner for asylmottak i tredjeland.<\/p>\n<p><img decoding=\"async\" alt=\"Bilde av Anne Lise Fredlund\" class=\"_image_ygndg_42\" height=\"27\" itemprop=\"image\" loading=\"lazy\"  src=\"https:\/\/www.europesays.com\/no\/wp-content\/uploads\/2025\/12\/a1bcfb58-34dc-41a4-b37b-9a42387675cf\"  width=\"40\"\/><strong class=\"_name_ygndg_51 title-serif-xs\">Anne Lise Fredlund<\/strong><\/p>\n<p class=\"_paragraph_o9xde_4 _paragraph_xtcu6_10 layout-component text-serif-m layout-normal text-serif-m layout-padded\">Hun utdyper:<\/p>\n<p class=\"_paragraph_o9xde_4 _paragraph_xtcu6_10 layout-component text-serif-m layout-normal text-serif-m layout-padded\">\u2013 Det er en grunn til at s\u00e5 mange domstoler har satt foten ned for asylmottak i tredjeland. Asyl er en rettighet og asyls\u00f8kere er mennesker. Man kan rett og slett ikke garantere deres rettigheter og sikkerhet i tredjeland.<\/p>\n<p class=\"_paragraph_o9xde_4 _paragraph_xtcu6_10 layout-component text-serif-m layout-normal text-serif-m layout-padded\"><strong class=\"_strong_o9xde_25\">Justisminister Astri Aas-Hansen sa til NRK onsdag ettermiddag at det ogs\u00e5 er aktuelt for Norge.<\/strong><\/p>\n<p class=\"_paragraph_o9xde_4 _paragraph_xtcu6_10 layout-component text-serif-m layout-normal text-serif-m layout-padded\">St\u00f8re bekrefter det overfor VG.<\/p>\n<p class=\"_paragraph_o9xde_4 _paragraph_xtcu6_10 layout-component text-serif-m layout-normal text-serif-m layout-padded\">\u2013 Vi m\u00e5 studere hva de har vedtatt, men vi lukker ikke d\u00f8ren for det hvis det gj\u00f8res i en europeisk sammenheng, med andre europeiske land, som legger grunnleggende rettsprinsipper til grunn, sier statsminister St\u00f8re.<\/p>\n<p>Uenigheter i partiet <\/p>\n<p class=\"_paragraph_o9xde_4 _paragraph_xtcu6_10 layout-component text-serif-m layout-normal text-serif-m layout-padded\">Men ikke alle er enige i at forslaget er aktuelt for Norge.<\/p>\n<p class=\"_paragraph_o9xde_4 _paragraph_xtcu6_10 layout-component text-serif-m layout-normal text-serif-m layout-padded\">\u2013 Dette forslaget er fullstendig uoriginalt. FrP foreslo dette i fjor. For tre m\u00e5neder siden fikk venstresiden et stort flertall bak seg under stortingsvalget. Da synes jeg det er t\u00e5pelig av Arbeiderpartiet \u00e5 kopiere FrP, sier AUF-leder, Nimrah Ramzan, om asyl og APs varsling om innstramminger i innvandringspolitikken.<\/p>\n<p><img alt=\"Statsminister Jonas Gahr St\u00f8re (Ap) bes\u00f8kte AUFs sommerleir p\u00e5 Ut\u00f8ya i sommer. Her sitter han sammen med tidligere AUF-leder Gaute B\u00f8rstad Skjerv\u00f8, og n\u00e5v\u00e6rende leder Nimrah Ramzan.  Foto: Lise \u00c5serud \/ NTB\" class=\"_image_qp4xg_65 layout-component layout-normal\" data-fullscreen- data-track-element-type=\"Article image fullscreen\" data-track-name=\"ImageFullscreen\" decoding=\"async\" loading=\"lazy\" height=\"4000\" itemprop=\"image\"  src=\"https:\/\/www.europesays.com\/no\/wp-content\/uploads\/2025\/12\/ee9dd2d7-2306-4e7a-8e71-cfb732fcedb5\"  style=\"object-position:0% 0%\" width=\"6000\"\/>Statsminister Jonas Gahr St\u00f8re (Ap) bes\u00f8kte AUFs sommerleir p\u00e5 Ut\u00f8ya i sommer. Her sitter han sammen med tidligere AUF-leder Gaute B\u00f8rstad Skjerv\u00f8, og n\u00e5v\u00e6rende leder Nimrah Ramzan.  Foto: Lise \u00c5serud \/ NTB<\/p>\n<p class=\"_paragraph_o9xde_4 _paragraph_xtcu6_10 layout-component text-serif-m layout-normal text-serif-m layout-padded\">Tidligere denne uken ble EU-landenes innenriksministre enige om et lovforslag som \u00e5pner for \u00e5 opprette asylmottak utenfor EU.<\/p>\n<p class=\"_paragraph_o9xde_4 _paragraph_xtcu6_10 layout-component text-serif-m layout-normal text-serif-m layout-padded\">F\u00f8r forslaget kan bli til fast lov, m\u00e5 det forhandles i EU-parlamentet.<\/p>\n<p class=\"_paragraph_o9xde_4 _paragraph_xtcu6_10 layout-component text-serif-m layout-normal text-serif-m layout-padded\">If\u00f8lge det danske nyhetsbyr\u00e5et Ritzau vil EU deretter begynne \u00e5 lete etter land utenfor EU som er villige til \u00e5 ta imot slike mottakssentre. Asyls\u00f8kere kan da bli sendt dit mens s\u00f8knaden deres behandles i EU.<\/p>\n<p><img alt=\"President Ursula von der Leyen og EUs migrasjonskommiss\u00e6r Magnus Brunner deltok p\u00e5 den internasjonale konferansen for Global Alliance to Counter Migrant Smuggling i Brussel 10. desember 2025.   Foto: OLIVIER HOSLET \/ EPA \/ NTB\" class=\"_image_qp4xg_65 layout-component layout-normal\" data-fullscreen- data-track-element-type=\"Article image fullscreen\" data-track-name=\"ImageFullscreen\" decoding=\"async\" loading=\"lazy\" height=\"2755\" itemprop=\"image\"  src=\"https:\/\/www.europesays.com\/no\/wp-content\/uploads\/2025\/12\/d3e1ffd4-b92f-435c-9064-1a82d61c6726\"  style=\"object-position:0% 0%\" width=\"4149\"\/>President Ursula von der Leyen og EUs migrasjonskommiss\u00e6r Magnus Brunner deltok p\u00e5 den internasjonale konferansen for Global Alliance to Counter Migrant Smuggling i Brussel 10. desember 2025.   Foto: OLIVIER HOSLET \/ EPA \/ NTB<\/p>\n<p class=\"_paragraph_o9xde_4 _paragraph_xtcu6_10 layout-component text-serif-m layout-normal text-serif-m layout-padded\">Det nye regelverket inneb\u00e6rer ogs\u00e5 at personer uten oppholdstillatelse ikke bare m\u00e5 forlate landet de befinner seg i, men hele Schengen- og EU-omr\u00e5det.<\/p>\n<p class=\"_paragraph_o9xde_4 _paragraph_xtcu6_10 layout-component text-serif-m layout-normal text-serif-m layout-padded\">Det opplyser Justis- og beredskapsdepartementet.Ritzau melder ogs\u00e5 at EU-landene har blitt enige om en felles liste over s\u00e5kalte \u00absikre opprinnelsesland\u00bb.<\/p>\n<p class=\"_paragraph_o9xde_4 _paragraph_xtcu6_10 layout-component text-serif-m layout-normal text-serif-m layout-padded\">Personer som s\u00f8ker asyl fra disse landene skal f\u00e5 sakene sine behandlet raskt og eventuelt bli returnert, siden de ikke regnes for \u00e5 ha behov for beskyttelse.<\/p>\n<p class=\"_paragraph_o9xde_4 _paragraph_xtcu6_10 layout-component text-serif-m layout-normal text-serif-m layout-padded\">Landene som er foresl\u00e5tt som sikre, er blant andre: EU-kandidatlandene, Kosovo, Bangladesh, Colombia, Egypt, India, Marokko og Tunisia.<\/p>\n<p>Ser ingen grunn til lang behandlingstid<\/p>\n<p class=\"_paragraph_o9xde_4 _paragraph_xtcu6_10 layout-component text-serif-m layout-normal text-serif-m layout-padded\">\u2013 Det er ingen grunn til at regjeringen b\u00f8r bruke lang tid p\u00e5 \u00e5 vurdere dette. Norge er helt avhengig av \u00e5 f\u00f8lge EUs innstramminger for ikke \u00e5 bli frihavn i Europa, sier Tage Pettersen, H\u00f8yres innvandringspolitiske talsperson.<\/p>\n<p><img decoding=\"async\" alt=\"Bilde av Tage Pettersen\" class=\"_image_ygndg_42\" height=\"27\" itemprop=\"image\" loading=\"lazy\"  src=\"https:\/\/www.europesays.com\/no\/wp-content\/uploads\/2025\/12\/9f81ffb9-26d0-40cd-a20d-f20bb0735d39\"  width=\"40\"\/><strong class=\"_name_ygndg_51 title-serif-xs\">Tage Pettersen<\/strong><\/p>\n<p class=\"_paragraph_o9xde_4 _paragraph_xtcu6_10 layout-component text-serif-m layout-normal text-serif-m layout-padded\">Han mener kunngj\u00f8ringen fra kunnskapsminister Tonje Brenna er innholdsl\u00f8s uten konkrete tiltak, og peker p\u00e5 at H\u00f8yre vil gj\u00f8re familiegjenforening vanskeligere som del av en strammere linje.<\/p>\n<p>\u2013 Jeg er glad for at Arbeiderpartiet n\u00e5 snur<\/p>\n<p class=\"_paragraph_o9xde_4 _paragraph_xtcu6_10 layout-component text-serif-m layout-normal text-serif-m layout-padded\">Erlend Wiborg, innvandringspolitisk talsperson for FrP, understreker at partiet siden 2009 har arbeidet for en omlegging av asylsystemet, blant annet gjennom \u00e5 opprette asylmottak i tredjeland.<\/p>\n<p><img alt=\"Frps Sylvi Listhaug og Erlend Wiborg p\u00e5 tur p\u00e5 Gr\u00f8nland Torg i 2024.   Foto: Xueqi Pang \/ VG\" class=\"_image_qp4xg_65 layout-component layout-normal\" data-fullscreen- data-track-element-type=\"Article image fullscreen\" data-track-name=\"ImageFullscreen\" decoding=\"async\" loading=\"lazy\" height=\"5148\" itemprop=\"image\"  src=\"https:\/\/www.europesays.com\/no\/wp-content\/uploads\/2025\/12\/65c728c4-15b0-4438-8416-26fb545ee2a8\"  style=\"object-position:0% 0%\" width=\"7718\"\/>Frps Sylvi Listhaug og Erlend Wiborg p\u00e5 tur p\u00e5 Gr\u00f8nland Torg i 2024.   Foto: Xueqi Pang \/ VG<\/p>\n<p class=\"_paragraph_o9xde_4 _paragraph_xtcu6_10 layout-component text-serif-m layout-normal text-serif-m layout-padded\">\u2013 Jeg er vant til at FrP f\u00f8rst blir kritisert og latterliggjort for v\u00e5re forslag om en strengere innvandringspolitikk, for s\u00e5 flere ti\u00e5r etter kommer AP etter. Det er bare synd at f\u00f8rst v\u00e5ger \u00e5 snu n\u00e5r EU snur, sier Wiborg.<\/p>\n","protected":false},"excerpt":{"rendered":"Statsminister Jonas Gahr St\u00f8re sier det kan v\u00e6re aktuelt for Norge \u00e5 samarbeide med EU for vurdere om&hellip;\n","protected":false},"author":2,"featured_media":109837,"comment_status":"","ping_status":"","sticky":false,"template":"","format":"standard","meta":{"footnotes":""},"categories":[12],"tags":[13416,20,21,24,25,15,5636,201,22,23,13,30,28,29,14,16,26,27,42,43,44,45],"class_list":{"0":"post-109836","1":"post","2":"type-post","3":"status-publish","4":"format-standard","5":"has-post-thumbnail","7":"category-verden","8":"tag-asylsokere","9":"tag-breaking-news","10":"tag-breakingnews","11":"tag-featured-news","12":"tag-featurednews","13":"tag-headlines","14":"tag-innvandringspolitikk","15":"tag-jonas-gahr-store","16":"tag-latest-news","17":"tag-latestnews","18":"tag-news","19":"tag-no","20":"tag-norge","21":"tag-norway","22":"tag-nyheter","23":"tag-overskrifter","24":"tag-top-stories","25":"tag-topstories","26":"tag-verden","27":"tag-world","28":"tag-world-news","29":"tag-worldnews"},"share_on_mastodon":{"url":"https:\/\/pubeurope.com\/@no\/115697650800392332","error":""},"_links":{"self":[{"href":"https:\/\/www.europesays.com\/no\/wp-json\/wp\/v2\/posts\/109836","targetHints":{"allow":["GET"]}}],"collection":[{"href":"https:\/\/www.europesays.com\/no\/wp-json\/wp\/v2\/posts"}],"about":[{"href":"https:\/\/www.europesays.com\/no\/wp-json\/wp\/v2\/types\/post"}],"author":[{"embeddable":true,"href":"https:\/\/www.europesays.com\/no\/wp-json\/wp\/v2\/users\/2"}],"replies":[{"embeddable":true,"href":"https:\/\/www.europesays.com\/no\/wp-json\/wp\/v2\/comments?post=109836"}],"version-history":[{"count":0,"href":"https:\/\/www.europesays.com\/no\/wp-json\/wp\/v2\/posts\/109836\/revisions"}],"wp:featuredmedia":[{"embeddable":true,"href":"https:\/\/www.europesays.com\/no\/wp-json\/wp\/v2\/media\/109837"}],"wp:attachment":[{"href":"https:\/\/www.europesays.com\/no\/wp-json\/wp\/v2\/media?parent=109836"}],"wp:term":[{"taxonomy":"category","embeddable":true,"href":"https:\/\/www.europesays.com\/no\/wp-json\/wp\/v2\/categories?post=109836"},{"taxonomy":"post_tag","embeddable":true,"href":"https:\/\/www.europesays.com\/no\/wp-json\/wp\/v2\/tags?post=109836"}],"curies":[{"name":"wp","href":"https:\/\/api.w.org\/{rel}","templated":true}]}}