{"id":109850,"date":"2025-12-10T22:48:29","date_gmt":"2025-12-10T22:48:29","guid":{"rendered":"https:\/\/www.europesays.com\/no\/109850\/"},"modified":"2025-12-10T22:48:29","modified_gmt":"2025-12-10T22:48:29","slug":"flyktninghjelpen-avviser-pastander-om-hamas-samarbeid","status":"publish","type":"post","link":"https:\/\/www.europesays.com\/no\/109850\/","title":{"rendered":"Flyktninghjelpen avviser p\u00e5stander om Hamas-samarbeid"},"content":{"rendered":"<p><strong>Flyktninghjelpen tilbakeviser kraftig en ny rapport fra den israelske organisasjonen NGO Monitor, som hevder at lekkede Hamas-dokumenter viser at den norske hjelpeorganisasjonen har samarbeidet med eller blitt p\u00e5virket av Hamas i Gaza. Det melder <a href=\"https:\/\/www.tv2.no\/nyheter\/utenriks\/flyktninghjelpen-har-ikke-samarbeidet-med-hamas\/18366465\/\" rel=\"nofollow noopener\" target=\"_blank\">TV2<\/a>.<br \/><\/strong><br \/>Dokumentene, som angivelig stammer fra perioden 2018\u20132022, omtaler to lokale personer tilknyttet organisasjonen som s\u00e5kalte \u00abgarantister\u00bb.<\/p>\n<p>If\u00f8lge NGO Monitor skal slike garantister brukes av Hamas for \u00e5 kontrollere NGO-aktivitet i omr\u00e5det. En av dem beskrives i dokumentene som administrerende direkt\u00f8r og som en person som st\u00f8tter Hamas. Flyktninghjelpen mener imidlertid at b\u00e5de funksjon og rolle er misforst\u00e5tt, og at begrepet ikke inneb\u00e6rer innflytelse over organisasjonens arbeid. <\/p>\n<p>\u2013 Vi har ingen kunnskap som tilsier at ansatte er tilknyttet Hamas, sier Camilla Waszink, direkt\u00f8r for partnerskap og policy, som understreker at alle ansatte gjennomg\u00e5r bakgrunnssjekker og screening.<\/p>\n<p>Hun avviser ogs\u00e5 omtalen av garantistenes myndighet og beskriver dem som personer som kun sender inn reisetillatelser for internasjonale ansatte gjennom myndighetenes elektroniske systemer. <\/p>\n<p>\u2013 Dette gir dem ikke noen autoritet eller beslutningsmyndighet over v\u00e5re operasjoner, sier hun og viser til at Flyktninghjelpen tidligere har stanset alt arbeid i Gaza n\u00e5r de ikke fikk operere uavhengig.<\/p>\n<p>NGO Monitor p\u00e5 sin side hevder at dokumentene gjenspeiler Hamas\u2019 egne vurderinger, og avviser Flyktninghjelpens kritikk av rapportens innhold. Organisasjonen beskriver seg som uavhengig, men m\u00f8ter kritikk fra forskningsmilj\u00f8er som mener den har tette b\u00e5nd til israelske myndigheter og fremmer et snevert perspektiv i Israel\u2013Palestina-konflikten.<\/p>\n<p>Kritikere viser til fagfellevurdert forskning som peker p\u00e5 at NGO Monitor s\u00e6rlig retter seg mot organisasjoner som arbeider med palestinske menneskerettigheter. Unders\u00f8kelser fra gravegruppen Forbidden Stories hevder ogs\u00e5 at organisasjonen inng\u00e5r i et nettverk med koblinger til israelske statlige akt\u00f8rer og fors\u00f8k p\u00e5 \u00e5 svekke finansiering til rettighetsarbeid.<\/p>\n<p>Flyktninghjelpen fastholder at p\u00e5standene i rapporten er feilaktige og svakt dokumentert. Organisasjonen sier at gjennomgangen av dokumentene ikke viser noe som tilsier regelbrudd eller svekkede kontrollrutiner.<\/p>\n","protected":false},"excerpt":{"rendered":"Flyktninghjelpen tilbakeviser kraftig en ny rapport fra den israelske organisasjonen NGO Monitor, som hevder at lekkede Hamas-dokumenter viser&hellip;\n","protected":false},"author":2,"featured_media":12714,"comment_status":"","ping_status":"","sticky":false,"template":"","format":"standard","meta":{"footnotes":""},"categories":[12],"tags":[20,21,24,25,13552,53,566,15,52,22,23,13,30,28,29,14,16,26,27,42,43,44,45],"class_list":{"0":"post-109850","1":"post","2":"type-post","3":"status-publish","4":"format-standard","5":"has-post-thumbnail","7":"category-verden","8":"tag-breaking-news","9":"tag-breakingnews","10":"tag-featured-news","11":"tag-featurednews","12":"tag-flyktninghjelpen","13":"tag-gaza","14":"tag-hamas","15":"tag-headlines","16":"tag-israel","17":"tag-latest-news","18":"tag-latestnews","19":"tag-news","20":"tag-no","21":"tag-norge","22":"tag-norway","23":"tag-nyheter","24":"tag-overskrifter","25":"tag-top-stories","26":"tag-topstories","27":"tag-verden","28":"tag-world","29":"tag-world-news","30":"tag-worldnews"},"share_on_mastodon":{"url":"https:\/\/pubeurope.com\/@no\/115697713322005905","error":""},"_links":{"self":[{"href":"https:\/\/www.europesays.com\/no\/wp-json\/wp\/v2\/posts\/109850","targetHints":{"allow":["GET"]}}],"collection":[{"href":"https:\/\/www.europesays.com\/no\/wp-json\/wp\/v2\/posts"}],"about":[{"href":"https:\/\/www.europesays.com\/no\/wp-json\/wp\/v2\/types\/post"}],"author":[{"embeddable":true,"href":"https:\/\/www.europesays.com\/no\/wp-json\/wp\/v2\/users\/2"}],"replies":[{"embeddable":true,"href":"https:\/\/www.europesays.com\/no\/wp-json\/wp\/v2\/comments?post=109850"}],"version-history":[{"count":0,"href":"https:\/\/www.europesays.com\/no\/wp-json\/wp\/v2\/posts\/109850\/revisions"}],"wp:featuredmedia":[{"embeddable":true,"href":"https:\/\/www.europesays.com\/no\/wp-json\/wp\/v2\/media\/12714"}],"wp:attachment":[{"href":"https:\/\/www.europesays.com\/no\/wp-json\/wp\/v2\/media?parent=109850"}],"wp:term":[{"taxonomy":"category","embeddable":true,"href":"https:\/\/www.europesays.com\/no\/wp-json\/wp\/v2\/categories?post=109850"},{"taxonomy":"post_tag","embeddable":true,"href":"https:\/\/www.europesays.com\/no\/wp-json\/wp\/v2\/tags?post=109850"}],"curies":[{"name":"wp","href":"https:\/\/api.w.org\/{rel}","templated":true}]}}