{"id":109855,"date":"2025-12-10T22:59:15","date_gmt":"2025-12-10T22:59:15","guid":{"rendered":"https:\/\/www.europesays.com\/no\/109855\/"},"modified":"2025-12-10T22:59:15","modified_gmt":"2025-12-10T22:59:15","slug":"sport-sogndal-fk-damer-han-er-ny-trenar-for-damelaget-denne-sjansen-kunne-eg-ikkje-la-ga-fra-meg","status":"publish","type":"post","link":"https:\/\/www.europesays.com\/no\/109855\/","title":{"rendered":"Sport, Sogndal FK Damer | Han er ny trenar for damelaget: \u2013 Denne sjansen kunne eg ikkje la g\u00e5 fr\u00e5 meg"},"content":{"rendered":"\n<p>Det melder klubben sj\u00f8lv p\u00e5 si <a href=\"https:\/\/www.sogndalfk-damer.no\/nyheiter\/magne-elde-er-vr-nye-hovudtrenar-velkommen\" rel=\"Follow nofollow noopener\" target=\"_blank\">nettside<\/a>.<\/p>\n<p>\u2013 \u00c5 vera hovudtrenar i Sogndal FK Damer er ein av dei mest spennande og interessante trenarjobbane i v\u00e5rt omr\u00e5de og det er med stor lyst, iver og glede eg no ser fram til \u00e5 starta jobben med \u00e5 levera for klubben dei neste \u00e5ra, seier han.<\/p>\n<p>Elde har brei erfaring og starta trenargjerninga si p\u00e5 90-talet i Bremanger IL, der han ogs\u00e5 kjem fr\u00e5. Han har dei siste 20 \u00e5ra jobba 100 prosent i fotballen, b\u00e5de i krets og klubb. Her han prim\u00e6rt vore trenar, men har ogs\u00e5 hatt ulike leiarverv i Bremanger, Sogn og Fjordane Fotballkrets, M\u00e5l\u00f8y, Fortuna \u00c5lesund, Blindheim og siste \u00e5ret i H\u00f8dd Fotball, der han har vore utviklingsleiar.<\/p>\n<p>\u2013 Eg har trivest utruleg godt i H\u00f8dd Fotball, men d\u00e5 denne moglegheita i Sogndal FK Damer kom opp, s\u00e5 kjende eg at denne sjansen kunne eg ikkje la g\u00e5 fr\u00e5 meg, seier Elde til klubben si nettside.<\/p>\n<p>  <a href=\"https:\/\/www.sognavis.no\/5-115-1369724\" class=\"related-teaser has-image default-story-teaser article--c-eRUmMG article--c-eRUmMG-jKCPdD-design-default\" rel=\"nofollow noopener\" target=\"_blank\"><\/p>\n<p>    <img decoding=\"async\" loading=\"lazy\"  src=\"https:\/\/www.europesays.com\/no\/wp-content\/uploads\/2025\/12\/013A7602.JPG\" alt=\"\" class=\"brick-c-cFOWSL\" style=\"\"\/><\/p>\n<p>\n            Les ogs\u00e5<\/p>\n<p>              Martin takkar for seg \u2013 og snart ventar det som vil bli den st\u00f8rste utfordringa til no i livet\n        <\/p>\n<p>  <\/a><\/p>\n<p>  <a href=\"https:\/\/www.sognavis.no\/5-115-1371205\" class=\"related-teaser has-image default-story-teaser article--c-eRUmMG article--c-eRUmMG-jKCPdD-design-default\" rel=\"nofollow noopener\" target=\"_blank\"><\/p>\n<p>    <img decoding=\"async\" loading=\"lazy\"  src=\"https:\/\/www.europesays.com\/no\/wp-content\/uploads\/2025\/12\/B67I5197.JPG\" alt=\"\" class=\"brick-c-cFOWSL\" style=\"\"\/><\/p>\n<p>\n            Les ogs\u00e5<\/p>\n<p>              Dei har festa seg til kartet \u2013 men no st\u00e5r Sebastian og kompani ved eit vegskilje\n        <\/p>\n<p>  <\/a><\/p>\n<p>Dagleg- og sportsleg leiar Sebastian Kaldestad, seier klubben er veldig godt n\u00f8gd med tilsetjinga av Elde.<\/p>\n<p>\u2013 Han er ein erfaren trenar som kjenner fylket godt, han har a-lisens, er ein gjennomf\u00f8rer og er klar og tydleg p\u00e5 feltet. Han har ogs\u00e5 veldig relevant trenarerfaring.<\/p>\n","protected":false},"excerpt":{"rendered":"Det melder klubben sj\u00f8lv p\u00e5 si nettside. \u2013 \u00c5 vera hovudtrenar i Sogndal FK Damer er ein av&hellip;\n","protected":false},"author":2,"featured_media":109856,"comment_status":"","ping_status":"","sticky":false,"template":"","format":"standard","meta":{"footnotes":""},"categories":[59],"tags":[36,13554,30,28,29,13553,83,82,1510],"class_list":{"0":"post-109855","1":"post","2":"type-post","3":"status-publish","4":"format-standard","5":"has-post-thumbnail","7":"category-sport","8":"tag-art","9":"tag-forball","10":"tag-no","11":"tag-norge","12":"tag-norway","13":"tag-sogndal-fk-damer","14":"tag-sport","15":"tag-sports","16":"tag-story"},"share_on_mastodon":{"url":"https:\/\/pubeurope.com\/@no\/115697757092407355","error":""},"_links":{"self":[{"href":"https:\/\/www.europesays.com\/no\/wp-json\/wp\/v2\/posts\/109855","targetHints":{"allow":["GET"]}}],"collection":[{"href":"https:\/\/www.europesays.com\/no\/wp-json\/wp\/v2\/posts"}],"about":[{"href":"https:\/\/www.europesays.com\/no\/wp-json\/wp\/v2\/types\/post"}],"author":[{"embeddable":true,"href":"https:\/\/www.europesays.com\/no\/wp-json\/wp\/v2\/users\/2"}],"replies":[{"embeddable":true,"href":"https:\/\/www.europesays.com\/no\/wp-json\/wp\/v2\/comments?post=109855"}],"version-history":[{"count":0,"href":"https:\/\/www.europesays.com\/no\/wp-json\/wp\/v2\/posts\/109855\/revisions"}],"wp:featuredmedia":[{"embeddable":true,"href":"https:\/\/www.europesays.com\/no\/wp-json\/wp\/v2\/media\/109856"}],"wp:attachment":[{"href":"https:\/\/www.europesays.com\/no\/wp-json\/wp\/v2\/media?parent=109855"}],"wp:term":[{"taxonomy":"category","embeddable":true,"href":"https:\/\/www.europesays.com\/no\/wp-json\/wp\/v2\/categories?post=109855"},{"taxonomy":"post_tag","embeddable":true,"href":"https:\/\/www.europesays.com\/no\/wp-json\/wp\/v2\/tags?post=109855"}],"curies":[{"name":"wp","href":"https:\/\/api.w.org\/{rel}","templated":true}]}}