{"id":109871,"date":"2025-12-10T23:36:48","date_gmt":"2025-12-10T23:36:48","guid":{"rendered":"https:\/\/www.europesays.com\/no\/109871\/"},"modified":"2025-12-10T23:36:48","modified_gmt":"2025-12-10T23:36:48","slug":"kommentar-oyvind-nordmo-sivertsen-hans-toffeste-jobb-noen-gang","status":"publish","type":"post","link":"https:\/\/www.europesays.com\/no\/109871\/","title":{"rendered":"Kommentar, \u00d8yvind Nordmo Sivertsen | Hans t\u00f8ffeste jobb noen gang"},"content":{"rendered":"\n<p><b>KOMMENTAR: <\/b>For en kamp \u00abGutan\u00bb leverte da det virkelig gjaldt. Kristiansund var ikke i n\u00e6rheten i den bitende kulda p\u00e5 Nordm\u00f8re stadion s\u00f8ndag for en dr\u00f8y uke siden. Jens Hjert\u00f8-Dahl &amp; co. valset over KBK, og burde vunnet med fire-fem m\u00e5l. Men 3\u20131 fikk holde, i massevis, og etter matchen kunne \u00abGutan\u00bb velfortjent feire med Forza Troms\u00f8 og Alfheimar til langt p\u00e5 natt.<\/p>\n<p><b>Mange der fikk <\/b>minner for livet da flere av \u00abGutan\u00bb sang og danset sammen med supporterne p\u00e5 puben Hj\u00f8rnet i Kristiansund sentrum. Og et par dager senere fikk \u00abGutan\u00bb bronsemedaljene rundt halsen p\u00e5 scenen foran et folkehav i Storgata.<\/p>\n<p>   <img decoding=\"async\" width=\"2009\" height=\"2487\" fetchpriority=\"low\"  loading=\"lazy\"  src=\"https:\/\/www.europesays.com\/no\/wp-content\/uploads\/2025\/12\/TIL_hyllet_i_Storgata._Foto_Torgrim_Rath_Olsen1-5.jpg\" alt=\"TIL hyllet i Storgata. Foto Torgrim Rath Olsen1\" class=\"brick-c-cFOWSL\" style=\"--brick-image-ratio: 2009 \/ 2487;\"\/><\/p>\n<p>      HYLLET I STORGATA: Jens Hjert\u00f8-Dahl er en av TILs st\u00f8rste salgsobjekter. Her er han sammen med Lars Olden Larsen, August Mikkelsen, Ruben Kristiansen, Vetle Skj\u00e6rvik og Alexander Warneryd.<br \/>\n      Foto: Torgrim Rath Olsen\n    <\/p>\n<p><b>Det er fint<\/b> at det kan v\u00e6re s\u00e5 tette og sterke b\u00e5nd mellom supporterne og spillerne. Det er unikt for norsk fotball og for TIL. \u00c5 ta bronse i Eliteserien, foran lag som Brann, Molde og Rosenborg, er knallsterkt!<\/p>\n<p><b>N\u00e5 nyter \u00abGutan\u00bb <\/b>en velfortjent ferie, i K\u00f8benhavn, i Oslo, p\u00e5 \u00abGranca\u00bb, i Portugal, Senegal og hvor de n\u00e5 enn er. Samtidig kan supporterne ta seg en velfortjent ferie etter en heseblesende sesong som startet elendig, men som endte i bronse og Europa League-kvalik neste \u00e5r.<\/p>\n<p><b>En som imidlertid <\/b>ikke kan ta ferie, er Lars Petter Kr\u00e6mer-Andressen. Sportssjefen, som ogs\u00e5 er konstituert daglig leder, har noen s\u00e6rdeles viktige uker foran seg. Det kommer til \u00e5 tikke inn flere bud p\u00e5 TIL-spillere i desember og januar. Her blir naturligvis Kr\u00e6mer-Andressen helt sentral. Med styret og sportslig utvalg i ryggen blir det hans jobb \u00e5 forhandle, avvise og godkjenne bud.<\/p>\n<p><b>TILs drift er<\/b> basert p\u00e5 spillersalg, og klubben m\u00e5 ha inn opp mot 100 millioner kroner i l\u00f8pet av 2026. Men etter det Nordlys vet s\u00e5 forventes det at TIL kan f\u00e5 inn minst 130 millioner kroner i vinterens overgangsvindu.<\/p>\n<p><b>Det er enorme <\/b>summer, men jeg er ikke i tvil om at TIL kommer til \u00e5 klare det. Hvis de vil.<\/p>\n<p><b>For det er <\/b>blant annet Premier League-klubber som viser interesse for de heteste overgangsobjektene Sedi Kinteh, Tobias Guddal og Jens Hjert\u00f8-Dahl. 130 millioner kroner er 9,65 millioner pund med dagens kurs. Det er faktisk en ganske rimelig investering for en Premier League-klubb.<\/p>\n<p>   <img decoding=\"async\" width=\"4189\" height=\"3003\" fetchpriority=\"low\"  loading=\"lazy\"  src=\"https:\/\/www.europesays.com\/no\/wp-content\/uploads\/2025\/12\/lpka3.jpg\" alt=\"\" class=\"brick-c-cFOWSL\" style=\"--brick-image-ratio: 4189 \/ 3003;\"\/><\/p>\n<p>      FEIRET BRONSEN: Her er sportssjef Lars Petter Kr\u00e6mer-Andressen (til venstre) og sportslig administrator Esben Hansen etter at bronsen ble sikret i Kristiansund.<br \/>\n      Foto: \u00d8yvind Nordmo Sivertsen\n    <\/p>\n<p><b>Men oppi alt<\/b> dette m\u00e5 Kr\u00e6mer-Andressen &amp; Co. ha flere tanker i hodet samtidig: TIL kan ikke selge unna alle salgsobjektene i samme overgangsvindu \u2013 og klubben m\u00e5 ogs\u00e5 ut og kj\u00f8pe gode erstattere for de som forsvinner. S\u00e5 gode som TIL har blitt, s\u00e5 er det store krav til nye forsterkninger i 2026.<\/p>\n<p><b>Jeg mener at<\/b> TIL ikke b\u00f8r selge mer enn to spillere i vinter. Det blir t\u00f8ft nok \u00e5 finne fullgode erstattere til for eksempel Sedi Kinteh og Jens Hjert\u00f8-Dahl. Men hvis man ogs\u00e5 m\u00e5 finne \u00abden nye Guddal og Camoes\u00bb, ja da har man enorme utfordringer p\u00e5 Romssa Arena. Dessverre ser jeg ikke bort fra at det skjer. Alle spillere blir solgt s\u00e5 lenge prisen er riktig. Og s\u00e5 attraktive er TIL-spillerne akkurat n\u00e5.<\/p>\n<p><b>Forsvinner fire <\/b>n\u00f8kkelspillere ut i l\u00f8pet av vinteren, vil det bli sv\u00e6rt vanskelig \u00e5 f\u00f8lge opp den solide 2025-sesongen.<\/p>\n<p><b>Dette blir derfor <\/b>sportssjef Lars Petter Kr\u00e6mer-Andressens t\u00f8ffeste jobb noensinne: Selge en eller to spillere for et tresifret millionbel\u00f8p, st\u00e5 imot bud p\u00e5 de andre salgsobjektene og styrk laget med spillere som kan g\u00e5 rett inn i J\u00f8rgen Viks f\u00f8rsteellever. I s\u00e5 fall kan klubben bygge videre p\u00e5 den sterke sesongen vi nettopp har lagt bak oss.<\/p>\n<p><b>Og da kan<\/b> TIL kanskje endelig n\u00e5 et lukrativt seriespill i Europa eller Conference League.<\/p>\n<p>   <img decoding=\"async\" width=\"5263\" height=\"3509\" fetchpriority=\"low\"  loading=\"lazy\"  src=\"https:\/\/www.europesays.com\/no\/wp-content\/uploads\/2025\/12\/NTB_3E4qzZALFlw.jpg\" alt=\"Kristiansund 20251130. &#10;Eliteseriekampen i fotball mellom Kristiansund og Troms\u00f8 p\u00e5 Nordm\u00f8re Stadion.&#10;Foto: Svein Ove Ekornesv\u00e5g \/ NTB\" class=\"brick-c-cFOWSL\" style=\"--brick-image-ratio: 5263 \/ 3509;\"\/><\/p>\n<p>      ATTRAKTIVE SPILLERE: Her er Isak V\u00e5debu (til venstre), Sedi Kinteh, Jens Hjert\u00f8-Dahl og Tobias Guddal.<br \/>\n      Foto: Svein Ove Ekornesv\u00e5g \/ NTB\n    <\/p>\n<p>  <a href=\"https:\/\/www.nordnorskdebatt.no\/5-124-399103\" class=\"related-teaser has-image default-opinion-teaser article--c-eRUmMG article--c-eRUmMG-jKCPdD-design-default\" rel=\"nofollow noopener\" target=\"_blank\"><\/p>\n<p>    <img decoding=\"async\" loading=\"lazy\"  src=\"https:\/\/www.europesays.com\/no\/wp-content\/uploads\/2025\/12\/NTB_iC9h56Ql7dc.jpg\" alt=\"\" class=\"brick-c-cFOWSL\" style=\"\"\/><\/p>\n<p>\n            Les ogs\u00e5<\/p>\n<p>              \u00abKinteh og TIL har havnet i en spesiell situasjon\u00bb\n        <\/p>\n<p>  <\/a><\/p>\n<p>  <a href=\"https:\/\/www.nordnorskdebatt.no\/5-124-398161\" class=\"related-teaser has-image default-opinion-teaser article--c-eRUmMG article--c-eRUmMG-jKCPdD-design-default\" rel=\"nofollow noopener\" target=\"_blank\"><\/p>\n<p>    <img decoding=\"async\" loading=\"lazy\"  src=\"https:\/\/www.europesays.com\/no\/wp-content\/uploads\/2025\/12\/brennhetet22.jpg\" alt=\"\" class=\"brick-c-cFOWSL\" style=\"\"\/><\/p>\n<p>\n            Les ogs\u00e5<\/p>\n<p>              Kan ikke la bod\u00f8v\u00e6ringene overta helt: Disse TIL-spillerne b\u00f8r jakte VM-plass\n        <\/p>\n<p>  <\/a><\/p>\n<p>  <a href=\"https:\/\/www.nordnorskdebatt.no\/5-124-388805\" class=\"related-teaser has-image default-opinion-teaser article--c-eRUmMG article--c-eRUmMG-jKCPdD-design-default\" rel=\"nofollow noopener\" target=\"_blank\"><\/p>\n<p>    <img decoding=\"async\" loading=\"lazy\"  src=\"https:\/\/www.europesays.com\/no\/wp-content\/uploads\/2025\/12\/NTB_xVeg_vh0t-U.jpg\" alt=\"\" class=\"brick-c-cFOWSL\" style=\"\"\/><\/p>\n<p>\n            Les ogs\u00e5<\/p>\n<p>              Gikk fort gjennom pressesonen\n        <\/p>\n<p>  <\/a><\/p>\n","protected":false},"excerpt":{"rendered":"KOMMENTAR: For en kamp \u00abGutan\u00bb leverte da det virkelig gjaldt. Kristiansund var ikke i n\u00e6rheten i den bitende&hellip;\n","protected":false},"author":2,"featured_media":109872,"comment_status":"","ping_status":"","sticky":false,"template":"","format":"standard","meta":{"footnotes":""},"categories":[59],"tags":[36,266,4134,30,28,29,1533,2345,83,82],"class_list":{"0":"post-109871","1":"post","2":"type-post","3":"status-publish","4":"format-standard","5":"has-post-thumbnail","7":"category-sport","8":"tag-art","9":"tag-kommentar","10":"tag-lars-petter-kraemer-andressen","11":"tag-no","12":"tag-norge","13":"tag-norway","14":"tag-opinion","15":"tag-oyvind-nordmo-sivertsen","16":"tag-sport","17":"tag-sports"},"share_on_mastodon":{"url":"https:\/\/pubeurope.com\/@no\/115697906431521721","error":""},"_links":{"self":[{"href":"https:\/\/www.europesays.com\/no\/wp-json\/wp\/v2\/posts\/109871","targetHints":{"allow":["GET"]}}],"collection":[{"href":"https:\/\/www.europesays.com\/no\/wp-json\/wp\/v2\/posts"}],"about":[{"href":"https:\/\/www.europesays.com\/no\/wp-json\/wp\/v2\/types\/post"}],"author":[{"embeddable":true,"href":"https:\/\/www.europesays.com\/no\/wp-json\/wp\/v2\/users\/2"}],"replies":[{"embeddable":true,"href":"https:\/\/www.europesays.com\/no\/wp-json\/wp\/v2\/comments?post=109871"}],"version-history":[{"count":0,"href":"https:\/\/www.europesays.com\/no\/wp-json\/wp\/v2\/posts\/109871\/revisions"}],"wp:featuredmedia":[{"embeddable":true,"href":"https:\/\/www.europesays.com\/no\/wp-json\/wp\/v2\/media\/109872"}],"wp:attachment":[{"href":"https:\/\/www.europesays.com\/no\/wp-json\/wp\/v2\/media?parent=109871"}],"wp:term":[{"taxonomy":"category","embeddable":true,"href":"https:\/\/www.europesays.com\/no\/wp-json\/wp\/v2\/categories?post=109871"},{"taxonomy":"post_tag","embeddable":true,"href":"https:\/\/www.europesays.com\/no\/wp-json\/wp\/v2\/tags?post=109871"}],"curies":[{"name":"wp","href":"https:\/\/api.w.org\/{rel}","templated":true}]}}