{"id":109882,"date":"2025-12-11T00:11:10","date_gmt":"2025-12-11T00:11:10","guid":{"rendered":"https:\/\/www.europesays.com\/no\/109882\/"},"modified":"2025-12-11T00:11:10","modified_gmt":"2025-12-11T00:11:10","slug":"strombrudd-linea-situasjonen-stabilisert-men-fortsatt-sarbar","status":"publish","type":"post","link":"https:\/\/www.europesays.com\/no\/109882\/","title":{"rendered":"Str\u00f8mbrudd, Linea | \u2013 Situasjonen stabilisert, men fortsatt s\u00e5rbar"},"content":{"rendered":"\n<p>&#8211; Vi ser tydelig effekten av at kundene har redusert str\u00f8mforbruket gjennom ettermiddagen, dette har v\u00e6rt helt avgj\u00f8rende, sier Frode Dorp, leder for kommunikasjon i Linea, i ei pressemelding. <\/p>\n<p>Han kommer med en presisering om feilen hos Statnett: <\/p>\n<p>&#8211; Signalet om gass i transformatoren p\u00e5 Statnett sin stasjon p\u00e5 Trofors har ikke v\u00e6rt forbundet med eksplosjonsfare. Et slikt gass-signal er en indikasjon p\u00e5 at noe kan v\u00e6re feil med transformatoren, og derfor ble den koblet ut som et rent sikkerhetstiltak mens unders\u00f8kelser p\u00e5g\u00e5r.<\/p>\n<p><b>Status onsdag kveld:<\/b><\/p>\n<p>\u2022 Linea kj\u00f8rer n\u00e5 med tiln\u00e6rmet normal spenning i omr\u00e5det<\/p>\n<p>\u2022 Tensio har lagt om sitt nett slik at de leverer kapasitet og forsyner nettet fra Majavatn og nesten helt opp til Trofors. Dette er f\u00f8rste gangen Tensio hjelper til med forsyningen s\u00e5 langt nordover i Linea sitt nett.<\/p>\n<p>\u2022Linea har ogs\u00e5 \u00f8kt spenningsniv\u00e5et i stasjonen i Marka, der Alcoa har gjort n\u00f8dvendige tilpasninger for \u00e5 f\u00e5 dette til dette.<\/p>\n<p>\u2022 Linea har hatt tett dialog med beredskapsorganisasjonene i Hattfjelldal og Grane kommune.<\/p>\n<p>\u2022 Grane kommune har satt krisestab og forbereder tiltak for \u00e5 kunne redusere belastningen i str\u00f8mnettet torsdag morgen.<\/p>\n<p><b>&#8211; Situasjonen er bedre stabilisert n\u00e5 i kveld, men vi er fortsatt i en s\u00e5rbar fase, spesielt inn mot morgentimene, sier Frode Dorp. <\/b><\/p>\n","protected":false},"excerpt":{"rendered":"&#8211; Vi ser tydelig effekten av at kundene har redusert str\u00f8mforbruket gjennom ettermiddagen, dette har v\u00e6rt helt avgj\u00f8rende,&hellip;\n","protected":false},"author":2,"featured_media":4133,"comment_status":"","ping_status":"","sticky":false,"template":"","format":"standard","meta":{"footnotes":""},"categories":[5],"tags":[36,20,21,24,25,15,19,22,23,8188,17,18,13,30,28,29,14,16,1510,2245,26,27,7091],"class_list":{"0":"post-109882","1":"post","2":"type-post","3":"status-publish","4":"format-standard","5":"has-post-thumbnail","7":"category-overskrifter","8":"tag-art","9":"tag-breaking-news","10":"tag-breakingnews","11":"tag-featured-news","12":"tag-featurednews","13":"tag-headlines","14":"tag-hovedoppslag","15":"tag-latest-news","16":"tag-latestnews","17":"tag-linea","18":"tag-main-news","19":"tag-mainnews","20":"tag-news","21":"tag-no","22":"tag-norge","23":"tag-norway","24":"tag-nyheter","25":"tag-overskrifter","26":"tag-story","27":"tag-strombrudd","28":"tag-top-stories","29":"tag-topstories","30":"tag-trofors"},"share_on_mastodon":{"url":"https:\/\/pubeurope.com\/@no\/115698039709399516","error":""},"_links":{"self":[{"href":"https:\/\/www.europesays.com\/no\/wp-json\/wp\/v2\/posts\/109882","targetHints":{"allow":["GET"]}}],"collection":[{"href":"https:\/\/www.europesays.com\/no\/wp-json\/wp\/v2\/posts"}],"about":[{"href":"https:\/\/www.europesays.com\/no\/wp-json\/wp\/v2\/types\/post"}],"author":[{"embeddable":true,"href":"https:\/\/www.europesays.com\/no\/wp-json\/wp\/v2\/users\/2"}],"replies":[{"embeddable":true,"href":"https:\/\/www.europesays.com\/no\/wp-json\/wp\/v2\/comments?post=109882"}],"version-history":[{"count":0,"href":"https:\/\/www.europesays.com\/no\/wp-json\/wp\/v2\/posts\/109882\/revisions"}],"wp:featuredmedia":[{"embeddable":true,"href":"https:\/\/www.europesays.com\/no\/wp-json\/wp\/v2\/media\/4133"}],"wp:attachment":[{"href":"https:\/\/www.europesays.com\/no\/wp-json\/wp\/v2\/media?parent=109882"}],"wp:term":[{"taxonomy":"category","embeddable":true,"href":"https:\/\/www.europesays.com\/no\/wp-json\/wp\/v2\/categories?post=109882"},{"taxonomy":"post_tag","embeddable":true,"href":"https:\/\/www.europesays.com\/no\/wp-json\/wp\/v2\/tags?post=109882"}],"curies":[{"name":"wp","href":"https:\/\/api.w.org\/{rel}","templated":true}]}}