{"id":109893,"date":"2025-12-11T00:50:11","date_gmt":"2025-12-11T00:50:11","guid":{"rendered":"https:\/\/www.europesays.com\/no\/109893\/"},"modified":"2025-12-11T00:50:11","modified_gmt":"2025-12-11T00:50:11","slug":"kommer-til-a-sove-godt-nrk-sport-sportsnyheter-resultater-og-sendeplan-2","status":"publish","type":"post","link":"https:\/\/www.europesays.com\/no\/109893\/","title":{"rendered":"\u2013 Kommer til \u00e5 sove godt \u2013 NRK Sport \u2013 Sportsnyheter, resultater og sendeplan"},"content":{"rendered":"<p>Bod\u00f8\/Glimt klarte \u00e5 sikre ett poeng i en vanskelige bortekampen mot Borussia Dortmund onsdag kveld.<\/p>\n<p>Tyskerne ledet b\u00e5de 1-0 og 2-1, og var lenge det klart beste laget p\u00e5 eget gress, men Glimt slo tilbake to ganger.<\/p>\n<p>2-2-scoringen, som ogs\u00e5 ble sluttresultatet, s\u00f8rget Jens Petter Hauge for p\u00e5 dramatisk vis bare et kvarter f\u00f8r slutt.<\/p>\n<p>Forklarer TV-bildene<\/p>\n<p>Etter kampslutt fanget TV-kameraene opp en merkverdig situasjon ute p\u00e5 gressmatte. Glimt-trener Kjetil Knutsen la armen rundt Jens Petter Hauge, som p\u00e5 sin side s\u00e5 ut som om han holdt p\u00e5 \u00e5 g\u00e5 i bakken der og da.<\/p>\n<p>\u2013 Jeg tenkte jeg skulle f\u00e5 litt feber, jeg ogs\u00e5. S\u00e5 jeg kommer til \u00e5 sove godt de f\u00f8rste dagene i ferien, sp\u00f8ker Knutsen om de merkelige TV-bildene.<\/p>\n<p>\u2013 Nei da, f\u00f8rst og fremst s\u00e5 har Jens Petter v\u00e6rt syk de siste dagene. At han klarer \u00e5 skvise ut en s\u00e5nn prestasjon &#8230; Budskapet var: \u00abDet viser hvor stort potensialet ditt er, Jens Petter\u00bb. Det tror jeg han er veldig enig i, og jeg tror han er ekstremt sulten p\u00e5 bli enda jevnere og enda bedre i 2026. Det var det han fortalte meg ute p\u00e5 banen, sier Knutsen til NRK.<\/p>\n<p>Jens Petter Hauge selv m\u00e5 flire da han f\u00e5r sp\u00f8rsm\u00e5l om den spesielle seansen, der han s\u00e5 helt kaputt ut etter kampslutt.<\/p>\n<p>\u2013 Jeg var bare utrolig sliten, s\u00e5 det &#8230; Jeg tror Kjetil ogs\u00e5 kjenner det godt n\u00e5, s\u00e5 han f\u00e5r \u00f2g en velfortjent ferie, sier Hauge.<\/p>\n<p>Knutsen sier p\u00e5 pressekonferansen nettopp det; det skal bli godt med et avbrekk etter en lang sesong.<\/p>\n<p>\u2013 Vi startet 2. januar, n\u00e5 er det 10. desember. S\u00e5 det blir fint for spillerne og for alle rundt laget \u00e5 f\u00e5 noen roligere dager. Og s\u00e5 m\u00e5 vi jobbe, og spillerne m\u00e5 jobbe, s\u00e5 skal vi v\u00e6re i bra form til 20. januar, n\u00e5r City kommer til Aspmyra. S\u00e5nn er det blitt, og det er s\u00e5nn vi blir bedre \u00f2g, sier han.<\/p>\n<p>Glimt-sjefen unner spillerne en ferie n\u00e5.<\/p>\n<p>\u2013 Jeg tror de er glade for at de slipper \u00e5 h\u00f8re min stemme i morgen og overmorgen. Og s\u00e5 er jeg ogs\u00e5 glad for at de slipper \u00e5 h\u00f8re min stemme, sier han.\n<\/p>\n<p><img decoding=\"async\"   src=\"data:image\/gif;base64,R0lGODlhAQABAIAAAAAAAP\/\/\/yH5BAEAAAAALAAAAAABAAEAAAIBRAA7\" loading=\"eager\" alt=\"d\" title=\"Foto: INA FASSBENDER \/ AFP \/ NTB\"\/><\/p>\n<p class=\"\">NY UAVGJORT: Kjetil Knutsen og Glimt kan v\u00e6re forn\u00f8yde med ett poeng i en t\u00f8ff bortekamp.<\/p>\n<p>Foto: INA FASSBENDER \/ AFP \/ NTB<\/p>\n<p>Knutsen sitter igjen med mange inntrykk etter en kamp preget av hele f\u00f8lelsesregisteret.<\/p>\n<p>\u2013 Det er fantastisk. Vi spiller mot et topp, topp lag. Vi er litt heldige i dag, og vi er slitne n\u00e5. Det har v\u00e6rt en lang sesong n\u00e5. Dette var siste kampen. N\u00e5 har vi ferie i et par uker. Men vi tar nye steg, det er det viktigste fra denne kampen, sier han til TV 2.<\/p>\n<p>\u2013 Dr\u00f8mte du om alle tre poengene?<\/p>\n<p>\u2013 Jeg dr\u00f8mmer alltid. Men om man ser hele kampen under ett er vi for \u00e5pne. Niv\u00e5et og intensiteten er hard over 90 minutter. Vi har hatt flere spillere ute med sykdom. Men jeg er veldig forn\u00f8yd i dag, sier han.<\/p>\n<p>\u2013 Skal ikke v\u00e6re mulig<\/p>\n<p>Dette er Glimts tredje uavgjort-kamp i Mesterligaen. Den f\u00f8rste seieren lar fortsatt vente p\u00e5 seg.<\/p>\n<p>Likevel f\u00e5r nordlendingene en god dose ros etter 2-2 p\u00e5 bortebane mot det tyske storlaget.<\/p>\n<p>\u2013 Dette er det sterkeste Glimt har levert i Europa. De s\u00e5 helt ferdige ut p\u00e5 2-1. Det \u00e5 f\u00e5 en kamp som dette til \u00e5 leve helt inn, og ta med seg noe hjem. Det sier alt om Glimts reise i Europa. Her viser de at de er blitt voksne og takler kamper der de nesten hele kampen blir kj\u00f8rt, mener Torp.<\/p>\n<p>\u2013 Det skal ikke v\u00e6re mulig \u00e5 levere sitt sterkeste resultat i Europa noensinne, p\u00e5 en fryktet bortebane, med det presset de har p\u00e5 seg, legger han til.<\/p>\n<p>Poenget til tross: <\/p>\n<p>Kun syltynn teori holder Glimts h\u00e5p om avansement i live n\u00e5r de har to kamper igjen \u00e5 spille, mot Manchester City (hjemme) og Atletico Madrid (borte). <\/p>\n<p><strong>Se hele tabellen nederst i denne saken.<\/strong><\/p>\n<p><img decoding=\"async\"   src=\"data:image\/gif;base64,R0lGODlhAQABAIAAAAAAAP\/\/\/yH5BAEAAAAALAAAAAABAAEAAAIBRAA7\" loading=\"eager\" alt=\"d\" title=\"Foto: Ebrahim Noroozi \/ AP \/ NTB\"\/><\/p>\n<p class=\"\">DEN GULE VEGGEN: Dette synet m\u00f8tte Glimt-spillerne onsdag kveld.<\/p>\n<p>Foto: Ebrahim Noroozi \/ AP \/ NTB<\/p>\n<p>Store H\u00f8gh-sjanser<\/p>\n<p>Selve kampen \u00e5pnet lovende for Glimt, som skapte flere store sjanser. Og igjen var den kritiserte spissen Kasper H\u00f8gh involvert.<\/p>\n<p>Dansken fikk nok en gang tillit foran Andreas Helmersen p\u00e5 topp for gultr\u00f8yene, og mot Dortmund fikk han igjen muligheten til \u00e5 tegne seg p\u00e5 scoringslisten, men igjen ble det mye nesten. <\/p>\n<p>H\u00f8gh kom alene med keeper etter seks minutter, men avslutningen ble for svar og gikk rett p\u00e5 keeper. <\/p>\n<p>Minutter senere skj\u00f8t han i stolpen fra kloss hold, men ble avvinket for offside like etter, selv om reprisene viste at den var sv\u00e6rt marginal og trolig hadde endt med en VAR-sjekk. <\/p>\n<p>\u2013 Han er fullstendig blottet for selvtillit. Han kommer til sjanser, men det ser ikke ut som han har troa p\u00e5 det, mener NRK-ekspert Carl-Erik Torp.<\/p>\n<p>H\u00f8gh ble byttet ut etter en dr\u00f8y time og har n\u00e5 g\u00e5tt ti kamper p\u00e5 rad uten scoring.<\/p>\n<p><img decoding=\"async\"   src=\"data:image\/gif;base64,R0lGODlhAQABAIAAAAAAAP\/\/\/yH5BAEAAAAALAAAAAABAAEAAAIBRAA7\" loading=\"eager\" alt=\"H\u00f8gh\" title=\"Foto: INA FASSBENDER \/ AFP \/ NTB\"\/><\/p>\n<p class=\"\">NESTEN: Kasper H\u00f8gh har ikke hatt marginene med seg i det siste.<\/p>\n<p>Foto: INA FASSBENDER \/ AFP \/ NTB<\/p>\n<p>Utnyttet Aleesami-feil<\/p>\n<p>Etter 18 minutter ble det heller m\u00e5lfarlig i den andre enden av banen. Dortmund snappet opp en stygg feilpasning fra Haitam Aleesami og styrtet mot m\u00e5l, der Julian Brandt var iskald og sendte hjemmelaget i ledelsen.<\/p>\n<p>\u2013 Haitam Aleesami med en stygg, stygg feil, sa TV 2s Jesper Mathisen etter scoringen.<\/p>\n<p>I 1. omgang var det tydelig klasseforskjell b\u00e5de p\u00e5 gresset og p\u00e5 tribunen. Titusner av tilskuere i \u00abden gule veggen\u00bb s\u00e5 at Borussia Dortmund var f\u00f8rst p\u00e5 omtrent alle ballene. Det s\u00e5 ut som det gikk mye fortere hver gang hjemmelaget vant ballen. <\/p>\n<p>\u2013 Det er sjelden jeg har sett s\u00e5 enorm forskjell p\u00e5 lagene i tempo og fysikk, sa NRKs fotballekspert Carl-Erik Torp underveis i Glimts bortekamp onsdag kveld.<\/p>\n<p>Fikk sin hevn<\/p>\n<p>Likevel nektet Glimt \u00e5 gi opp \u2013 og fire minutter f\u00f8r pause ble det gjestenes tur til \u00e5 juble. Patrick Berg fikk ballen etter en kort corner og slo et perfekt innlegg knallhardt inn i boksen. <\/p>\n<p>Der hadde Aleesami l\u00f8pt seg fri og stanget inn utligningen for gjestene.<\/p>\n<p>\u2013 For Aleesami var dette en revansj etter den fryktelige involveringenen p\u00e5 1-0, sa Torp.<\/p>\n<p>\u2013 Det var et genialt cornertrekk som lokket ut forsvaret, la han til om foranledningen til 1-1-m\u00e5let.<\/p>\n<p><img decoding=\"async\"   src=\"data:image\/gif;base64,R0lGODlhAQABAIAAAAAAAP\/\/\/yH5BAEAAAAALAAAAAABAAEAAAIBRAA7\" loading=\"eager\" alt=\"Tre fotballspillere i lysebl\u00e5 drakter feirer p\u00e5 banen foran publikum. En spiller har armene l\u00f8ftet i jubel. Publikum i bakgrunnen er kledd i gult og svart. En stor digital skjerm viser bak spillerne. (Bildebeskrivelsen er laget av en KI-tjeneste)\" title=\"Foto: INA FASSBENDER \/ AFP \/ NTB\"\/><\/p>\n<p class=\"\">RETTET OPP: Haitam Aleesami utlignet for Glimt rett f\u00f8r pause.<\/p>\n<p>Foto: INA FASSBENDER \/ AFP \/ NTB<\/p>\n<p>Andre omgang var ikke gammel da tyskerne tok tilbake ledelsen. Julian Brandt var f\u00f8rst p\u00e5 en retur fra Nikita Haikin og satte inn 2-1 fra kloss hold \u2013 hans andre for kvelden.<\/p>\n<p>Men for andre gang i oppgj\u00f8ret skulle Glimt sl\u00e5 tilbake. Et kvarter f\u00f8r slutt s\u00f8rget Jens Petter Hauge for utligningen da han, etter litt klabb og babb i Dortmund-feltet, dukket opp og hamret inn 2-2-scoringen fra ti meter.<\/p>\n<p>Etter at han banket inn 2-2 sprintet Hauge rett bort til \u00abden gule le-veggen\u00bb av bortesupportere. Der ble det jubling uten hemninger og \u00f8lbegere som ble kastet i luften i nordnorsk jubelrus.<\/p>\n<p>2-2 ble ogs\u00e5 sluttresultatet.<\/p>\n<p>Slik startet Glimt mot Dortmund<\/p>\n<p>4-3-3:<\/p>\n<p>Nikita Haikin \u2013 Fredrik Sj\u00f8vold, Haitam Aleesami, Odin Bj\u00f8rtuft, Isak Dybvik M\u00e4\u00e4tt\u00e4 \u2013 H\u00e5kon Evjen, Patrick Berg, Sondre Brunstad Fet \u2013 Ole Didrik Blomberg, Kasper H\u00f8gh, Jens Petter Hauge.<\/p>\n<p>Landslagsspiller Fredrik Bj\u00f8rkan skulle egentlig starte kampen, men m\u00e5tte melde forfall rett f\u00f8r kampstart og ble erstattet av Isak Dybvik M\u00e4\u00e4tt\u00e4.<\/p>\n<p>\u2013 Han er syk. Vi har f\u00e5tt sykdom i gruppen, og det har v\u00e6rt en utfordring de siste dagene. Han hadde n\u00e6rmere 39 i feber. Jeg er spent p\u00e5 hvordan vi h\u00e5ndterer dette, sa Kjetil Knutsen til TV 2 f\u00f8r kampstart.<\/p>\n<p>For Bod\u00f8\/Glimts del gjenst\u00e5r n\u00e5 to kamper av seriespillet f\u00f8r Mesterligaen med all sannsynlighet er historie for denne gang.<\/p>\n<p>Neste kamp spilles p\u00e5 Aspmyra mot Manchester City 20. januar, f\u00f8r siste kamp blir borte mot Alexander S\u00f8rloth og Atletico Madrid 28. januar.<\/p>\n<p>Publisert<\/p>\n<p>10.12.2025, kl. 22.54<\/p>\n<p>Oppdatert<\/p>\n<p>11.12.2025, kl. 01.22<\/p>\n","protected":false},"excerpt":{"rendered":"Bod\u00f8\/Glimt klarte \u00e5 sikre ett poeng i en vanskelige bortekampen mot Borussia Dortmund onsdag kveld. Tyskerne ledet b\u00e5de&hellip;\n","protected":false},"author":2,"featured_media":109874,"comment_status":"","ping_status":"","sticky":false,"template":"","format":"standard","meta":{"footnotes":""},"categories":[5],"tags":[20,21,24,25,15,19,22,23,17,18,13,30,28,29,14,16,26,27],"class_list":{"0":"post-109893","1":"post","2":"type-post","3":"status-publish","4":"format-standard","5":"has-post-thumbnail","7":"category-overskrifter","8":"tag-breaking-news","9":"tag-breakingnews","10":"tag-featured-news","11":"tag-featurednews","12":"tag-headlines","13":"tag-hovedoppslag","14":"tag-latest-news","15":"tag-latestnews","16":"tag-main-news","17":"tag-mainnews","18":"tag-news","19":"tag-no","20":"tag-norge","21":"tag-norway","22":"tag-nyheter","23":"tag-overskrifter","24":"tag-top-stories","25":"tag-topstories"},"share_on_mastodon":{"url":"https:\/\/pubeurope.com\/@no\/115698193097542989","error":""},"_links":{"self":[{"href":"https:\/\/www.europesays.com\/no\/wp-json\/wp\/v2\/posts\/109893","targetHints":{"allow":["GET"]}}],"collection":[{"href":"https:\/\/www.europesays.com\/no\/wp-json\/wp\/v2\/posts"}],"about":[{"href":"https:\/\/www.europesays.com\/no\/wp-json\/wp\/v2\/types\/post"}],"author":[{"embeddable":true,"href":"https:\/\/www.europesays.com\/no\/wp-json\/wp\/v2\/users\/2"}],"replies":[{"embeddable":true,"href":"https:\/\/www.europesays.com\/no\/wp-json\/wp\/v2\/comments?post=109893"}],"version-history":[{"count":0,"href":"https:\/\/www.europesays.com\/no\/wp-json\/wp\/v2\/posts\/109893\/revisions"}],"wp:featuredmedia":[{"embeddable":true,"href":"https:\/\/www.europesays.com\/no\/wp-json\/wp\/v2\/media\/109874"}],"wp:attachment":[{"href":"https:\/\/www.europesays.com\/no\/wp-json\/wp\/v2\/media?parent=109893"}],"wp:term":[{"taxonomy":"category","embeddable":true,"href":"https:\/\/www.europesays.com\/no\/wp-json\/wp\/v2\/categories?post=109893"},{"taxonomy":"post_tag","embeddable":true,"href":"https:\/\/www.europesays.com\/no\/wp-json\/wp\/v2\/tags?post=109893"}],"curies":[{"name":"wp","href":"https:\/\/api.w.org\/{rel}","templated":true}]}}