{"id":109913,"date":"2025-12-11T02:06:10","date_gmt":"2025-12-11T02:06:10","guid":{"rendered":"https:\/\/www.europesays.com\/no\/109913\/"},"modified":"2025-12-11T02:06:10","modified_gmt":"2025-12-11T02:06:10","slug":"erling-braut-haaland-scoret-mot-real-madrid","status":"publish","type":"post","link":"https:\/\/www.europesays.com\/no\/109913\/","title":{"rendered":"Erling Braut Haaland scoret mot Real Madrid"},"content":{"rendered":"\n<p class=\"_lead_o9xde_2 _lead_xtcu6_50 layout-component text-serif-m layout-normal text-serif-l layout-component layout-wide layout-padded _wide_17hqh_1 layout-padded\">Nordmannen fortsetter \u00e5 score og Manchester City tok sin f\u00f8rste seier mot spanjolene p\u00e5 fem kamper.<\/p>\n<p><img alt=\" Foto: Manu Fernandez \/ AP\" class=\"_image_qp4xg_65 layout-component layout-wide\" data-fullscreen- data-track-element-type=\"Article image fullscreen\" data-track-name=\"ImageFullscreen\" fetchpriority=\"high\" decoding=\"sync\" loading=\"eager\" height=\"3398\" itemprop=\"image\"  src=\"https:\/\/www.europesays.com\/no\/wp-content\/uploads\/2025\/12\/3a98ddac-d630-43ca-8416-c683a947ef93\"  style=\"object-position:0% 0%\" width=\"5097\"\/> Foto: Manu Fernandez \/ AP<\/p>\n<ul aria-hidden=\"true\" class=\"_images_ntbth_112\">\n<li><a class=\"_link_ntbth_117\" href=\"https:\/\/www.vg.no\/forfatter\/mads-thygesen\" style=\"z-index:2\" title=\"Mads Thygesen\" rel=\"nofollow noopener\" target=\"_blank\"><img alt=\"Bilde av Mads Thygesen\" class=\"_image_ntbth_93\" fetchpriority=\"low\" loading=\"lazy\" decoding=\"async\" itemprop=\"image\"  src=\"https:\/\/www.europesays.com\/no\/wp-content\/uploads\/2025\/12\/1765418769_86_d82576b6-c31c-43fc-a223-28ce8745295c\"  width=\"480\"\/><\/a><\/li>\n<li><a class=\"_link_ntbth_117\" href=\"https:\/\/www.vg.no\/forfatter\/benjamin-kvaale\" style=\"z-index:1\" title=\"Benjamin Kvaale\" rel=\"nofollow noopener\" target=\"_blank\"><img alt=\"Bilde av Benjamin Kvaale\" class=\"_image_ntbth_93\" fetchpriority=\"low\" loading=\"lazy\" decoding=\"async\" itemprop=\"image\"  src=\"https:\/\/www.europesays.com\/no\/wp-content\/uploads\/2025\/12\/1765418769_261_21fe9a1c-5915-4269-bbd5-7feeec1fa8ae\"  width=\"480\"\/><\/a><\/li>\n<\/ul>\n<p> Oppdatert onsdag 10. desember kl. 23:45    <\/p>\n<ul class=\"_list_o9xde_3 _list_64s2r_85 _unordered_o9xde_106 text-sans-m\">\n<li class=\"_item_o9xde_30\">Haaland ble matchvinner mot Real Madrid i Champions League, men TV-seerne gikk glipp av m\u00e5let p\u00e5 grunn av en reklame-tabbe fra TV 2.<\/li>\n<li class=\"_item_o9xde_30\">Manchester City sikret sin f\u00f8rste seier mot Real Madrid p\u00e5 fem kamper.<\/li>\n<\/ul>\n<p>Vis mer <\/p>\n<p class=\"_paragraph_o9xde_4 _paragraph_xtcu6_10 layout-component text-serif-m layout-normal text-serif-m layout-padded\">Erling Braut Haaland fortsetter sin fantastiske scoringsform. Fra straffemerket ble han matchvinner borte mot Real Madrid i <a href=\"https:\/\/www.vg.no\/tag\/champions-league?utm_source=vg-article&amp;utm_medium=auto-tagger&amp;utm_campaign=ln1lye\" class=\"_link_o9xde_39\" rel=\"nofollow noopener\" target=\"_blank\">Champions League<\/a> med 2\u20131. <\/p>\n<p class=\"_paragraph_o9xde_4 _paragraph_xtcu6_10 layout-component text-serif-m layout-normal text-serif-m layout-padded\">M\u00e5let fikk derimot ikke TV-seerne med seg direkte grunnet en <a href=\"https:\/\/www.vg.no\/sport\/i\/M7gqWm\/tv-2-tabbe-menneskelig-feil\" data-track-element-type=\"Link\" data-track-id=\"link:M7gqWm\" class=\"_link_o9xde_39\" rel=\"nofollow noopener\" target=\"_blank\">reklame-tabbe fra TV 2.<\/a><\/p>\n<p class=\"_paragraph_o9xde_4 _paragraph_xtcu6_10 layout-component text-serif-m layout-normal text-serif-m layout-padded\">Onsdagens kamp var nordmannens 50. fra start i turneringen. Straffescoringen er j\u00e6rbuens 51. m\u00e5l i Champions League \u2013 det meste en spiller har scoret p\u00e5 sine 50 f\u00f8rste starter, if\u00f8lge statistikk-tjenesten <a href=\"https:\/\/x.com\/OptaJoe\/status\/1998857530253222264\" class=\"_link_o9xde_39\" rel=\"nofollow\">Opta.<\/a><\/p>\n<p class=\"_paragraph_o9xde_4 _paragraph_xtcu6_10 layout-component text-serif-m layout-normal text-serif-m layout-padded\">\u2013 Dette (Bernab\u00e9u) er virkelig et sted man har lyst til \u00e5 spille. Det er slike kamper man dr\u00f8mmer om \u00e5 v\u00e6re med p\u00e5. Og med det nye Champions League-formatet f\u00e5r man jo enda flere kamper ogs\u00e5, noe som er veldig fint. Jeg liker det, sier Haaland til TNT Sports etter kampen.<\/p>\n<p class=\"_paragraph_o9xde_4 _paragraph_xtcu6_10 layout-component text-serif-m layout-normal text-serif-m layout-padded\">En annen som er i m\u00e5lform for tiden er Real Madrid-spiss Kylian Mbapp\u00e9 og mange hadde gledet seg til m\u00f8tet mellom de stor superspissene denne onsdagen.<\/p>\n<p class=\"_paragraph_o9xde_4 _paragraph_xtcu6_10 layout-component text-serif-m layout-normal text-serif-m layout-padded\">Real Madrids stjernespiss Kylian Mbapp\u00e9 var usikker inn mot oppgj\u00f8ret. Grunnen: Et <a href=\"https:\/\/www.mundodeportivo.com\/us\/en\/20251210\/736183\/latest-on-mbappe-s-injury-status-ahead-of-real-madrid-s-showdown-with-manchester-city.html\" class=\"_link_o9xde_39\" rel=\"nofollow noopener\" target=\"_blank\">brudd i en finger<\/a> og tr\u00f8bbel med hans venstre kne. <\/p>\n<p class=\"_paragraph_o9xde_4 _paragraph_xtcu6_10 layout-component text-serif-m layout-normal text-serif-m layout-padded\">Likevel var han med i kamptroppen, men ble aldri \u00e5 se ute p\u00e5 gresset i den spanske hovedstaden.<\/p>\n<p class=\"_paragraph_o9xde_4 _paragraph_xtcu6_10 layout-component text-serif-m layout-normal text-serif-m layout-padded\">\u2013 Vi forventet at han skulle spille. Jeg trodde jeg kom til \u00e5 spille mot Kylian (Mbapp\u00e9). Selvf\u00f8lgelig, n\u00e5r en spiller som Kylian ikke spiller, blir du ikke glad fordi du vil m\u00f8te de beste \u2013 men det gir deg likevel et lite psykisk l\u00f8ft, forteller Haaland til den britiske TV-kanalen.<\/p>\n<p class=\"_paragraph_o9xde_4 _paragraph_xtcu6_10 layout-component text-serif-m layout-normal text-serif-m layout-padded\">Manchester Citys seier er den f\u00f8rste over Real Madrid p\u00e5 fem kamper \u2013 siden de lysebl\u00e5 vant semifinaleduellen i Champions League v\u00e5ren 2023.<\/p>\n<p class=\"_paragraph_o9xde_4 _paragraph_xtcu6_10 layout-component text-serif-m layout-normal text-serif-m layout-padded\">\u2013 Kampen var litt kaotisk. Vi hadde ikke kontroll, s\u00e5 det var vanskelig. Det er vanskelig \u00e5 komme hit, men n\u00e5 er vi veldig glade, fortsetter Haaland.<\/p>\n<p><img alt=\"Foto: OLI SCARFF \/ AFP\" class=\"_image_qp4xg_65 layout-component layout-normal\" data-fullscreen- data-track-element-type=\"Article image fullscreen\" data-track-name=\"ImageFullscreen\" decoding=\"async\" loading=\"lazy\" height=\"1908\" itemprop=\"image\"  src=\"https:\/\/www.europesays.com\/no\/wp-content\/uploads\/2025\/12\/cd2ee38e-08af-4635-8575-da07a117480c\"  style=\"object-position:0% 0%\" width=\"2862\"\/>Foto: OLI SCARFF \/ AFP<\/p>\n<p class=\"_paragraph_o9xde_4 _paragraph_xtcu6_10 layout-component text-serif-m layout-normal text-serif-m layout-padded\">Spanjolene har sendt ut Pep Guardiolas mannskap i Champions League de siste to \u00e5rene.<\/p>\n<p class=\"_paragraph_o9xde_4 _paragraph_xtcu6_10 layout-component text-serif-m layout-normal text-serif-m layout-padded\">Kampen startet bra for Real Madrid, som har hatt nakketak p\u00e5 onsdagens motstander de siste oppgj\u00f8rene dem imellom.<\/p>\n<p class=\"_paragraph_o9xde_4 _paragraph_xtcu6_10 layout-component text-serif-m layout-normal text-serif-m layout-padded\">Rodrygo sendte Los Blancos i f\u00f8ringen, men City slo tilbake da den unge venstrebacken Nico O\u00b4Reilly pirket ballen i m\u00e5l etter en retur fra Courtois p\u00e5 en corner. <\/p>\n<p class=\"_paragraph_o9xde_4 _paragraph_xtcu6_10 layout-component text-serif-m layout-normal text-serif-m layout-padded\">Kort tid etter scoret Haaland p\u00e5 straffespark, som han fikk etter \u00e5 ha blitt revet ned av R\u00fcdiger i Real Madrids 16-meter. Nettkjenningen var j\u00e6rbuens f\u00f8rste p\u00e5 Bernab\u00e9u.<\/p>\n<p class=\"_paragraph_o9xde_4 _paragraph_xtcu6_10 layout-component text-serif-m layout-normal text-serif-m layout-padded\">Neste kamp i Champions League for Manchester City og Haaland er borte mot Bod\u00f8\/Glimt p\u00e5 ny\u00e5ret. Til TV 2 fortalte 25-\u00e5ringen hvordan han ser p\u00e5 m\u00f8tet med gultr\u00f8yene.<\/p>\n<p class=\"_paragraph_o9xde_4 _paragraph_xtcu6_10 layout-component text-serif-m layout-normal text-serif-m layout-padded\">\u2013 Det tror jeg det blir kaldt og t\u00f8ft p\u00e5 en kunstgressbane. Det blir litt vanskelig det, sier han.<\/p>\n<p>Topp ti m\u00e5lscorere i Champions League gjennom tidene:<\/p>\n<p class=\"_paragraph_o9xde_4 _paragraph_xtcu6_10 _paragraph_16v91_10 layout-component text-serif-m layout-normal text-sans-m layout-padded\">1. Cristiano Ronaldo: 140 m\u00e5l p\u00e5 183 kamper.<\/p>\n<p class=\"_paragraph_o9xde_4 _paragraph_xtcu6_10 _paragraph_16v91_10 layout-component text-serif-m layout-normal text-sans-m layout-padded\">2. Lionel Messi: 129 m\u00e5l p\u00e5 163 kamper <\/p>\n<p class=\"_paragraph_o9xde_4 _paragraph_xtcu6_10 _paragraph_16v91_10 layout-component text-serif-m layout-normal text-sans-m layout-padded\">3. Robert Lewandowski: 105 m\u00e5l p\u00e5 137 kamper,<\/p>\n<p class=\"_paragraph_o9xde_4 _paragraph_xtcu6_10 _paragraph_16v91_10 layout-component text-serif-m layout-normal text-sans-m layout-padded\">4. Karim Benzema 90 m\u00e5l p\u00e5 152 kampen.<\/p>\n<p class=\"_paragraph_o9xde_4 _paragraph_xtcu6_10 _paragraph_16v91_10 layout-component text-serif-m layout-normal text-sans-m layout-padded\">5. Ra\u00fal Gonz\u00e1lez (Ra\u00fal): 71 m\u00e5l p\u00e5 142 kamper.<\/p>\n<p class=\"_paragraph_o9xde_4 _paragraph_xtcu6_10 _paragraph_16v91_10 layout-component text-serif-m layout-normal text-sans-m layout-padded\">6. Kylian Mbapp\u00e9: 64 m\u00e5l p\u00e5 93 kamper (ni m\u00e5l denne sesongen).<\/p>\n<p class=\"_paragraph_o9xde_4 _paragraph_xtcu6_10 _paragraph_16v91_10 layout-component text-serif-m layout-normal text-sans-m layout-padded\">7. Thomas M\u00fcller: 57 m\u00e5l p\u00e5 163 kamper.<\/p>\n<p class=\"_paragraph_o9xde_4 _paragraph_xtcu6_10 _paragraph_16v91_10 layout-component text-serif-m layout-normal text-sans-m layout-padded\">8. Ruud van Nistelrooy 56 m\u00e5l p\u00e5 73 kamper.<\/p>\n<p class=\"_paragraph_o9xde_4 _paragraph_xtcu6_10 _paragraph_16v91_10 layout-component text-serif-m layout-normal text-sans-m layout-padded\"><strong class=\"_strong_o9xde_25\">9. Erling Haaland: 55 m\u00e5l p\u00e5 54 kamper (seks m\u00e5l denne sesongen).<\/strong><\/p>\n<p class=\"_paragraph_o9xde_4 _paragraph_xtcu6_10 _paragraph_16v91_10 layout-component text-serif-m layout-normal text-sans-m layout-padded\">10. Thierry Henry: 50 m\u00e5l p\u00e5 112 kamper.<\/p>\n<p>Vis mer<img alt=\"Foto: PIERRE-PHILIPPE MARCOU \/ AFP \/ NTB\" class=\"_image_qp4xg_65 layout-component layout-normal\" data-fullscreen- data-track-element-type=\"Article image fullscreen\" data-track-name=\"ImageFullscreen\" decoding=\"async\" loading=\"lazy\" height=\"1653\" itemprop=\"image\"  src=\"https:\/\/www.europesays.com\/no\/wp-content\/uploads\/2025\/12\/63285e56-d308-44ca-ad2d-53dadd34bc1f\"  style=\"object-position:0% 0%\" width=\"2479\"\/>Foto: PIERRE-PHILIPPE MARCOU \/ AFP \/ NTB<\/p>\n<p class=\"_paragraph_o9xde_4 _paragraph_xtcu6_10 layout-component text-serif-m layout-normal text-serif-m layout-padded\">Med Martin \u00d8degaard fra start med kapteinsbindet rundt armen, gjorde Arsenal jobben mot Club Br\u00fcgge. <\/p>\n<p class=\"_paragraph_o9xde_4 _paragraph_xtcu6_10 layout-component text-serif-m layout-normal text-serif-m layout-padded\">Noni Madueke fikk full klaff fra langt hold i f\u00f8rste omgang, men i andre omgang kom en enda nydeligere scoring. <\/p>\n<p class=\"_paragraph_o9xde_4 _paragraph_xtcu6_10 layout-component text-serif-m layout-normal text-serif-m layout-padded\">Ikke lenge etter Madueke hadde satt sitt andre for kampen, limte Gabriel Martinelli ballen opp i krysset. <\/p>\n<p class=\"_paragraph_o9xde_4 _paragraph_xtcu6_10 layout-component text-serif-m layout-normal text-serif-m layout-padded\"><strong class=\"_strong_o9xde_25\">Brasilianeren ble den f\u00f8rste Arsenal-spilleren til \u00e5 score i fem Champions League-kamper p\u00e5 rad. <\/strong><\/p>\n<p class=\"_paragraph_o9xde_4 _paragraph_xtcu6_10 layout-component text-serif-m layout-normal text-serif-m layout-padded\">Med 3\u20130-seieren i Belgia, er Arsenal n\u00e5 videre til \u00e5ttedelsfinale i turneringen. <\/p>\n<p><img alt=\"STJERNETREFF: Martinelli skrev historie p\u00e5 lekkert vis.   Foto: NICOLAS TUCAT \/ AFP \/ NTB\" class=\"_image_qp4xg_65 layout-component layout-normal\" data-fullscreen- data-track-element-type=\"Article image fullscreen\" data-track-name=\"ImageFullscreen\" decoding=\"async\" loading=\"lazy\" height=\"4472\" itemprop=\"image\"  src=\"https:\/\/www.europesays.com\/no\/wp-content\/uploads\/2025\/12\/73397001-7378-4521-9cc4-e0106ead05bc\"  style=\"object-position:0% 0%\" width=\"6708\"\/>STJERNETREFF: Martinelli skrev historie p\u00e5 lekkert vis.   Foto: NICOLAS TUCAT \/ AFP \/ NTB<\/p>\n<p class=\"_paragraph_o9xde_4 _paragraph_xtcu6_10 layout-component text-serif-m layout-normal text-serif-m layout-padded\">Det gikk veien for flere nordmenn i Europa.<\/p>\n<p class=\"_paragraph_o9xde_4 _paragraph_xtcu6_10 layout-component text-serif-m layout-normal text-serif-m layout-padded\"><strong class=\"_strong_o9xde_25\">Mohamed Elyounoussi brukte kun 71 sekunder p\u00e5 \u00e5 sende FC K\u00f8benhavn i ledelsen mot Villarreal. <\/strong><\/p>\n<p class=\"_paragraph_o9xde_4 _paragraph_xtcu6_10 layout-component text-serif-m layout-normal text-serif-m layout-padded\">FCK vant kampen 3\u20132, og klatret akkurat inn p\u00e5 kvalikplass til sluttspillet i Champions League. <\/p>\n<p class=\"_paragraph_o9xde_4 _paragraph_xtcu6_10 layout-component text-serif-m layout-normal text-serif-m layout-padded\">Hakk i h\u00e6l p\u00e5 tabellen f\u00f8lger Benfica og Fredrik Aursnes. De tok en sv\u00e6rt sterk 2\u20130-seier hjemme mot Napoli. <\/p>\n","protected":false},"excerpt":{"rendered":"Nordmannen fortsetter \u00e5 score og Manchester City tok sin f\u00f8rste seier mot spanjolene p\u00e5 fem kamper. Foto: Manu&hellip;\n","protected":false},"author":2,"featured_media":109914,"comment_status":"","ping_status":"","sticky":false,"template":"","format":"standard","meta":{"footnotes":""},"categories":[59],"tags":[706,810,92,671,30,28,29,5130,83,82],"class_list":{"0":"post-109913","1":"post","2":"type-post","3":"status-publish","4":"format-standard","5":"has-post-thumbnail","7":"category-sport","8":"tag-champions-league","9":"tag-erling-braut-haaland","10":"tag-fotball","11":"tag-manchester-city","12":"tag-no","13":"tag-norge","14":"tag-norway","15":"tag-real-madrid","16":"tag-sport","17":"tag-sports"},"share_on_mastodon":{"url":"https:\/\/pubeurope.com\/@no\/115698492145776135","error":""},"_links":{"self":[{"href":"https:\/\/www.europesays.com\/no\/wp-json\/wp\/v2\/posts\/109913","targetHints":{"allow":["GET"]}}],"collection":[{"href":"https:\/\/www.europesays.com\/no\/wp-json\/wp\/v2\/posts"}],"about":[{"href":"https:\/\/www.europesays.com\/no\/wp-json\/wp\/v2\/types\/post"}],"author":[{"embeddable":true,"href":"https:\/\/www.europesays.com\/no\/wp-json\/wp\/v2\/users\/2"}],"replies":[{"embeddable":true,"href":"https:\/\/www.europesays.com\/no\/wp-json\/wp\/v2\/comments?post=109913"}],"version-history":[{"count":0,"href":"https:\/\/www.europesays.com\/no\/wp-json\/wp\/v2\/posts\/109913\/revisions"}],"wp:featuredmedia":[{"embeddable":true,"href":"https:\/\/www.europesays.com\/no\/wp-json\/wp\/v2\/media\/109914"}],"wp:attachment":[{"href":"https:\/\/www.europesays.com\/no\/wp-json\/wp\/v2\/media?parent=109913"}],"wp:term":[{"taxonomy":"category","embeddable":true,"href":"https:\/\/www.europesays.com\/no\/wp-json\/wp\/v2\/categories?post=109913"},{"taxonomy":"post_tag","embeddable":true,"href":"https:\/\/www.europesays.com\/no\/wp-json\/wp\/v2\/tags?post=109913"}],"curies":[{"name":"wp","href":"https:\/\/api.w.org\/{rel}","templated":true}]}}