{"id":109927,"date":"2025-12-11T03:03:26","date_gmt":"2025-12-11T03:03:26","guid":{"rendered":"https:\/\/www.europesays.com\/no\/109927\/"},"modified":"2025-12-11T03:03:26","modified_gmt":"2025-12-11T03:03:26","slug":"soknaden-godkjent-uno-x-bekreftet-som-world-tour-lag-i-sykling","status":"publish","type":"post","link":"https:\/\/www.europesays.com\/no\/109927\/","title":{"rendered":"S\u00f8knaden godkjent: Uno-X bekreftet som World Tour-lag i sykling"},"content":{"rendered":"<p>Det er klart etter at Det internasjonale sykkelforbundet onsdag publiserte listen over lag som har f\u00e5tt s\u00f8knadene innvilget og s\u00e5ledes er tildelt den attraktive World Tour-lisensen.<\/p>\n<p>18 lag er som ventet inne p\u00e5 \u00f8verste niv\u00e5 p\u00e5 herresiden kommende sesong. 17 av dem har f\u00e5tt innvilget for tre \u00e5r, men for ett av lagene legger sykkeltoppene inn begrensninger.<\/p>\n<p>Det gjelder det nederlandske Team Picnic PostNL-laget.<\/p>\n<p>\u2013 UCIs lisenskommisjon har besluttet \u00e5 begrense lisensens varighet til ett \u00e5r, og \u00e5 sette betingelser knyttet til de \u00f8konomiske kriteriene som m\u00e5 oppfylles for \u00e5 tillate forlengelse til sesongene 2027 og 2028, heter det i meldingen.<\/p>\n<p>Det samme gjelder for det nederlandske lagets kvinnesatsing.<\/p>\n<p>Ogs\u00e5 p\u00e5 kvinnesiden er Uno-X gitt World Tour-status som ett av i alt 14 lag.<\/p>\n<p>P\u00e5 herresiden hadde i alt 20 lag s\u00f8kt om lisens p\u00e5 \u00f8verste niv\u00e5. Som f\u00f8lge av at bare 18 plasser var tilgjengelige, ble poengfangsten de tre siste sesongene lagt til grunn.<\/p>\n<p>Der klarte Uno-X som mange vil huske \u00e5 holde franske Cofidis bak seg.<\/p>\n<p>Lisensen gir Uno-X rett til \u00e5 starte i alle World Tour-ritt i 2026-sesongen. Det betyr blant annet direkteplass i ritt som Tour de France, Giro d\u2019Italia og Vuelta a Espa\u00f1a.<\/p>\n<p>De foreg\u00e5ende sesongene har det norske laget f\u00e5tt wildcard til Tour de France, men ikke deltatt verken i Italia eller Spania.<\/p>\n","protected":false},"excerpt":{"rendered":"Det er klart etter at Det internasjonale sykkelforbundet onsdag publiserte listen over lag som har f\u00e5tt s\u00f8knadene innvilget&hellip;\n","protected":false},"author":2,"featured_media":109928,"comment_status":"","ping_status":"","sticky":false,"template":"","format":"standard","meta":{"footnotes":""},"categories":[59],"tags":[967,30,28,29,83,82],"class_list":{"0":"post-109927","1":"post","2":"type-post","3":"status-publish","4":"format-standard","5":"has-post-thumbnail","7":"category-sport","8":"tag-artikler-fra-ntb","9":"tag-no","10":"tag-norge","11":"tag-norway","12":"tag-sport","13":"tag-sports"},"share_on_mastodon":{"url":"https:\/\/pubeurope.com\/@no\/115698716059092368","error":""},"_links":{"self":[{"href":"https:\/\/www.europesays.com\/no\/wp-json\/wp\/v2\/posts\/109927","targetHints":{"allow":["GET"]}}],"collection":[{"href":"https:\/\/www.europesays.com\/no\/wp-json\/wp\/v2\/posts"}],"about":[{"href":"https:\/\/www.europesays.com\/no\/wp-json\/wp\/v2\/types\/post"}],"author":[{"embeddable":true,"href":"https:\/\/www.europesays.com\/no\/wp-json\/wp\/v2\/users\/2"}],"replies":[{"embeddable":true,"href":"https:\/\/www.europesays.com\/no\/wp-json\/wp\/v2\/comments?post=109927"}],"version-history":[{"count":0,"href":"https:\/\/www.europesays.com\/no\/wp-json\/wp\/v2\/posts\/109927\/revisions"}],"wp:featuredmedia":[{"embeddable":true,"href":"https:\/\/www.europesays.com\/no\/wp-json\/wp\/v2\/media\/109928"}],"wp:attachment":[{"href":"https:\/\/www.europesays.com\/no\/wp-json\/wp\/v2\/media?parent=109927"}],"wp:term":[{"taxonomy":"category","embeddable":true,"href":"https:\/\/www.europesays.com\/no\/wp-json\/wp\/v2\/categories?post=109927"},{"taxonomy":"post_tag","embeddable":true,"href":"https:\/\/www.europesays.com\/no\/wp-json\/wp\/v2\/tags?post=109927"}],"curies":[{"name":"wp","href":"https:\/\/api.w.org\/{rel}","templated":true}]}}