{"id":109931,"date":"2025-12-11T03:16:13","date_gmt":"2025-12-11T03:16:13","guid":{"rendered":"https:\/\/www.europesays.com\/no\/109931\/"},"modified":"2025-12-11T03:16:13","modified_gmt":"2025-12-11T03:16:13","slug":"foreslar-krevende-kutt-i-arendal-nrk-sorlandet-lokale-nyheter-tv-og-radio","status":"publish","type":"post","link":"https:\/\/www.europesays.com\/no\/109931\/","title":{"rendered":"Foresl\u00e5r krevende kutt i Arendal \u2013 NRK S\u00f8rlandet \u2013 Lokale nyheter, TV og radio"},"content":{"rendered":"<p>Saken oppsummert: <\/p>\n<p>\u2022 Arendal kommune st\u00e5r overfor en alvorlig \u00f8konomisk krise med 5 milliarder i gjeld og behov for \u00e5 spare 250-300 millioner kroner. <br \/>\u2022 Budsjettforslaget inneb\u00e6rer nedleggelse av fire skoler, to bokollektiv for pasienter med demens, og en lindrende avdeling for d\u00f8ende. <br \/>\u2022 SVs Inger Brokka De Ruiter, fungerende ordf\u00f8rer, erkjenner at valgl\u00f8fter brytes og beskriver kuttene som smertefulle, men n\u00f8dvendige for \u00e5 stabilisere \u00f8konomien. <br \/>\u2022 Fremskrittspartiet og H\u00f8yre er kritiske til budsjettforslaget og foresl\u00e5r alternative budsjetter som skjermer skoler og eldreomsorg, men kutter i andre sektorer som kultur og klima. <br \/>\u2022 Skolekutt og endringer i skolestrukturen har skapt splittelse i bystyret, og h\u00f8ringen om dette skal avsluttes i mars 2026. <br \/>\u2022 Kommunens \u00f8konomiske situasjon skyldes blant annet overforbruk p\u00e5 150 millioner kroner og tomme skoleplasser.<\/p>\n<p>Oppsummeringen er laget av en KI-tjeneste fra OpenAI. Innholdet er kvalitetssikret av NRKs journalister f\u00f8r publisering.<\/p>\n<p>Torsdag skal Arendal vedta budsjett for 2026.<\/p>\n<p><strong>Et flertall med Ap, SV, Venstre og KrF legger fram en t\u00f8ff plan for \u00e5 m\u00f8te kommunens elendige \u00f8konomi.<\/strong><\/p>\n<p>250-300 millioner kroner skal spares inn.<\/p>\n<p>Og bakteppet er alt annet enn hyggelig:<\/p>\n<ul>\n<li>Kommunen har 5 milliarder i gjeld<\/li>\n<li>Kommunen har brukt 150 millioner kroner over evne<\/li>\n<li>Over 2000 pulter st\u00e5r tomme i skolene<\/li>\n<\/ul>\n<p>\u2013 Bryter valgl\u00f8fter<\/p>\n<p>\u2013 Da m\u00e5 vi p\u00e5 v\u00e5r vakt dessverre gj\u00f8re noen sv\u00e6rt alvorlige grep. Vi bryter valgl\u00f8fter. Det kommer vi ikke unna, sier SVs Inger Brokka De Ruiter, som er fungerende ordf\u00f8rer i Robert Cornels Nordlis (Ap) permisjonsfrav\u00e6r.<\/p>\n<p><strong>Kuttlista fra flertallspartiene har allerede vakt reaksjoner.<\/strong><\/p>\n<p>Omlegging av skolestruktur ligger inne i budsjettet, etter heftig debatt i november.<\/p>\n<p>To bokollektiv for pasienter med demens kan forsvinne. Det samme gjelder lindrende avdeling for d\u00f8ende &#8211; og flere \u00e5rsverk innen Barne- og familietjenesten.<\/p>\n<p><strong>\u2013 Jeg har v\u00e6rt \u00e5pen om dette f\u00f8r. Dette gj\u00f8r ordentlig vondt, spesielt for de som rammes, sier Brokka De Ruiter.<\/strong><\/p>\n<p>\u2013 Hvorfor kutte i tilbud til d\u00f8ende og folk med demens?<\/p>\n<p>\u2013 Staten har innf\u00f8rt en bo hjemme-reform som ikke er finansert fullt ut. Derfor m\u00e5 vi gj\u00f8re drastiske grep, stabilisere \u00f8konomien og ta ned tjenestene. S\u00e5nn at vi p\u00e5 sikt kan bygge opp kapasitet igjen. N\u00e5 m\u00e5 vi f\u00f8rst sikre hjelp til de som har krav p\u00e5 det. De som bor i de to kollektivene blir boende til de f\u00e5r egnet sykehjemsplass.<\/p>\n<p><strong>Hun legger til at lindrende enhet legges ned i dagens form, men at tilbudet vil inng\u00e5 i det ordin\u00e6re helsetilbudet.<\/strong><\/p>\n<p>Selve avdelingen skal bygges om til langtidsplasser.<\/p>\n<p><img decoding=\"async\"   src=\"data:image\/gif;base64,R0lGODlhAQABAIAAAAAAAP\/\/\/yH5BAEAAAAALAAAAAABAAEAAAIBRAA7\" loading=\"eager\" alt=\"Arendal\" title=\"Foto: Per-K\u00e5re Sandbakk\"\/><\/p>\n<p class=\"\">TIDENDES T\u00d8FFESTE: Torsdag samles bystyret i Arendal for \u00e5 vedta et sv\u00e6rt krevende budsjett.<\/p>\n<p>Foto: Per-K\u00e5re Sandbakk<\/p>\n<p>\u2013 Heller kultur og klima<\/p>\n<p>Fremskrittspartiet er kritisk til store deler av budsjettet og vil skjerme b\u00e5de skolene og eldreomsorgen.<\/p>\n<p>Frps Andreas Arff kaller forslaget \u00abet forferdelig d\u00e5rlig budsjett\u00bb.<\/p>\n<p><strong>\u2013 Det bygger ned velferden i Arendal. Det g\u00e5r til angrep p\u00e5 de svakeste. P\u00e5 skole, helse og de eldre, sier han.<\/strong><\/p>\n<p>Partiet legger torsdag fram sitt alternative budsjett hvor de kutter i andre sektorer, og understreker at de vil ivareta skolene, bofellesskapene og lindrende enhet.<\/p>\n<p>\u2013 Da sier vi null bosetting av nye flyktninger. Vi kutter i byr\u00e5krati, vi kutter ganske hardt i kultur og klima, sier Arff.<\/p>\n<p>Frp vil la dagens skoler best\u00e5.<\/p>\n<p>\u2013 Men vi vil kutte p\u00e5 ledelse og merkantile tjenester, sier han.<\/p>\n<p><strong>Ogs\u00e5 opposisjonspartiet H\u00f8yre varsler et alternativt budsjett &#8211; hvor de blant annet vil skjerme de to bokollektivene for pasienter med demens.<\/strong><\/p>\n<p><img decoding=\"async\"   src=\"data:image\/gif;base64,R0lGODlhAQABAIAAAAAAAP\/\/\/yH5BAEAAAAALAAAAAABAAEAAAIBRAA7\" loading=\"eager\" alt=\"Andreas Arff\" title=\"Foto: Svein Sundsdal \/ NRK\"\/><\/p>\n<p class=\"\">TOMMEL NED: \u2013 Et forferdelig d\u00e5rlig budsjett som g\u00e5r til angrep p\u00e5 de svakeste, sier Frps Andreas Arff. <\/p>\n<p>Foto: Svein Sundsdal \/ NRK<\/p>\n<p>Skolenes framtid<\/p>\n<p>I budsjettforslaget ligger de store skolekuttene basert p\u00e5 vedtaket fra november om ny skolestruktur i Arendal.<\/p>\n<p>I skolestriden br\u00f8t den dav\u00e6rende flertallsalliansen sammen &#8211; og Ap og SV fikk i stedet med seg Venstre og KrF.<\/p>\n<p><strong>Fire skoler skal etter planen legges ned. Stinta skole blir ren barneskole, mens Birkenlund omgj\u00f8res til ren ungdomsskole.<\/strong><\/p>\n<p>Denne l\u00f8sningen er n\u00e5 ute p\u00e5 h\u00f8ring og skal endelig vedtas i mars 2026.<\/p>\n<p>Frp mener dagens budsjettforslag setter h\u00f8ringen i et underlig lys.<\/p>\n<p><strong>\u2013 N\u00e5r du legger skolekuttet inn i budsjettet, s\u00e5 kan man sp\u00f8rre seg om h\u00f8ringen er en skinnprosess, sier Arff.<\/strong><\/p>\n<p>Det avvises fra Brokka De Ruiter.<\/p>\n<p>\u2013 Jeg misunner Frps mulighet til \u00e5 komme med s\u00e5nne ytringer. Det er deres privilegium som opposisjonsparti. Men vi m\u00e5 ta ansvar for helheten, ellers raser alt sammen, sier hun.<\/p>\n<p>Publisert<\/p>\n<p>10.12.2025, kl. 21.33<\/p>\n","protected":false},"excerpt":{"rendered":"Saken oppsummert: \u2022 Arendal kommune st\u00e5r overfor en alvorlig \u00f8konomisk krise med 5 milliarder i gjeld og behov&hellip;\n","protected":false},"author":2,"featured_media":109932,"comment_status":"","ping_status":"","sticky":false,"template":"","format":"standard","meta":{"footnotes":""},"categories":[10],"tags":[20,21,24,25,15,22,23,13,30,28,29,14,16,26,27],"class_list":{"0":"post-109931","1":"post","2":"type-post","3":"status-publish","4":"format-standard","5":"has-post-thumbnail","7":"category-norge","8":"tag-breaking-news","9":"tag-breakingnews","10":"tag-featured-news","11":"tag-featurednews","12":"tag-headlines","13":"tag-latest-news","14":"tag-latestnews","15":"tag-news","16":"tag-no","17":"tag-norge","18":"tag-norway","19":"tag-nyheter","20":"tag-overskrifter","21":"tag-top-stories","22":"tag-topstories"},"share_on_mastodon":{"url":"https:\/\/pubeurope.com\/@no\/115698767185071887","error":""},"_links":{"self":[{"href":"https:\/\/www.europesays.com\/no\/wp-json\/wp\/v2\/posts\/109931","targetHints":{"allow":["GET"]}}],"collection":[{"href":"https:\/\/www.europesays.com\/no\/wp-json\/wp\/v2\/posts"}],"about":[{"href":"https:\/\/www.europesays.com\/no\/wp-json\/wp\/v2\/types\/post"}],"author":[{"embeddable":true,"href":"https:\/\/www.europesays.com\/no\/wp-json\/wp\/v2\/users\/2"}],"replies":[{"embeddable":true,"href":"https:\/\/www.europesays.com\/no\/wp-json\/wp\/v2\/comments?post=109931"}],"version-history":[{"count":0,"href":"https:\/\/www.europesays.com\/no\/wp-json\/wp\/v2\/posts\/109931\/revisions"}],"wp:featuredmedia":[{"embeddable":true,"href":"https:\/\/www.europesays.com\/no\/wp-json\/wp\/v2\/media\/109932"}],"wp:attachment":[{"href":"https:\/\/www.europesays.com\/no\/wp-json\/wp\/v2\/media?parent=109931"}],"wp:term":[{"taxonomy":"category","embeddable":true,"href":"https:\/\/www.europesays.com\/no\/wp-json\/wp\/v2\/categories?post=109931"},{"taxonomy":"post_tag","embeddable":true,"href":"https:\/\/www.europesays.com\/no\/wp-json\/wp\/v2\/tags?post=109931"}],"curies":[{"name":"wp","href":"https:\/\/api.w.org\/{rel}","templated":true}]}}