{"id":109940,"date":"2025-12-11T03:43:14","date_gmt":"2025-12-11T03:43:14","guid":{"rendered":"https:\/\/www.europesays.com\/no\/109940\/"},"modified":"2025-12-11T03:43:14","modified_gmt":"2025-12-11T03:43:14","slug":"tom-roseth-om-ny-dansk-trusselvurdering-ikke-overrasket","status":"publish","type":"post","link":"https:\/\/www.europesays.com\/no\/109940\/","title":{"rendered":"Tom R\u00f8seth om ny dansk trussel\u00advurdering: \u2013 Ikke overrasket"},"content":{"rendered":"\n<ul class=\"_list_o9xde_3 _list_64s2r_85 _unordered_o9xde_106 text-sans-m\">\n<li class=\"_item_o9xde_30\">Danmark ser p\u00e5 USA som en sikkerhetstrussel for f\u00f8rste gang i ny rapport fra det danske forsvarets etterretningstjeneste.<\/li>\n<li class=\"_item_o9xde_30\">USA nevnes omtrent 130 ganger i rapporten, sammenlignet med Norges vurdering hvor landet kun er nevnt fire ganger.<\/li>\n<li class=\"_item_o9xde_30\">Ekspert Tom R\u00f8seth fra Forsvarets h\u00f8gskole st\u00f8tter danskene og p\u00e5peker USAs skiftende politikk som utfordrende for europeisk sikkerhet.<\/li>\n<\/ul>\n<p>Vis mer <\/p>\n<p class=\"_paragraph_o9xde_4 _paragraph_xtcu6_10 layout-component text-serif-m layout-normal text-serif-m layout-padded\">Forsvarets etterretningstjeneste i Danmark (DEA) publiserte en ny rapport onsdag morgen.<\/p>\n<p class=\"_paragraph_o9xde_4 _paragraph_xtcu6_10 layout-component text-serif-m layout-normal text-serif-m layout-padded\">Der nevnes for f\u00f8rste gang USA som en sikkerhetstrussel mot Danmark.<\/p>\n<p class=\"_paragraph_o9xde_4 _paragraph_xtcu6_10 layout-component text-serif-m layout-normal text-serif-m layout-padded\"><strong class=\"_strong_o9xde_25\">Blant annet skriver de at USA ikke lenger utelukker bruk av milit\u00e6rmakt overfor allierte.<\/strong><\/p>\n<p><img alt=\"\" class=\"_image_qp4xg_65 layout-component layout-normal\" data-fullscreen- data-track-element-type=\"Article image fullscreen\" data-track-name=\"ImageFullscreen\" decoding=\"async\" loading=\"lazy\" height=\"716\" itemprop=\"image\"  src=\"https:\/\/www.europesays.com\/no\/wp-content\/uploads\/2025\/12\/68e8fe37-e3eb-4eec-8d45-550cff838d69\"  style=\"object-position:0% 0%\" width=\"1080\"\/><\/p>\n<p class=\"_paragraph_o9xde_4 _paragraph_xtcu6_10 layout-component text-serif-m layout-normal text-serif-m layout-padded\">Videre st\u00e5r det at de ogs\u00e5 n\u00e5 bruker sin \u00f8konomiske og teknologiske styrke som et maktmiddel \u2013 ogs\u00e5 overfor allierte.<\/p>\n<p class=\"_paragraph_o9xde_4 _paragraph_xtcu6_10 layout-component text-serif-m layout-normal text-serif-m layout-padded\">Rapporten peker p\u00e5 at trusler om h\u00f8ye tollsatser er en m\u00e5te de bruker \u00f8konomisk makt p\u00e5 \u00e5 f\u00e5 det slik de \u00f8nsker.<\/p>\n<p> \u2013 Forst\u00e5r danskene godt<\/p>\n<p class=\"_paragraph_o9xde_4 _paragraph_xtcu6_10 layout-component text-serif-m layout-normal text-serif-m layout-padded\">\u2013 Jeg er ikke overrasket.<\/p>\n<p class=\"_paragraph_o9xde_4 _paragraph_xtcu6_10 layout-component text-serif-m layout-normal text-serif-m layout-padded\">Det sier Tom R\u00f8seth, hovedl\u00e6rer i etterretning ved Forsvarets h\u00f8gskole, s\u00e5 fort han svarer p\u00e5 telefonen fra VG.<\/p>\n<p class=\"_paragraph_o9xde_4 _paragraph_xtcu6_10 layout-component text-serif-m layout-normal text-serif-m layout-padded\">B\u00e5de <a href=\"https:\/\/www.vg.no\/nyheter\/i\/XMw9QB\/dette-sier-ekspertene-om-usas-nye-strategi-fiendtlig-holdning-til-europa\" data-track-element-type=\"Link\" data-track-id=\"link:XMw9QB\" class=\"_link_o9xde_39\" rel=\"nofollow noopener\" target=\"_blank\">USAs nye strategidokument<\/a>, samt deres <a href=\"https:\/\/www.vg.no\/nyheter\/i\/0V7z56\/trump-i-nytt-intervju-vi-kommer-til-aa-faa-groenland\" data-track-element-type=\"Link\" data-track-id=\"link:0V7z56\" class=\"_link_o9xde_39\" rel=\"nofollow noopener\" target=\"_blank\">oppf\u00f8rsel overfor Danmark i forbindelse med Gr\u00f8nland<\/a>, gj\u00f8r at den ferske vurderingen fra DEA ikke kommer som et sjokk.<\/p>\n<p><img decoding=\"async\" alt=\"Bilde av Tom R\u00f8seth\" class=\"_image_ygndg_42\" height=\"27\" itemprop=\"image\" loading=\"lazy\"  src=\"https:\/\/www.europesays.com\/no\/wp-content\/uploads\/2025\/12\/d8b23d58-02cc-404d-b464-9cbc21503d20\"  width=\"40\"\/><strong class=\"_name_ygndg_51 title-serif-xs\">Tom R\u00f8seth<\/strong><\/p>\n<p class=\"_paragraph_o9xde_4 text-sans-m _description_ygndg_56\">F\u00f8rsteamanuensis Stabsskolen, Forsvaret.<\/p>\n<p class=\"_paragraph_o9xde_4 _paragraph_xtcu6_10 layout-component text-serif-m layout-normal text-serif-m layout-padded\">I tillegg trekker R\u00f8seth frem retorikken som USA gjentatte ganger bruker overfor Europa \u2013 s\u00e6rlig overfor EU.<\/p>\n<p class=\"_paragraph_o9xde_4 _paragraph_xtcu6_10 layout-component text-serif-m layout-normal text-serif-m layout-padded\">\u2013 Jeg forst\u00e5r danskene godt i det \u00e5 vurdere USA, for USA er s\u00e5 viktig. Skiftene de gj\u00f8r f\u00e5r store konsekvenser for europeisk og dansk sikkerhet, fortsetter han.<\/p>\n<p> Mer utsatt for russiske angrep<\/p>\n<p class=\"_paragraph_o9xde_4 _paragraph_xtcu6_10 layout-component text-serif-m layout-normal text-serif-m layout-padded\">Samtidig skriver DEA at USAs \u00f8kte fokus p\u00e5 Stillehavet, bidrar med \u00e5 skape en usikkerhet rundt deres rolle som hovedgarantisten for Europeisk sikkerhet.<\/p>\n<p class=\"_paragraph_o9xde_4 _paragraph_xtcu6_10 layout-component text-serif-m layout-normal text-serif-m layout-padded\"><strong class=\"_strong_o9xde_25\">Dette vil igjen gj\u00f8re Europa mer utsatt og \u00f8ke risikoen for russiske angrep, if\u00f8lge rapporten.<\/strong><\/p>\n<p class=\"_paragraph_o9xde_4 _paragraph_xtcu6_10 layout-component text-serif-m layout-normal text-serif-m layout-padded\">Forholdet mellom USA og Kina trekkes flere ganger frem \u2013 nettopp fordi et st\u00f8rre fokus rettet mot Stillehavet og Kina, vil v\u00e6re en indirekte sikkerhetstrussel for Europa.<\/p>\n<p><img alt=\"USAs president, Donald Trump, og Kinas president, Xi Jinping, m\u00f8ttes i oktober for f\u00f8rste gang p\u00e5 fem \u00e5r.  Foto: Evelyn Hockstein \/ Reuters \/ NTB\" class=\"_image_qp4xg_65 layout-component layout-normal\" data-fullscreen- data-track-element-type=\"Article image fullscreen\" data-track-name=\"ImageFullscreen\" decoding=\"async\" loading=\"lazy\" height=\"1520\" itemprop=\"image\"  src=\"https:\/\/www.europesays.com\/no\/wp-content\/uploads\/2025\/12\/4130c716-95d6-4682-a12a-786ea2329e4c\"  style=\"object-position:0% 0%\" width=\"2250\"\/>USAs president, Donald Trump, og Kinas president, Xi Jinping, m\u00f8ttes i oktober for f\u00f8rste gang p\u00e5 fem \u00e5r.  Foto: Evelyn Hockstein \/ Reuters \/ NTB<\/p>\n<p class=\"_paragraph_o9xde_4 _paragraph_xtcu6_10 layout-component text-serif-m layout-normal text-serif-m layout-padded\">DEA mener ogs\u00e5 at det er usikkerhet rundt hvordan forholdet mellom de to stormaktene vil utvikle seg de neste \u00e5rene, men at de vil bli strategiske konkurrenter p\u00e5 lang sikt.<\/p>\n<p class=\"_paragraph_o9xde_4 _paragraph_xtcu6_10 layout-component text-serif-m layout-normal text-serif-m layout-padded\"><strong class=\"_strong_o9xde_25\">I rapporten nevnes USA n\u00e6r 130 ganger, som er omtrent 30 ganger s\u00e5 mye som i PSTs siste trusselvurdering for Norge.<\/strong><\/p>\n<p class=\"_paragraph_o9xde_4 _paragraph_xtcu6_10 layout-component text-serif-m layout-normal text-serif-m layout-padded\">Der ble USA kun nevnt fire ganger.<\/p>\n<p class=\"_paragraph_o9xde_4 _paragraph_xtcu6_10 layout-component text-serif-m layout-normal text-serif-m layout-padded\">\u2013 Danskene er tydeligere enn Norge, og de har Gr\u00f8nland-historien, forklarer R\u00f8seth som en mulig forklaring p\u00e5 hvorfor Danmark g\u00e5r hardere ut enn Norge.<\/p>\n<p class=\"_paragraph_o9xde_4 _paragraph_xtcu6_10 layout-component text-serif-m layout-normal text-serif-m layout-padded\">Attp\u00e5til nevner han at EU angripes sterkest fra amerikansk hold \u2013 og Norge har jo, som kjent, ikke EU-medlemskap.<\/p>\n<p class=\"_paragraph_o9xde_4 _paragraph_xtcu6_10 layout-component text-serif-m layout-normal text-serif-m layout-padded\">\u2013 Vi er ikke like sterkt ber\u00f8rt, og derfor er kanskje vurderingene litt mer behersket.<\/p>\n<p> \u00abEn skiftningstid\u00bb<\/p>\n<p class=\"_paragraph_o9xde_4 _paragraph_xtcu6_10 layout-component text-serif-m layout-normal text-serif-m layout-padded\">Hovedl\u00e6rer R\u00f8seth mener vi n\u00e5 er i en skiftningstid hvor USA har en annen tiln\u00e6rming til Russland, samtidig som gamle allierte f\u00e5r sterk kritikk.<\/p>\n<p class=\"_paragraph_o9xde_4 _paragraph_xtcu6_10 layout-component text-serif-m layout-normal text-serif-m layout-padded\">\u2013 Sp\u00f8rsm\u00e5let er hvor langt praktisk politikk etterf\u00f8lger retorikken, fortsetter han.<\/p>\n<p class=\"_paragraph_o9xde_4 _paragraph_xtcu6_10 layout-component text-serif-m layout-normal text-serif-m layout-padded\">R\u00f8seth forklarer USA som en trussel uten \u00e5 n\u00f8dvendigvis v\u00e6re en direkte trussel.<\/p>\n<p class=\"_paragraph_o9xde_4 _paragraph_xtcu6_10 layout-component text-serif-m layout-normal text-serif-m layout-padded\">Enklere forklart:<\/p>\n<p class=\"_paragraph_o9xde_4 _paragraph_xtcu6_10 layout-component text-serif-m layout-normal text-serif-m layout-padded\">Amerikansk nedprioritering av Europa og s\u00f8ken p\u00e5 samarbeid med Russland er en utfordring \u2013 ikke at USA \u00f8nsker \u00e5 angripe Europa.<\/p>\n<p class=\"_paragraph_o9xde_4 _paragraph_xtcu6_10 layout-component text-serif-m layout-normal text-serif-m layout-padded\">\u2013 Men USA trekker seg ut og finner nye strukturer og partnere som kan v\u00e6re p\u00e5 tvers av europeiske interesser, sier hovedl\u00e6reren i Forsvaret.<\/p>\n<p class=\"_paragraph_o9xde_4 _paragraph_xtcu6_10 layout-component text-serif-m layout-normal text-serif-m layout-padded\">At USA n\u00e5 vekter ned Europa og opp Asia, er han likevel tydelig p\u00e5 at ikke er en ny trend.<\/p>\n<p class=\"_paragraph_o9xde_4 _paragraph_xtcu6_10 layout-component text-serif-m layout-normal text-serif-m layout-padded\">Trenden som derimot kan anses som ny, og et skifte som er alvorlig, er USA sitt forhold til Russland.<\/p>\n<p><img alt=\"I august m\u00f8ttes Putin og Trump i Alaska.  Foto: ANDREW CABALLERO-REYNOLDS \/ AFP \/ NTB\" class=\"_image_qp4xg_65 layout-component layout-normal\" data-fullscreen- data-track-element-type=\"Article image fullscreen\" data-track-name=\"ImageFullscreen\" decoding=\"async\" loading=\"lazy\" height=\"1722\" itemprop=\"image\"  src=\"https:\/\/www.europesays.com\/no\/wp-content\/uploads\/2025\/12\/130ef4db-bd6b-40fa-bb27-0f4ecfbb52b2\"  style=\"object-position:0% 0%\" width=\"2585\"\/>I august m\u00f8ttes Putin og Trump i Alaska.  Foto: ANDREW CABALLERO-REYNOLDS \/ AFP \/ NTB<\/p>\n<p class=\"_paragraph_o9xde_4 _paragraph_xtcu6_10 layout-component text-serif-m layout-normal text-serif-m layout-padded\">B\u00e5de det forholdet og USAs beskrivelse av Europa ser ut til \u00e5 v\u00e6re i kraftig endring, if\u00f8lge R\u00f8seth.<\/p>\n<p class=\"_paragraph_o9xde_4 _paragraph_xtcu6_10 layout-component text-serif-m layout-normal text-serif-m layout-padded\"><strong class=\"_strong_o9xde_25\">\u2013 USA sin politikk utfordrer Europa i stedet for \u00e5 bare miste interessen.<\/strong><\/p>\n<p class=\"_paragraph_o9xde_4 _paragraph_xtcu6_10 layout-component text-serif-m layout-normal text-serif-m layout-padded\">Nettopp dette mener han er grunnen til at flere er bekymret.<\/p>\n<p class=\"_paragraph_o9xde_4 _paragraph_xtcu6_10 layout-component text-serif-m layout-normal text-serif-m layout-padded\">Den danske etterretningstjenestens rapport tilsier ikke at USA er en milit\u00e6r fiende for Danmark, men at landet skaper en usikkerhet som kan ha negative sikkerhetspolitiske konsekvenser.<\/p>\n<p> \u00d8kt interesse for Arktis<\/p>\n<p class=\"_paragraph_o9xde_4 _paragraph_xtcu6_10 layout-component text-serif-m layout-normal text-serif-m layout-padded\">Ogs\u00e5 interessen for Arktis har betydning for sikkerheten i Danmark, fremhever DEA i rapporten.<\/p>\n<p><img alt=\"USAs visepresident JD Vance bes\u00f8kte Gr\u00f8nland tidligere i \u00e5r \u2013 til stor misn\u00f8ye blant lokalbefolkningen.  Foto: JIM WATSON \/ AFP \/ NTB\" class=\"_image_qp4xg_65 layout-component layout-normal\" data-fullscreen- data-track-element-type=\"Article image fullscreen\" data-track-name=\"ImageFullscreen\" decoding=\"async\" loading=\"lazy\" height=\"3480\" itemprop=\"image\"  src=\"https:\/\/www.europesays.com\/no\/wp-content\/uploads\/2025\/12\/d5a59af8-757b-48b4-bf6a-bc514c1f1d3d\"  style=\"object-position:0% 0%\" width=\"5528\"\/>USAs visepresident JD Vance bes\u00f8kte Gr\u00f8nland tidligere i \u00e5r \u2013 til stor misn\u00f8ye blant lokalbefolkningen.  Foto: JIM WATSON \/ AFP \/ NTB<\/p>\n<p class=\"_paragraph_o9xde_4 _paragraph_xtcu6_10 layout-component text-serif-m layout-normal text-serif-m layout-padded\">For Kina, USA og Russland har alle forskjellige interesser i Arktis, men en fellesnevner er at de \u00f8nsker \u00e5 spille en st\u00f8rre rolle i regionen.<\/p>\n<p class=\"_paragraph_o9xde_4 _paragraph_xtcu6_10 layout-component text-serif-m layout-normal text-serif-m layout-padded\"><strong class=\"_strong_o9xde_25\">Rapporten forklarer de tre stormaktenes interesse slik:<\/strong><\/p>\n<ul class=\"_list_o9xde_3 _list_xtcu6_9 _unordered_o9xde_106 layout-component text-serif-m layout-normal text-serif-m layout-padded\">\n<li class=\"_item_o9xde_30\">USA \u2013 har \u00f8kt sin sikkerhetspolitiske interesse markant de siste \u00e5rene.<\/li>\n<li class=\"_item_o9xde_30\">Russland \u2013 den sterkeste milit\u00e6re makten i Arktis, men fortsetter fremdeles sin opprustning.<\/li>\n<li class=\"_item_o9xde_30\">Kina \u2013 fortsetter arbeidet med \u00e5 kunne seile ub\u00e5ter og overflateskip i regionen.<\/li>\n<\/ul>\n<p><img alt=\"En folkemengde samlet seg utenfor USAs ambassade i Danmark for \u00e5 protestere tidligere i \u00e5r.  Foto: NILS MEILVANG \/ EPA \/ NTB\" class=\"_image_qp4xg_65 layout-component layout-normal\" data-fullscreen- data-track-element-type=\"Article image fullscreen\" data-track-name=\"ImageFullscreen\" decoding=\"async\" loading=\"lazy\" height=\"4000\" itemprop=\"image\"  src=\"https:\/\/www.europesays.com\/no\/wp-content\/uploads\/2025\/12\/110f1ed7-f169-48e0-bf56-efd121bbe75c\"  style=\"object-position:0% 0%\" width=\"6000\"\/>En folkemengde samlet seg utenfor USAs ambassade i Danmark for \u00e5 protestere tidligere i \u00e5r.  Foto: NILS MEILVANG \/ EPA \/ NTB<\/p>\n<p class=\"_paragraph_o9xde_4 _paragraph_xtcu6_10 layout-component text-serif-m layout-normal text-serif-m layout-padded\">Hovedl\u00e6rer R\u00f8seth poengterer ogs\u00e5 at Gr\u00f8nland er den st\u00f8rste grunnen til at Danmark er mer utsatt enn eksempelvis Norge.<\/p>\n<p class=\"_paragraph_o9xde_4 _paragraph_xtcu6_10 layout-component text-serif-m layout-normal text-serif-m layout-padded\">Siden Trumps f\u00f8rste presidentperiode har han snakket om Gr\u00f8nland.<\/p>\n<p class=\"_paragraph_o9xde_4 _paragraph_xtcu6_10 layout-component text-serif-m layout-normal text-serif-m layout-padded\"><strong class=\"_strong_o9xde_25\">\u2013 Den utfordringen som Danmark har hatt med Trumpadministrasjonen n\u00e5r det gjelder Gr\u00f8nland, har satt et st\u00f8kk i danskene, sier R\u00f8seth.<\/strong><\/p>\n<p class=\"_paragraph_o9xde_4 _paragraph_xtcu6_10 layout-component text-serif-m layout-normal text-serif-m layout-padded\">Nettopp dette har f\u00f8rt til at danskene har revurdert forholdet til USA, mener hovedl\u00e6reren:<\/p>\n<p class=\"_paragraph_o9xde_4 _paragraph_xtcu6_10 layout-component text-serif-m layout-normal text-serif-m layout-padded\">\u2013 De har kjent p\u00e5 kroppen at amerikanerne utfordrer dem, og at de ikke lenger er den klassiske allierte man er vant til.<\/p>\n<p> Mener USA kan utfordre alliansesystemet<\/p>\n<p class=\"_paragraph_o9xde_4 _paragraph_xtcu6_10 layout-component text-serif-m layout-normal text-serif-m layout-padded\">Igjen peker R\u00f8seth p\u00e5 skiftet i amerikansk politikk og at det nye strategidokumentet er forverrende for relasjonen med Europa.<\/p>\n<p class=\"_paragraph_o9xde_4 _paragraph_xtcu6_10 layout-component text-serif-m layout-normal text-serif-m layout-padded\">Dette skiftet endrer de gamle alliansetankene, if\u00f8lge ham.<\/p>\n<p class=\"_paragraph_o9xde_4 _paragraph_xtcu6_10 layout-component text-serif-m layout-normal text-serif-m layout-padded\">\u2013 Jeg tror det har veldig mye med Trump \u00e5 gj\u00f8re. Man ser det s\u00e6rlig i den negative beskrivelsen av Europa.<\/p>\n<p><img alt=\"Trump har tidligere sagt i et intervju at han er hundre prosent sikker p\u00e5 at USA \u00abvil f\u00e5\u00bb Gr\u00f8nland.  Foto: ANDREW CABALLERO-REYNOLDS \/ AFP \/ NTB\" class=\"_image_qp4xg_65 layout-component layout-normal\" data-fullscreen- data-track-element-type=\"Article image fullscreen\" data-track-name=\"ImageFullscreen\" decoding=\"async\" loading=\"lazy\" height=\"4609\" itemprop=\"image\"  src=\"https:\/\/www.europesays.com\/no\/wp-content\/uploads\/2025\/12\/4c924e69-4a96-40b9-8856-ca917b63f6b6\"  style=\"object-position:0% 0%\" width=\"6838\"\/>Trump har tidligere sagt i et intervju at han er hundre prosent sikker p\u00e5 at USA \u00abvil f\u00e5\u00bb Gr\u00f8nland.  Foto: ANDREW CABALLERO-REYNOLDS \/ AFP \/ NTB<\/p>\n<p class=\"_paragraph_o9xde_4 _paragraph_xtcu6_10 layout-component text-serif-m layout-normal text-serif-m layout-padded\">Og at skiftet er bekymringsfullt, mener han at det ikke er noen tvil om \u2013 for n\u00e5 m\u00e5 man vurdere USA som en akt\u00f8r som kan utfordre det st\u00e5ende alliansesystemet.<\/p>\n<p class=\"_paragraph_o9xde_4 _paragraph_xtcu6_10 layout-component text-serif-m layout-normal text-serif-m layout-padded\">\u2013 Amerikansk p\u00e5virkning og politikk kan v\u00e6re en utfordring for land i Europa. Danmark har bare v\u00e6rt tidlig ute til \u00e5 sense og reagere p\u00e5 det, sier han.<\/p>\n<p class=\"_paragraph_o9xde_4 _paragraph_xtcu6_10 layout-component text-serif-m layout-normal text-serif-m layout-padded\"><strong class=\"_strong_o9xde_25\">R\u00f8seth p\u00e5peker nemlig at \u00e5 vurdere allierte er noe man vanligvis synes er sensitivt. <\/strong><\/p>\n<p class=\"_paragraph_o9xde_4 _paragraph_xtcu6_10 layout-component text-serif-m layout-normal text-serif-m layout-padded\">S\u00e5 at danskene er s\u00e5pass eksplisitte, er et tydelig svar p\u00e5 direktheten man har sett i USA.<\/p>\n<p class=\"_paragraph_o9xde_4 _paragraph_xtcu6_10 layout-component text-serif-m layout-normal text-serif-m layout-padded\">\u2013 Jeg tror det er riktig \u00e5 ta standpunkt i Europa, slik som Danmark n\u00e5 gj\u00f8r. Det er viktig \u00e5 v\u00e6re en motkraft og \u00e5 ikke late som ingenting.<\/p>\n","protected":false},"excerpt":{"rendered":"Danmark ser p\u00e5 USA som en sikkerhetstrussel for f\u00f8rste gang i ny rapport fra det danske forsvarets etterretningstjeneste.&hellip;\n","protected":false},"author":2,"featured_media":109941,"comment_status":"","ping_status":"","sticky":false,"template":"","format":"standard","meta":{"footnotes":""},"categories":[12],"tags":[20,21,55,24,25,15,22,23,13,30,28,29,14,16,26,27,50,42,43,44,45],"class_list":{"0":"post-109940","1":"post","2":"type-post","3":"status-publish","4":"format-standard","5":"has-post-thumbnail","7":"category-verden","8":"tag-breaking-news","9":"tag-breakingnews","10":"tag-donald-trump","11":"tag-featured-news","12":"tag-featurednews","13":"tag-headlines","14":"tag-latest-news","15":"tag-latestnews","16":"tag-news","17":"tag-no","18":"tag-norge","19":"tag-norway","20":"tag-nyheter","21":"tag-overskrifter","22":"tag-top-stories","23":"tag-topstories","24":"tag-usa","25":"tag-verden","26":"tag-world","27":"tag-world-news","28":"tag-worldnews"},"share_on_mastodon":{"url":"https:\/\/pubeurope.com\/@no\/115698874133677326","error":""},"_links":{"self":[{"href":"https:\/\/www.europesays.com\/no\/wp-json\/wp\/v2\/posts\/109940","targetHints":{"allow":["GET"]}}],"collection":[{"href":"https:\/\/www.europesays.com\/no\/wp-json\/wp\/v2\/posts"}],"about":[{"href":"https:\/\/www.europesays.com\/no\/wp-json\/wp\/v2\/types\/post"}],"author":[{"embeddable":true,"href":"https:\/\/www.europesays.com\/no\/wp-json\/wp\/v2\/users\/2"}],"replies":[{"embeddable":true,"href":"https:\/\/www.europesays.com\/no\/wp-json\/wp\/v2\/comments?post=109940"}],"version-history":[{"count":0,"href":"https:\/\/www.europesays.com\/no\/wp-json\/wp\/v2\/posts\/109940\/revisions"}],"wp:featuredmedia":[{"embeddable":true,"href":"https:\/\/www.europesays.com\/no\/wp-json\/wp\/v2\/media\/109941"}],"wp:attachment":[{"href":"https:\/\/www.europesays.com\/no\/wp-json\/wp\/v2\/media?parent=109940"}],"wp:term":[{"taxonomy":"category","embeddable":true,"href":"https:\/\/www.europesays.com\/no\/wp-json\/wp\/v2\/categories?post=109940"},{"taxonomy":"post_tag","embeddable":true,"href":"https:\/\/www.europesays.com\/no\/wp-json\/wp\/v2\/tags?post=109940"}],"curies":[{"name":"wp","href":"https:\/\/api.w.org\/{rel}","templated":true}]}}