{"id":109961,"date":"2025-12-11T04:47:09","date_gmt":"2025-12-11T04:47:09","guid":{"rendered":"https:\/\/www.europesays.com\/no\/109961\/"},"modified":"2025-12-11T04:47:09","modified_gmt":"2025-12-11T04:47:09","slug":"kraftig-okning-i-modredodelighet-under-krigen-i-ukraina","status":"publish","type":"post","link":"https:\/\/www.europesays.com\/no\/109961\/","title":{"rendered":"Kraftig \u00f8kning i m\u00f8dred\u00f8delighet under krigen i Ukraina"},"content":{"rendered":"\n<p class=\"_lead_o9xde_2 _lead_xtcu6_50 layout-component text-serif-m layout-normal text-serif-l layout-component layout-wide layout-padded _wide_17hqh_1 layout-padded\">FN advarer om at krigen i Ukraina setter gravide i fare og at m\u00f8dred\u00f8deligheten i landet er \u00f8kt kraftig.<\/p>\n<p><img alt=\"Over 80 f\u00f8de- og nyf\u00f8dtklinikker i Ukraina er skadet eller \u00f8delagt som f\u00f8lge av krigen, og m\u00f8dred\u00f8deligheten har \u00f8kt kraftig. Bildet viser kuv\u00f8ser og annet utstyr lagret i kjelleren p\u00e5 en barselklinikk i hovedstaden Kyiv tidligere under krigen.  Foto: Bernat Armangue \/ AP \/ NTB\" class=\"_image_qp4xg_65 layout-component layout-wide\" data-fullscreen- data-track-element-type=\"Article image fullscreen\" data-track-name=\"ImageFullscreen\" fetchpriority=\"high\" decoding=\"sync\" loading=\"eager\" height=\"5760\" itemprop=\"image\"  src=\"https:\/\/www.europesays.com\/no\/wp-content\/uploads\/2025\/12\/0ab10976-a995-4b2b-9d6b-9304d74c06c3\"  style=\"object-position:0% 0%\" width=\"8640\"\/>Over 80 f\u00f8de- og nyf\u00f8dtklinikker i Ukraina er skadet eller \u00f8delagt som f\u00f8lge av krigen, og m\u00f8dred\u00f8deligheten har \u00f8kt kraftig. Bildet viser kuv\u00f8ser og annet utstyr lagret i kjelleren p\u00e5 en barselklinikk i hovedstaden Kyiv tidligere under krigen.  Foto: Bernat Armangue \/ AP \/ NTB<\/p>\n<ul aria-hidden=\"true\" class=\"_images_ntbth_112\">\n<li><a class=\"_link_ntbth_117\" href=\"https:\/\/www.vg.no\/forfatter\/ntb\" style=\"z-index:1\" title=\"NTB\" rel=\"nofollow noopener\" target=\"_blank\"><img alt=\"Bilde av NTB\" class=\"_image_ntbth_93\" fetchpriority=\"low\" loading=\"lazy\" decoding=\"async\" itemprop=\"image\"  src=\"https:\/\/www.europesays.com\/no\/wp-content\/uploads\/2025\/12\/1765428429_567_c33980b0-5d07-4027-84a1-813f90a7c8d6\"  width=\"480\"\/><\/a><\/li>\n<\/ul>\n<p> Oppdatert torsdag 11. desember kl. 04:42     <\/p>\n<p class=\"_paragraph_o9xde_4 _paragraph_xtcu6_10 layout-component text-serif-m layout-normal text-serif-m layout-padded\">Fra 2023 til 2024 \u00f8kte d\u00f8deligheten blant gravide kvinner med rundt 37 prosent, if\u00f8lge en rapport som bygger p\u00e5 tall fra Verdens helseorganisasjon (WHO) og organisasjonen Health Cluster.<\/p>\n<p class=\"_paragraph_o9xde_4 _paragraph_xtcu6_10 layout-component text-serif-m layout-normal text-serif-m layout-padded\">\u2013 V\u00e5r seneste analyse viser en kraftig forverring av m\u00f8drehelse i hele Ukraina, der flere kvinner er i fare for \u00e5 d\u00f8, og der flere graviditeter ender i livstruende komplikasjoner, sier Florence Bauer, som er \u00d8st-Europa-direkt\u00f8r i FNs befolkningsfond (UNFPA).<\/p>\n<p class=\"_paragraph_o9xde_4 _paragraph_xtcu6_10 layout-component text-serif-m layout-normal text-serif-m layout-padded\">\u2013 Dette er ikke abstrakt statistikk \u2013 de er mennesker og familier som lever under et uutholdelig press, og de gjenspeiler et helsevesen under angrep, sier Bauer i en uttalelse.<\/p>\n<p class=\"_paragraph_o9xde_4 _paragraph_xtcu6_10 layout-component text-serif-m layout-normal text-serif-m layout-padded\">Siden Russlands fullskalainvasjon i 2022 er over 80 f\u00f8de- og nyf\u00f8dtklinikker skadet eller \u00f8delagt, opplyser UNFPA. De er en del av de totalt mer enn 2780 helseklinikkene i landet som er rammet.<\/p>\n<p class=\"_paragraph_o9xde_4 _paragraph_xtcu6_10 layout-component text-serif-m layout-normal text-serif-m layout-padded\">FN-byr\u00e5et sier angrepene mot sykehus og andre helsefasiliteter inneb\u00e6rer at kvinner tvinges til \u00e5 f\u00f8de under \u00abstadig farligere forhold\u00bb.<\/p>\n","protected":false},"excerpt":{"rendered":"FN advarer om at krigen i Ukraina setter gravide i fare og at m\u00f8dred\u00f8deligheten i landet er \u00f8kt&hellip;\n","protected":false},"author":2,"featured_media":109962,"comment_status":"","ping_status":"","sticky":false,"template":"","format":"standard","meta":{"footnotes":""},"categories":[12],"tags":[20,21,24,25,332,15,179,22,23,13,30,28,29,14,16,26,27,42,43,44,45],"class_list":{"0":"post-109961","1":"post","2":"type-post","3":"status-publish","4":"format-standard","5":"has-post-thumbnail","7":"category-verden","8":"tag-breaking-news","9":"tag-breakingnews","10":"tag-featured-news","11":"tag-featurednews","12":"tag-fn","13":"tag-headlines","14":"tag-krigen-i-ukraina","15":"tag-latest-news","16":"tag-latestnews","17":"tag-news","18":"tag-no","19":"tag-norge","20":"tag-norway","21":"tag-nyheter","22":"tag-overskrifter","23":"tag-top-stories","24":"tag-topstories","25":"tag-verden","26":"tag-world","27":"tag-world-news","28":"tag-worldnews"},"share_on_mastodon":{"url":"https:\/\/pubeurope.com\/@no\/115699125185341321","error":""},"_links":{"self":[{"href":"https:\/\/www.europesays.com\/no\/wp-json\/wp\/v2\/posts\/109961","targetHints":{"allow":["GET"]}}],"collection":[{"href":"https:\/\/www.europesays.com\/no\/wp-json\/wp\/v2\/posts"}],"about":[{"href":"https:\/\/www.europesays.com\/no\/wp-json\/wp\/v2\/types\/post"}],"author":[{"embeddable":true,"href":"https:\/\/www.europesays.com\/no\/wp-json\/wp\/v2\/users\/2"}],"replies":[{"embeddable":true,"href":"https:\/\/www.europesays.com\/no\/wp-json\/wp\/v2\/comments?post=109961"}],"version-history":[{"count":0,"href":"https:\/\/www.europesays.com\/no\/wp-json\/wp\/v2\/posts\/109961\/revisions"}],"wp:featuredmedia":[{"embeddable":true,"href":"https:\/\/www.europesays.com\/no\/wp-json\/wp\/v2\/media\/109962"}],"wp:attachment":[{"href":"https:\/\/www.europesays.com\/no\/wp-json\/wp\/v2\/media?parent=109961"}],"wp:term":[{"taxonomy":"category","embeddable":true,"href":"https:\/\/www.europesays.com\/no\/wp-json\/wp\/v2\/categories?post=109961"},{"taxonomy":"post_tag","embeddable":true,"href":"https:\/\/www.europesays.com\/no\/wp-json\/wp\/v2\/tags?post=109961"}],"curies":[{"name":"wp","href":"https:\/\/api.w.org\/{rel}","templated":true}]}}