{"id":109966,"date":"2025-12-11T04:55:21","date_gmt":"2025-12-11T04:55:21","guid":{"rendered":"https:\/\/www.europesays.com\/no\/109966\/"},"modified":"2025-12-11T04:55:21","modified_gmt":"2025-12-11T04:55:21","slug":"knivran-sarpsborg-melding-om-knivran-i-sarpsborg-en-skadet","status":"publish","type":"post","link":"https:\/\/www.europesays.com\/no\/109966\/","title":{"rendered":"Knivran, Sarpsborg | Melding om knivran i Sarpsborg \u2013 \u00e9n skadet"},"content":{"rendered":"\n<p>F\u00f8rste melding fra politiet om hendelsen i Gre\u00e5ker i Sarpsborg kom klokken 17.41 onsdag ettermiddag.<\/p>\n<p>\u2013 Politiet mottatt melding om ran av forretning i Gre\u00e5ker. En gjerningsperson truet til seg ukjent bel\u00f8p med knivlignende gjenstand, skriver operasjonsleder Rune Isaksen ved \u00d8st politidistrikt.<\/p>\n<p>Videre beskriver politiet signalementet de har f\u00e5tt oppgitt p\u00e5 raneren, som l\u00f8p fra stedet. Han beskrives som en mann rundt 40 \u00e5r i svart hettegenser og bl\u00e5 bukse.<\/p>\n<p>\u2013 Vi er p\u00e5 stedet og snakker med forn\u00e6rmede og s\u00f8ker etter gjerningspersonen. Flere politipatruljer p\u00e5 stedet, skriver Isaksen i en melding til pressen.<\/p>\n<p>   <img decoding=\"async\" width=\"1070\" height=\"714\" fetchpriority=\"low\"  loading=\"lazy\"  src=\"https:\/\/www.europesays.com\/no\/wp-content\/uploads\/2025\/12\/9afcd811-2875-4725-9ce5-8191ba0b7888_1.jpeg\" alt=\"\" class=\"brick-c-cFOWSL\" style=\"--brick-image-ratio: 1070 \/ 714;\"\/><\/p>\n<p>      B\u00e5de politi og ambulansepersonell rykket ut etter melding om ran med kniv i Sarpsborg onsdag.<br \/>\n      Foto: Tobias Nordli (Sarpsborg Arbeiderblad)\n    <\/p>\n<p>I en oppdatering fem minutter p\u00e5 18.00 skriver operasjonsleder at den forn\u00e6rmede i saken er lettere skadet, men at vedkommende ikke har knivskader.<\/p>\n<p>\u2013 Forn\u00e6rmede kj\u00f8rt lokal legevakt, lettere skadet i forbindelse med at han har gjort utfall mot gjerningsmannen. Ukjent pengebel\u00f8p borttatt. Politiet har gjennomf\u00f8rt tekniske unders\u00f8kelser p\u00e5 stedet og avh\u00f8rer forn\u00e6rmede. Saken etterforskes videre, skriver Isaksen klokken 19.03.<\/p>\n","protected":false},"excerpt":{"rendered":"F\u00f8rste melding fra politiet om hendelsen i Gre\u00e5ker i Sarpsborg kom klokken 17.41 onsdag ettermiddag. \u2013 Politiet mottatt&hellip;\n","protected":false},"author":2,"featured_media":109967,"comment_status":"","ping_status":"","sticky":false,"template":"","format":"standard","meta":{"footnotes":""},"categories":[10],"tags":[20,21,24,25,15,22,23,13,30,28,29,14,16,26,27],"class_list":{"0":"post-109966","1":"post","2":"type-post","3":"status-publish","4":"format-standard","5":"has-post-thumbnail","7":"category-norge","8":"tag-breaking-news","9":"tag-breakingnews","10":"tag-featured-news","11":"tag-featurednews","12":"tag-headlines","13":"tag-latest-news","14":"tag-latestnews","15":"tag-news","16":"tag-no","17":"tag-norge","18":"tag-norway","19":"tag-nyheter","20":"tag-overskrifter","21":"tag-top-stories","22":"tag-topstories"},"share_on_mastodon":{"url":"https:\/\/pubeurope.com\/@no\/115699156485767177","error":""},"_links":{"self":[{"href":"https:\/\/www.europesays.com\/no\/wp-json\/wp\/v2\/posts\/109966","targetHints":{"allow":["GET"]}}],"collection":[{"href":"https:\/\/www.europesays.com\/no\/wp-json\/wp\/v2\/posts"}],"about":[{"href":"https:\/\/www.europesays.com\/no\/wp-json\/wp\/v2\/types\/post"}],"author":[{"embeddable":true,"href":"https:\/\/www.europesays.com\/no\/wp-json\/wp\/v2\/users\/2"}],"replies":[{"embeddable":true,"href":"https:\/\/www.europesays.com\/no\/wp-json\/wp\/v2\/comments?post=109966"}],"version-history":[{"count":0,"href":"https:\/\/www.europesays.com\/no\/wp-json\/wp\/v2\/posts\/109966\/revisions"}],"wp:featuredmedia":[{"embeddable":true,"href":"https:\/\/www.europesays.com\/no\/wp-json\/wp\/v2\/media\/109967"}],"wp:attachment":[{"href":"https:\/\/www.europesays.com\/no\/wp-json\/wp\/v2\/media?parent=109966"}],"wp:term":[{"taxonomy":"category","embeddable":true,"href":"https:\/\/www.europesays.com\/no\/wp-json\/wp\/v2\/categories?post=109966"},{"taxonomy":"post_tag","embeddable":true,"href":"https:\/\/www.europesays.com\/no\/wp-json\/wp\/v2\/tags?post=109966"}],"curies":[{"name":"wp","href":"https:\/\/api.w.org\/{rel}","templated":true}]}}