{"id":109970,"date":"2025-12-11T05:01:34","date_gmt":"2025-12-11T05:01:34","guid":{"rendered":"https:\/\/www.europesays.com\/no\/109970\/"},"modified":"2025-12-11T05:01:34","modified_gmt":"2025-12-11T05:01:34","slug":"israel-far-delta-i-eurovision-flere-land-boikotter-konkurransen","status":"publish","type":"post","link":"https:\/\/www.europesays.com\/no\/109970\/","title":{"rendered":"Israel f\u00e5r delta i Eurovision: Flere land boikotter konkurransen"},"content":{"rendered":"<p class=\"kicker \" style=\"\">Eurovision Song Contest:<\/p>\n<p>  Flere land har boikottet sangkonkurransen etter at Israel fikk lov til \u00e5 delta. N\u00e5 har ogs\u00e5 Island tatt en avgj\u00f8relse.<\/p>\n<p>\n    DELTOK I FJOR: Islandske V\u00c6B med \u00abR\u00d3A\u00bb under generalpr\u00f8vene i Basel i 2025. Foto: Terje Bendiksby \/ NTB\n  <\/p>\n<p>Torsdag forrige uke ble det klart at Israel skal f\u00e5 delta i Eurovision Song Contest etter en avstemning p\u00e5\u00a0Den europeiske kringkastingsunionens (EBU) generalforsamling. Samme dag bekreftet Spania, Nederland,\u00a0Slovenia og Irland at <a href=\"https:\/\/www.dagbladet.no\/kjendis\/reagerer-verste-dagen-i-vart-liv\/83941194\" rel=\"nofollow noopener\" target=\"_blank\">de boikotter konkurransen<\/a>.\u00a0<\/p>\n<p>N\u00e5 har ogs\u00e5 Island bestemt seg for at de ikke kommer til \u00e5 delta.<\/p>\n<p>Det ble kjent etter et styrem\u00f8te hos rikskringkasteren i Island, R\u00edkis\u00fatvarpi\u00f0 (R\u00daV) i dag.<\/p>\n<p>    <a itemprop=\"url\" href=\"https:\/\/www.dagbladet.no\/meninger\/komplett-kaos\/83942905\" rel=\"nofollow noopener\" target=\"_blank\"><\/p>\n<p>        <img loading=\"lazy\" decoding=\"async\" src=\"https:\/\/www.europesays.com\/no\/wp-content\/uploads\/2025\/12\/83966680.webp\" width=\"980\" height=\"441\" title=\"Komplett kaos\" alt=\"\" class=\"lazyload\" style=\"--aspect-ratio-image: 2.22; \"\/><\/p>\n<p>        Komplett kaos<\/p>\n<p>    <\/a><\/p>\n<p>I ettertid kommer det fram at beslutningen ble tatt allerede i g\u00e5r, tirsdag, men at beslutningen ble oversendt rikskringkasteren onsdag, if\u00f8lge <a href=\"https:\/\/www.ruv.is\/english\/2025-12-10-iceland-will-not-take-part-in-eurovision-2026-461215\" rel=\"nofollow noopener\" target=\"_blank\">RUV<\/a>.<\/p>\n<p>Kringkastingssjef\u00a0Stef\u00e1n Eir\u00edksson sier i en uttalelse at de trekker seg s\u00e5 lenge situasjonen er som den er n\u00e5.<\/p>\n<p>&#8211; Rett og slett fordi det ikke er noen fred eller glede knyttet til denne konkurransen slik situasjonen er n\u00e5. P\u00e5 det grunnlaget, f\u00f8rst og fremst, trekker vi oss tilbake s\u00e5 lenge situasjonen er som den er.<\/p>\n<p>        ST\u00d8TTER EBU: Kringkastingssjef Vibeke F\u00fcrst Haugen sier hun st\u00f8tter EBUs beslutning om \u00e5 ikke utestenge Israel fra Eurovision Song Contest. Bilder fra NRK. <\/p>\n<p>&#8211; Driver ikke med boikott\t<\/p>\n<p>Camilla Bj\u00f8rn, direkt\u00f8r i Innholdsdivisjonen i NRK,\u00a0sier til Dagbladet at de ikke har hatt kontakt med RUV.<\/p>\n<p>&#8211; Vi har ikke hatt kontakt med RUV i dag, men forst\u00e5r det slik at Island velger en annen vei enn resten av allmennkringkasterne i Norden. I forrige uke stilte vi oss samlet bak tiltakene EBU n\u00e5 iverksetter for \u00e5 trygge Eurovisions troverdighet og omd\u00f8mme.\u00a0<\/p>\n<p>    <a itemprop=\"url\" href=\"https:\/\/www.dagbladet.no\/kjendis\/reagerer-verste-dagen-i-vart-liv\/83941194\" rel=\"nofollow noopener\" target=\"_blank\"><\/p>\n<p>        <img loading=\"lazy\" decoding=\"async\" src=\"https:\/\/www.europesays.com\/no\/wp-content\/uploads\/2025\/12\/83941692.webp\" width=\"147\" height=\"98\" title=\"Reagerer: \u00abVerste dagen i v\u00e5rt liv\u00bb\" alt=\"\" class=\"lazyload\" style=\"--aspect-ratio-image: 1.50; \"\/><\/p>\n<p>        Reagerer: \u00abVerste dagen i v\u00e5rt liv\u00bb<\/p>\n<p>    <\/a><\/p>\n<p>Hun sier videre at det er EBU som beslutter om enkeltmedlemmer, inkludert den israelske kringkasteren KAN, oppfyller medlemskriteriene.<\/p>\n<p>&#8211; EBU er en regelstyrt medlemsorganisasjon. Konsekvensen er at alle allmennkringkastere som oppfyller medlemskriteriene og forholder seg til de nye reglene, kan delta i Eurovision og andre former for programsamarbeid.\u00a0<\/p>\n<p>&#8211; For oss handler dette om prinsipper. NRK er en uavhengig allmennkringkaster, og v\u00e5r aller viktigste oppgave er \u00e5 rapportere og informere &#8211; uten \u00e5 velge side. Derfor driver vi ikke med boikott.<\/p>\n<p>        BOIKOTT: Spania, Nederland, Slovenia og Irland sier de vil boikotte neste \u00e5rs Eurovision-konkuranse fordi Israel skal v\u00e6re med. &#8211; Trist, sier sjef for fansiden Eurovision Norway, H\u00e5kon R\u00f8ssum. Reporter: Nicolai Alcaniz.<\/p>\n<p>&#8211; Sv\u00e6rt alvorlig\t<\/p>\n<p>H\u00e5kon R\u00f8ssum,\u00a0sjef for fansiden Eurovision Norway, beskriver situasjonen som trist.<\/p>\n<p>&#8211; Det er sv\u00e6rt alvorlig, og trist for Island. De er blant nasjonene som virkelig elsker Eurovision. Det betyr mye for Island \u00e5 v\u00e6re med, s\u00e5 det at de tar det steget her sender et sterkt signal om hvor alvorlig dette treffer.<\/p>\n<p>Likevel understreker han at beslutningen var forventet, ut i fra signalene som har blitt gitt.<\/p>\n<p>&#8211; NRK og Norge har landet p\u00e5 at det nye regelverket forhindrer politisk propaganda og stoler p\u00e5 det. Jeg forst\u00e5r at NRK \u00f8nsker \u00e5 v\u00e6re en n\u00f8ytral akt\u00f8r. Men man se hvordan Israels deltakelse p\u00e5virker omd\u00f8mmet, og dette er en konkurranse mellom kringkastere, ikke nasjoner.<\/p>\n<p>    <a itemprop=\"url\" href=\"https:\/\/www.dagbladet.no\/kjendis\/klagestorm-mot-nrk\/83943239\" rel=\"nofollow noopener\" target=\"_blank\"><\/p>\n<p>        <img loading=\"lazy\" decoding=\"async\" src=\"https:\/\/www.europesays.com\/no\/wp-content\/uploads\/2025\/12\/1765429294_94_83943281.webp\" width=\"980\" height=\"441\" title=\"Klagestorm mot NRK\" alt=\"\" class=\"lazyload\" style=\"--aspect-ratio-image: 2.22; \"\/><\/p>\n<p>        Klagestorm mot NRK<\/p>\n<p>    <\/a><\/p>\n<p>R\u00f8ssum tror heller ikke det er utenkelig at de fem landene returnerer til konkurransen neste \u00e5r.<\/p>\n<p>Den israelske ambassade i Norge, som ogs\u00e5 fungerer som ambassade for Island, reagerer sterkt p\u00e5 nyheten.<\/p>\n<p>\u00abAmbassaden er skuffet over beslutningen om \u00e5 trekke seg fra neste \u00e5rs Eurovision Song Contest, tatt av Islands kringkaster RUV. &#8216;United by Music&#8217; er slagordet og \u00e5nden til Eurovision. RUVs avgj\u00f8relse g\u00e5r imot \u00e5nden til konkurransen\u00bb, skriver de i et innlegg p\u00e5 X.<\/p>\n<p>I september ble det innkalt til et krisem\u00f8te om landets deltakelse, der medlemslandene skulle stemme over hvorvidt Israel burde f\u00e5 delta.<\/p>\n<p>        NERVEPIRRENDE: Det ble en sv\u00e6rt spennende avslutning p\u00e5 finalen i Eurovision Song Contest da det sto mellom Israel og \u00d8sterrike. Video: NRK<\/p>\n<p>Landets deltakelse i sangkonkurransen har v\u00e6rt sv\u00e6rt omstridt p\u00e5 grunn av krigen i Gaza.\u00a0<\/p>\n<p>I forkant av krisem\u00f8tet varslet fem land at de ville boikotte Eurovision hvis ikke arrang\u00f8ren EBU kastet ut Israel. Spania, Nederland, Irland, Slovenia og Island truet alle med \u00e5 trekke seg fra neste \u00e5rs konkurranse, som arrangeres i\u00a0hovedstaden Wien i \u00d8sterrike.\u00a0<\/p>\n","protected":false},"excerpt":{"rendered":"Eurovision Song Contest: Flere land har boikottet sangkonkurransen etter at Israel fikk lov til \u00e5 delta. N\u00e5 har&hellip;\n","protected":false},"author":2,"featured_media":109971,"comment_status":"","ping_status":"","sticky":false,"template":"","format":"standard","meta":{"footnotes":""},"categories":[12],"tags":[6061,20,21,4120,24,25,15,7452,479,22,23,13,30,28,29,14,16,26,27,42,43,44,45],"class_list":{"0":"post-109970","1":"post","2":"type-post","3":"status-publish","4":"format-standard","5":"has-post-thumbnail","7":"category-verden","8":"tag-boikott","9":"tag-breaking-news","10":"tag-breakingnews","11":"tag-eurovision-song-contest","12":"tag-featured-news","13":"tag-featurednews","14":"tag-headlines","15":"tag-island","16":"tag-kjendis","17":"tag-latest-news","18":"tag-latestnews","19":"tag-news","20":"tag-no","21":"tag-norge","22":"tag-norway","23":"tag-nyheter","24":"tag-overskrifter","25":"tag-top-stories","26":"tag-topstories","27":"tag-verden","28":"tag-world","29":"tag-world-news","30":"tag-worldnews"},"share_on_mastodon":{"url":"https:\/\/pubeurope.com\/@no\/115699180236889433","error":""},"_links":{"self":[{"href":"https:\/\/www.europesays.com\/no\/wp-json\/wp\/v2\/posts\/109970","targetHints":{"allow":["GET"]}}],"collection":[{"href":"https:\/\/www.europesays.com\/no\/wp-json\/wp\/v2\/posts"}],"about":[{"href":"https:\/\/www.europesays.com\/no\/wp-json\/wp\/v2\/types\/post"}],"author":[{"embeddable":true,"href":"https:\/\/www.europesays.com\/no\/wp-json\/wp\/v2\/users\/2"}],"replies":[{"embeddable":true,"href":"https:\/\/www.europesays.com\/no\/wp-json\/wp\/v2\/comments?post=109970"}],"version-history":[{"count":0,"href":"https:\/\/www.europesays.com\/no\/wp-json\/wp\/v2\/posts\/109970\/revisions"}],"wp:featuredmedia":[{"embeddable":true,"href":"https:\/\/www.europesays.com\/no\/wp-json\/wp\/v2\/media\/109971"}],"wp:attachment":[{"href":"https:\/\/www.europesays.com\/no\/wp-json\/wp\/v2\/media?parent=109970"}],"wp:term":[{"taxonomy":"category","embeddable":true,"href":"https:\/\/www.europesays.com\/no\/wp-json\/wp\/v2\/categories?post=109970"},{"taxonomy":"post_tag","embeddable":true,"href":"https:\/\/www.europesays.com\/no\/wp-json\/wp\/v2\/tags?post=109970"}],"curies":[{"name":"wp","href":"https:\/\/api.w.org\/{rel}","templated":true}]}}