{"id":109978,"date":"2025-12-11T05:16:16","date_gmt":"2025-12-11T05:16:16","guid":{"rendered":"https:\/\/www.europesays.com\/no\/109978\/"},"modified":"2025-12-11T05:16:16","modified_gmt":"2025-12-11T05:16:16","slug":"statsminister-jonas-gahr-store-om-innstramming-i-innvandringspolitikken","status":"publish","type":"post","link":"https:\/\/www.europesays.com\/no\/109978\/","title":{"rendered":"Statsminister Jonas Gahr St\u00f8re om innstramming i innvandringspolitikken"},"content":{"rendered":"\n<ul class=\"_list_o9xde_3 _list_64s2r_85 _unordered_o9xde_106 text-sans-m\">\n<li class=\"_item_o9xde_30\">Regjeringen innskjerper innvandringspolitikken blant annet med mer utvisning og strengere familiegjenforening.<\/li>\n<li class=\"_item_o9xde_30\">Regjeringen presenterer tiltakene p\u00e5 mandag.<\/li>\n<\/ul>\n<p>Vis mer <\/p>\n<p class=\"_paragraph_o9xde_4 _paragraph_xtcu6_10 layout-component text-serif-m layout-normal text-serif-m layout-padded\">Statsminister <a href=\"https:\/\/www.vg.no\/tag\/jonas-gahr-stoere?utm_source=vg-article&amp;utm_medium=auto-tagger&amp;utm_campaign=9pmoJr\" class=\"_link_o9xde_39\" rel=\"nofollow noopener\" target=\"_blank\">Jonas Gahr St\u00f8re<\/a> <a href=\"https:\/\/www.vg.no\/nyheter\/i\/bOKg5q\/stoere-satser-paa-plan-for-norge\" data-track-element-type=\"Link\" data-track-id=\"link:bOKg5q\" class=\"_link_o9xde_39\" rel=\"nofollow noopener\" target=\"_blank\">skal legge frem regjeringens \u00abPlan for Norge\u00bb<\/a> mandag, i stedet for en regjeringsplattformregjeringsplattformEn regjeringsplattform er et dokument som detaljert beskriver de politiske m\u00e5lene og prioriteringene til en regjering..<\/p>\n<p class=\"_paragraph_o9xde_4 _paragraph_xtcu6_10 layout-component text-serif-m layout-normal text-serif-m layout-padded\">Flere innstramminger i innvandringspolitikken blir da lagt frem.<\/p>\n<p class=\"_paragraph_o9xde_4 _paragraph_xtcu6_10 layout-component text-serif-m layout-normal text-serif-m layout-padded\">Her er hovedpunkter:<\/p>\n<ul class=\"_list_o9xde_3 _list_xtcu6_9 _unordered_o9xde_106 layout-component text-serif-m layout-normal text-serif-m layout-padded\">\n<li class=\"_item_o9xde_30\">Regjeringen vil utvise personer som kan beg\u00e5 straffbare handlinger i Norge, selv om de ikke enn\u00e5 er straffet i Norge.<\/li>\n<li class=\"_item_o9xde_30\">Skjerpe adgangen til familiegjenforening familiegjenforening Familiegjenforening er n\u00e5r familiemedlemmer som er adskilt, f\u00e5r mulighet til \u00e5 bo sammen i Norge ved at den som er i utlandet s\u00f8ker om oppholdstillatelse hos den som allerede bor i Norge, som en ektefelle, samboer eller barn, for \u00e5 etablere eller fortsette familielivet her. Det stilles krav til relasjonen og \u00f8konomisk evne til \u00e5 fors\u00f8rge familien, for \u00e5 f\u00e5 innvilget familiegjenforening.p\u00e5 flere punkter. <\/li>\n<li class=\"_item_o9xde_30\">Personer som ikke har rett til opphold i Norge skal ut av landet raskere.<\/li>\n<li class=\"_item_o9xde_30\">Antallet kvoteflyktningerkvoteflyktningerEn kvoteflyktning (eller overf\u00f8ringsflyktning) er en person som er registrert som flyktning av FN (UNHCR), men som ikke kan f\u00e5 beskyttelse i landet de er i, og som derfor blir overf\u00f8rt til et annet land, som Norge, via en organisert ordning, ofte basert p\u00e5 en fastsatt \u00e5rlig kvote. er nede p\u00e5 et minimum \u2013 100 i \u00e5ret \u2013 og der skal det bli i mange \u00e5r.<\/li>\n<li class=\"_item_o9xde_30\"> De \u00e5pner for \u00e5 vurdere retursentre for asyls\u00f8kere utenfor EU, i samarbeid med EU.<\/li>\n<\/ul>\n<p class=\"_paragraph_o9xde_4 _paragraph_xtcu6_10 layout-component text-serif-m layout-normal text-serif-m layout-padded\">St\u00f8re redegj\u00f8r overfor VG for endringene, sammen med justis- og beredskapsminister Astri Aas-Hansen.<\/p>\n<p class=\"_paragraph_o9xde_4 _paragraph_xtcu6_10 layout-component text-serif-m layout-normal text-serif-m layout-padded\">\u2013 Innvandringspolitikken m\u00e5 stemme med samtiden. N\u00e5 er det riktig med en tydeligere og strammere innvandringspolitikk, i m\u00f8te med i hovedsak to utfordringer, innleder St\u00f8re:<\/p>\n<p class=\"_paragraph_o9xde_4 _paragraph_xtcu6_10 layout-component text-serif-m layout-normal text-serif-m layout-padded\">\u2013 Det ene er trykket mot Europa av mennesker som s\u00f8ker seg hit, av veldig mange \u00e5rsaker, sier han.<\/p>\n<p class=\"_paragraph_o9xde_4 _paragraph_xtcu6_10 layout-component text-serif-m layout-normal text-serif-m layout-padded\">Og legger til at mange av \u00e5rsakene er langt unna hva som kan gi asyl:<\/p>\n<p class=\"_paragraph_o9xde_4 _paragraph_xtcu6_10 layout-component text-serif-m layout-normal text-serif-m layout-padded\">\u2013 \u00d8nske om jobb og bedre \u00f8konomiske livsvilk\u00e5r. Det er det viktig at Europa og Norden st\u00e5r samlet, og at det norske regelverket er p\u00e5 linje med andre land, sier han.<\/p>\n<p><img alt=\"Foto: Helge Mikalsen \/ VG\" class=\"_image_qp4xg_65 layout-component layout-normal\" data-fullscreen- data-track-element-type=\"Article image fullscreen\" data-track-name=\"ImageFullscreen\" decoding=\"async\" loading=\"lazy\" height=\"5361\" itemprop=\"image\"  src=\"https:\/\/www.europesays.com\/no\/wp-content\/uploads\/2025\/12\/49819870-8b71-449d-bb99-49d61174a900\"  style=\"object-position:0% 0%\" width=\"7397\"\/>Foto: Helge Mikalsen \/ VG<\/p>\n<p class=\"_paragraph_o9xde_4 _paragraph_xtcu6_10 layout-component text-serif-m layout-normal text-serif-m layout-padded\">\u2013 Det andre er at vi m\u00e5 sikre at vi har kapasitet for \u00e5 sikre god integrering. N\u00e5 er det trykk mot kommunene, som i hovedsak skyldes snart fire \u00e5r med ukrainsk innvandring, som til n\u00e5 har g\u00e5tt veldig bra, med god integrering, med vekt p\u00e5 arbeid og deltakelse:<\/p>\n<p class=\"_paragraph_o9xde_4 _paragraph_xtcu6_10 layout-component text-serif-m layout-normal text-serif-m layout-padded\">\u2013 Vi m\u00e5 ta grep for \u00e5 sikre at vi ikke tar imot flere enn vi som land har kapasitet til \u00e5 integrere p\u00e5 en god m\u00e5te.<\/p>\n<p>\u2013 Tre hovedgrep<\/p>\n<p class=\"_paragraph_o9xde_4 _paragraph_xtcu6_10 layout-component text-serif-m layout-normal text-serif-m layout-padded\">\u2013 Derfor gj\u00f8r vi noen hovedgrep for \u00e5 sikre en kontrollert, b\u00e6rekraftigb\u00e6rekraftigSom Norge som land og som v\u00e5re kommuner t\u00e5ler. og rettferdig innvandring, sier St\u00f8re og viser til justis- og beredskapsminister Astri Aas-Hansen, som har sittet og lyttet.<\/p>\n<p><img alt=\"Foto: Helge Mikalsen \/ VG\" class=\"_image_qp4xg_65 layout-component layout-normal\" data-fullscreen- data-track-element-type=\"Article image fullscreen\" data-track-name=\"ImageFullscreen\" decoding=\"async\" loading=\"lazy\" height=\"5454\" itemprop=\"image\"  src=\"https:\/\/www.europesays.com\/no\/wp-content\/uploads\/2025\/12\/63d882cb-b5ce-420b-ab49-a7742f47bb53\"  style=\"object-position:0% 0%\" width=\"7837\"\/>Foto: Helge Mikalsen \/ VG<\/p>\n<p class=\"_paragraph_o9xde_4 _paragraph_xtcu6_10 layout-component text-serif-m layout-normal text-serif-m layout-padded\">\u2013 Vi ser at det er behov for innstramming knyttet til tre omr\u00e5der:<\/p>\n<ul class=\"_list_o9xde_3 _list_xtcu6_9 _unordered_o9xde_106 layout-component text-serif-m layout-normal text-serif-m layout-padded\">\n<li class=\"_item_o9xde_30\">Bekjempe misbruk og kriminalitet.<\/li>\n<li class=\"_item_o9xde_30\">Sikre mer b\u00e6rekraftig familiegjenforening.<\/li>\n<li class=\"_item_o9xde_30\">Styrke retur og tilbakevending.<\/li>\n<\/ul>\n<p class=\"_paragraph_o9xde_4 _paragraph_xtcu6_10 layout-component text-serif-m layout-normal text-serif-m layout-padded\">\u2013 Hvordan skal dere bekjempe misbruk og kriminalitet?<\/p>\n<p class=\"_paragraph_o9xde_4 _paragraph_xtcu6_10 layout-component text-serif-m layout-normal text-serif-m layout-padded\">\u2013 Utvisning av personer som beg\u00e5r kriminalitet, skal prioriteres. Vi vil utvide adgangen til \u00e5 utvise, i tilfeller der det er konkrete holdepunkter for at personen kan beg\u00e5 kriminalitet eller utgj\u00f8re en trussel, selv om personen enn\u00e5 ikke har beg\u00e5tt straffbare handlinger i Norge, sier Aas-Hansen.<\/p>\n<p class=\"_paragraph_o9xde_4 _paragraph_xtcu6_10 layout-component text-serif-m layout-normal text-serif-m layout-padded\">\u2013 Det skal gj\u00f8res en vurdering av risikoen for at personer som kommer til Norge, og for eksempel er en del av et kriminelt nettverk, vil beg\u00e5 straffbare handlinger i Norge.<\/p>\n<p class=\"_paragraph_o9xde_4 _paragraph_xtcu6_10 layout-component text-serif-m layout-normal text-serif-m layout-padded\">\u2013 Vedkommende skal utvises uten \u00e5 ha beg\u00e5tt lovbrudd i Norge?<\/p>\n<p class=\"_paragraph_o9xde_4 _paragraph_xtcu6_10 layout-component text-serif-m layout-normal text-serif-m layout-padded\">\u2013 Ja, hvis det dokumenteres at vedkommende er del av et kriminelt nettverk, utgj\u00f8r han eller hun en risiko, som vi mener gj\u00f8r at vedkommende kan kastes ut, sier justisministeren.<\/p>\n<p class=\"_paragraph_o9xde_4 _paragraph_xtcu6_10 layout-component text-serif-m layout-normal text-serif-m layout-padded\">\u2013 S\u00e5 skjerper vi reglene, som gj\u00f8r at vi kan f\u00e5 til raskere utvisning av kriminelle, fortsetter hun.<\/p>\n<p><img alt=\"Foto: Helge Mikalsen \/ VG\" class=\"_image_qp4xg_65 layout-component layout-normal\" data-fullscreen- data-track-element-type=\"Article image fullscreen\" data-track-name=\"ImageFullscreen\" decoding=\"async\" loading=\"lazy\" height=\"5258\" itemprop=\"image\"  src=\"https:\/\/www.europesays.com\/no\/wp-content\/uploads\/2025\/12\/f4b770fb-aa52-41b4-a303-77a5761480b1\"  style=\"object-position:0% 0%\" width=\"7334\"\/>Foto: Helge Mikalsen \/ VG<\/p>\n<p class=\"_paragraph_o9xde_4 _paragraph_xtcu6_10 layout-component text-serif-m layout-normal text-serif-m layout-padded\">I fjor ble rundt 440 personer fra <a href=\"https:\/\/www.regjeringen.no\/no\/tema\/europapolitikk\/eos1\/id115261\/\" class=\"_link_o9xde_39\" rel=\"nofollow noopener\" target=\"_blank\">E\u00d8S<\/a> og 380 fra land utenfor E\u00d8S utvist fra Norge p\u00e5 grunn av ilagt straff.<\/p>\n<p class=\"_paragraph_o9xde_4 _paragraph_xtcu6_10 layout-component text-serif-m layout-normal text-serif-m layout-padded\">I tillegg ble over 2.450 personer utenfor E\u00d8S utvist for brudd p\u00e5 utlendingslovenutlendingslovenUtlendingsloven er en norsk lov som regulerer innreise, opphold og utvisning av utlendinger i Norge. eller av andre grunner.<\/p>\n<p>Familiegjenforening<\/p>\n<p class=\"_paragraph_o9xde_4 _paragraph_xtcu6_10 layout-component text-serif-m layout-normal text-serif-m layout-padded\">Strengere regler for familiegjenforening er punkt nummer to:<\/p>\n<p class=\"_paragraph_o9xde_4 _paragraph_xtcu6_10 layout-component text-serif-m layout-normal text-serif-m layout-padded\">Mange av de som innvandrer til Norge kommer for \u00e5 forenes med familie som allerede bor her.<\/p>\n<p class=\"_paragraph_o9xde_4 _paragraph_xtcu6_10 layout-component text-serif-m layout-normal text-serif-m layout-padded\">\u2013 Vi vil begrense retten til familiegjenforening med enslige mindre\u00e5rige. De skal ikke gjenforenes, hvis det ikke er til barnets beste, sier justisministeren.<\/p>\n<p class=\"_paragraph_o9xde_4 _paragraph_xtcu6_10 layout-component text-serif-m layout-normal text-serif-m layout-padded\">\u2013 Hva kan det v\u00e6re?<\/p>\n<p class=\"_paragraph_o9xde_4 _paragraph_xtcu6_10 layout-component text-serif-m layout-normal text-serif-m layout-padded\">\u2013 Som hvis foreldrene har utsatt barnet for menneskehandel eller tvangsgifte.<\/p>\n<p class=\"_paragraph_o9xde_4 _paragraph_xtcu6_10 layout-component text-serif-m layout-normal text-serif-m layout-padded\">Den andre innstrammingen de foresl\u00e5r gjelder barn som har f\u00e5tt familiegjenforening, som har blitt over 18 \u00e5r og etablert seg i ekteskap og med egen familie i Norge.<\/p>\n<p class=\"_paragraph_o9xde_4 _paragraph_xtcu6_10 layout-component text-serif-m layout-normal text-serif-m layout-padded\">\u2013 Da bortfaller behovet for at foreldre kan komme til Norge. Da er det ingen grunn til at foreldre eller s\u00f8sken skal kunne komme til Norge, sier justisministeren.<\/p>\n<p>Vurderer norskkrav<\/p>\n<p class=\"_paragraph_o9xde_4 _paragraph_xtcu6_10 layout-component text-serif-m layout-normal text-serif-m layout-padded\">\u2013 Vil vil ogs\u00e5 vurdere \u00e5 stramme inn regelverket for \u00e5 sikre at de som f\u00e5r familiegjenforening kan fors\u00f8rge seg selv, og at de l\u00e6rer seg norsk, sier Aas-Hansen.<\/p>\n<p class=\"_paragraph_o9xde_4 _paragraph_xtcu6_10 layout-component text-serif-m layout-normal text-serif-m layout-padded\">\u2013 Hvordan gj\u00f8re det strengere?<\/p>\n<p class=\"_paragraph_o9xde_4 _paragraph_xtcu6_10 layout-component text-serif-m layout-normal text-serif-m layout-padded\">\u2013 Det gjelder f\u00f8rst og fremst spr\u00e5kkompetanse.<\/p>\n<p class=\"_paragraph_o9xde_4 _paragraph_xtcu6_10 layout-component text-serif-m layout-normal text-serif-m layout-padded\">\u2013 Ta en gruppe da; kvinner som kommer etter at mannen og eventuelle barn har f\u00e5tt familiegjenforening, som ofte ikke kommer inn i jobb, men blir husm\u00f8dre, hvor motivasjonen til \u00e5 l\u00e6re norsk er mindre enn om de er i jobb. Hvis de ikke l\u00e6rer seg norsk: Hva da?<\/p>\n<p class=\"_paragraph_o9xde_4 _paragraph_xtcu6_10 layout-component text-serif-m layout-normal text-serif-m layout-padded\">\u2013 Vi skal ha en rettferdig og b\u00e6rekraftig innvandringspolitikk. Norge skal ikke ta imot flere enn vi klarer \u00e5 integrere. Vi ser utfordringer til foreldre og kvinner.<\/p>\n<p class=\"_paragraph_o9xde_4 _paragraph_xtcu6_10 layout-component text-serif-m layout-normal text-serif-m layout-padded\">\u2013 Hva skjer hvis de ikke l\u00e6rer seg norsk?<\/p>\n<p class=\"_paragraph_o9xde_4 _paragraph_xtcu6_10 layout-component text-serif-m layout-normal text-serif-m layout-padded\">\u2013 At familien skal fors\u00f8rge seg selv, er avgj\u00f8rende. Vi har satt skjerpede krav hva partner skal ha av inntekt for \u00e5 fors\u00f8rge sin familie, sier St\u00f8re:<\/p>\n<p class=\"_paragraph_o9xde_4 _paragraph_xtcu6_10 layout-component text-serif-m layout-normal text-serif-m layout-padded\">Fra 1. februar 2025 ble kravet oppjustert. Fors\u00f8rgere i Norge m\u00e5 ha minst 416.512 kroner per \u00e5r i inntekt, f\u00f8r skatt.<\/p>\n<p><img alt=\"Foto: Javad Parsa \/ NTB\" class=\"_image_qp4xg_65 layout-component layout-normal\" data-fullscreen- data-track-element-type=\"Article image fullscreen\" data-track-name=\"ImageFullscreen\" decoding=\"async\" loading=\"lazy\" height=\"2313\" itemprop=\"image\"  src=\"https:\/\/www.europesays.com\/no\/wp-content\/uploads\/2025\/12\/351c4d26-d5f0-4474-80bf-71f6139e3de4\"  style=\"object-position:0% 0%\" width=\"3470\"\/>Foto: Javad Parsa \/ NTB<\/p>\n<p class=\"_paragraph_o9xde_4 _paragraph_xtcu6_10 layout-component text-serif-m layout-normal text-serif-m layout-padded\"><strong class=\"_strong_o9xde_25\">Styrke retur og tilbakevending:<\/strong><\/p>\n<p class=\"_paragraph_o9xde_4 _paragraph_xtcu6_10 layout-component text-serif-m layout-normal text-serif-m layout-padded\">Er det tredje punktet.<\/p>\n<p class=\"_paragraph_o9xde_4 _paragraph_xtcu6_10 layout-component text-serif-m layout-normal text-serif-m layout-padded\">\u2013 Hva mener dere konkret med det?<\/p>\n<p class=\"_paragraph_o9xde_4 _paragraph_xtcu6_10 layout-component text-serif-m layout-normal text-serif-m layout-padded\">\u2013 Personer som ikke har rett til opphold skal ut av landet.<\/p>\n<p class=\"_paragraph_o9xde_4 _paragraph_xtcu6_10 layout-component text-serif-m layout-normal text-serif-m layout-padded\">\u2013 S\u00e5nn er det i dag?<\/p>\n<p class=\"_paragraph_o9xde_4 _paragraph_xtcu6_10 layout-component text-serif-m layout-normal text-serif-m layout-padded\">\u2013 Ja, men vi skal effektuere det bedre, blant annet ved at folk som f\u00e5r avslag faktisk drar hjem, sier Aas-Hansen.<\/p>\n<p><img alt=\"Et fly fra Air Mediterranean over politiets utlendingsinternat p\u00e5 Trandum, som er transittsted for asyls\u00f8kere. Foto: Stian Lysberg Solum \/ NTB  Foto: Stian Lysberg Solum \/ NTB\" class=\"_image_qp4xg_65 layout-component layout-normal\" data-fullscreen- data-track-element-type=\"Article image fullscreen\" data-track-name=\"ImageFullscreen\" decoding=\"async\" loading=\"lazy\" height=\"3648\" itemprop=\"image\"  src=\"https:\/\/www.europesays.com\/no\/wp-content\/uploads\/2025\/12\/4a70a6e4-f310-44b6-8b29-cf6f4479ed3f\"  style=\"object-position:0% 0%\" width=\"5472\"\/>Et fly fra Air Mediterranean over politiets utlendingsinternat p\u00e5 Trandum, som er transittsted for asyls\u00f8kere. Foto: Stian Lysberg Solum \/ NTB  Foto: Stian Lysberg Solum \/ NTB<\/p>\n<p class=\"_paragraph_o9xde_4 _paragraph_xtcu6_10 layout-component text-serif-m layout-normal text-serif-m layout-padded\">If\u00f8lge Utlendingsdirektoratet (UDI) <a href=\"https:\/\/www.udi.no\/uk\/statistics-and-analysis\/ukraina\/\" class=\"_link_o9xde_39\" rel=\"nofollow noopener\" target=\"_blank\">har over 98.000 ukrainere<\/a> f\u00e5tt midlertidig kollektiv beskyttelse midlertidig kollektiv beskyttelse \u201cMidlertidig kollektiv beskyttelse\u201d er en spesiell type oppholdstillatelse som gis til en gruppe mennesker fra et land som opplever krig, konflikt eller alvorlige menneskerettighetsbrudd. Den er midlertidig og gjelder for hele gruppen (derav \u00abkollektiv\u00bb) uten at hver enkelt m\u00e5 gjennom en individuell asylprosess.i Norge. <\/p>\n<p class=\"_paragraph_o9xde_4 _paragraph_xtcu6_10 layout-component text-serif-m layout-normal text-serif-m layout-padded\">De f\u00e5r 17.500 kroner i returbel\u00f8preturbel\u00f8pReturbel\u00f8p er en sum penger som tilbys til personer som frivillig returnerer til hjemlandet sitt. for \u00e5 reise hjem.<\/p>\n<p class=\"_paragraph_o9xde_4 _paragraph_xtcu6_10 layout-component text-serif-m layout-normal text-serif-m layout-padded\">\u2013 For \u00e5 styrke retur for personer fra Ukraina og Syria skal vi etablere s\u00e6rskilte programmer for dem, sier justisministeren.<\/p>\n<p class=\"_paragraph_o9xde_4 _paragraph_xtcu6_10 layout-component text-serif-m layout-normal text-serif-m layout-padded\">\u2013 Betyr det mer penger for \u00e5 reise?<\/p>\n<p class=\"_paragraph_o9xde_4 _paragraph_xtcu6_10 layout-component text-serif-m layout-normal text-serif-m layout-padded\">\u2013 Det kan det bety. Returbel\u00f8pet har v\u00e6rt det samme i mange \u00e5r, men det kan ogs\u00e5 bety \u00e5 se p\u00e5 andre m\u00e5ter \u00e5 legge til rette for returer. Vi skal etablere s\u00e6rskilte programmer.<\/p>\n<p>F\u00e5 kvoteflyktninger<\/p>\n<p class=\"_paragraph_o9xde_4 _paragraph_xtcu6_10 layout-component text-serif-m layout-normal text-serif-m layout-padded\">De skriver at Norge ikke skal ta imot flere flyktninger enn vi kan integrere:<\/p>\n<p class=\"_paragraph_o9xde_4 _paragraph_xtcu6_10 layout-component text-serif-m layout-normal text-serif-m layout-padded\">\u2013 Mange kommuner er p\u00e5 randen, spesielt etter str\u00f8mmen fra Ukraina. Betyr det at det knapt vil bli \u00e5pning for flere kvoteflyktninger de neste \u00e5rene?<\/p>\n<p class=\"_paragraph_o9xde_4 _paragraph_xtcu6_10 layout-component text-serif-m layout-normal text-serif-m layout-padded\">\u2013 Med det h\u00f8ye antallet fra Ukraina er vi nede i 100 kvoteflyktninger i \u00e5ret, som ikke ble utfordret i det endelige statsbudsjettet. Jeg vil sende signal om at det kommer til \u00e5 bli et veldig begrenset tall i \u00e5rene som kommer, sier St\u00f8re.<\/p>\n<p class=\"_paragraph_o9xde_4 _paragraph_xtcu6_10 layout-component text-serif-m layout-normal text-serif-m layout-padded\">\u2013 Dere konkurrerer med Frp om \u00e5 v\u00e6re det st\u00f8rste partiet i Norge for tiden. Tror dere at Frp-leder Sylvi Listhaug vil v\u00e6re veldig imponert over disse innstrammingene?<\/p>\n<p class=\"_paragraph_o9xde_4 _paragraph_xtcu6_10 layout-component text-serif-m layout-normal text-serif-m layout-padded\">\u2013 Frp er p\u00e5 repeatknapp i sin kritikk om det meste vi gj\u00f8r. Vi har aldri brukt dem som mal for hva som er riktig politikk og riktige endringer. Ap f\u00f8rer en politikk som treffer tiden vi er i, som det er bred enighet om i v\u00e5rt parti. N\u00e5 mener vi det er n\u00f8dvendig \u00e5 foreta innstramminger.<\/p>\n<p class=\"_paragraph_o9xde_4 _paragraph_xtcu6_10 layout-component text-serif-m layout-normal text-serif-m layout-padded\">St\u00f8re sier at det er et problem at innvandrere utnytter trygdesystemet.<\/p>\n<p><img alt=\"Foto: Helge Mikalsen \/ VG\" class=\"_image_qp4xg_65 layout-component layout-normal\" data-fullscreen- data-track-element-type=\"Article image fullscreen\" data-track-name=\"ImageFullscreen\" decoding=\"async\" loading=\"lazy\" height=\"5412\" itemprop=\"image\"  src=\"https:\/\/www.europesays.com\/no\/wp-content\/uploads\/2025\/12\/ad390cc1-3992-4ce2-8874-653632bab4f4\"  style=\"object-position:0% 0%\" width=\"7068\"\/>Foto: Helge Mikalsen \/ VG<\/p>\n<p class=\"_paragraph_o9xde_4 _paragraph_xtcu6_10 layout-component text-serif-m layout-normal text-serif-m layout-padded\">\u2013 Vi ser hvordan asyl- og migrasjonssystemet legger press p\u00e5 misbruk av velferdssystemene: Kriminelle bakmenn driver deler av migrasjonen. Vi har sett det over tid og det er viktig at vi st\u00e5r sammen med Europa mot det.<\/p>\n<p class=\"_paragraph_o9xde_4 _paragraph_xtcu6_10 layout-component text-serif-m layout-normal text-serif-m layout-padded\">\u2013 Det er mangel p\u00e5 arbeidskraft og mange kommuner vil slite n\u00e5r ukrainerne skal tilbake til hjemlandet?<\/p>\n<p class=\"_paragraph_o9xde_4 _paragraph_xtcu6_10 layout-component text-serif-m layout-normal text-serif-m layout-padded\">\u2013 Ja, men de har bare et midlertidig kollektivt oppholdsgrunnlag. Regjeringen har v\u00e6rt tydelige p\u00e5 at de er her midlertidig og skal hjem, sier justisministeren.<\/p>\n<p><img alt=\"Foto: Helge Mikalsen \/ VG\" class=\"_image_qp4xg_65 layout-component layout-normal\" data-fullscreen- data-track-element-type=\"Article image fullscreen\" data-track-name=\"ImageFullscreen\" decoding=\"async\" loading=\"lazy\" height=\"4773\" itemprop=\"image\"  src=\"https:\/\/www.europesays.com\/no\/wp-content\/uploads\/2025\/12\/004cc870-2110-45fe-a1ba-4a278c4dabe3\"  style=\"object-position:0% 0%\" width=\"6625\"\/>Foto: Helge Mikalsen \/ VG<\/p>\n<p class=\"_paragraph_o9xde_4 _paragraph_xtcu6_10 layout-component text-serif-m layout-normal text-serif-m layout-padded\">EU-landenes innenriksministere har nylig anbefalt at EU vurdere \u00e5 opprette retursentre for asyls\u00f8kere utenfor EU.<\/p>\n<p class=\"_paragraph_o9xde_4 _paragraph_xtcu6_10 layout-component text-serif-m layout-normal text-serif-m layout-padded\">Justisminister Astri Aas-Hansen sa til NRK onsdag ettermiddag at det ogs\u00e5 er aktuelt for Norge.<\/p>\n<p class=\"_paragraph_o9xde_4 _paragraph_xtcu6_10 layout-component text-serif-m layout-normal text-serif-m layout-padded\">Statsminister Jonas Gahr St\u00f8re bekrefter det overfor VG.<\/p>\n<p class=\"_paragraph_o9xde_4 _paragraph_xtcu6_10 layout-component text-serif-m layout-normal text-serif-m layout-padded\">\u2013 Vi m\u00e5 studere hva de har vedtatt, men vi lukker ikke d\u00f8ren for det hvis det gj\u00f8res i en europeisk sammenheng, med andre europeiske land, som legger grunnleggende rettsprinsipper til grunn, sier St\u00f8re.<\/p>\n","protected":false},"excerpt":{"rendered":"Regjeringen innskjerper innvandringspolitikken blant annet med mer utvisning og strengere familiegjenforening. Regjeringen presenterer tiltakene p\u00e5 mandag. Vis mer&hellip;\n","protected":false},"author":2,"featured_media":109979,"comment_status":"","ping_status":"","sticky":false,"template":"","format":"standard","meta":{"footnotes":""},"categories":[12],"tags":[20,21,24,25,15,5636,201,148,22,23,13,30,28,281,29,14,16,26,27,42,205,43,44,45],"class_list":{"0":"post-109978","1":"post","2":"type-post","3":"status-publish","4":"format-standard","5":"has-post-thumbnail","7":"category-verden","8":"tag-breaking-news","9":"tag-breakingnews","10":"tag-featured-news","11":"tag-featurednews","12":"tag-headlines","13":"tag-innvandringspolitikk","14":"tag-jonas-gahr-store","15":"tag-kriminalitet","16":"tag-latest-news","17":"tag-latestnews","18":"tag-news","19":"tag-no","20":"tag-norge","21":"tag-norsk-politikk","22":"tag-norway","23":"tag-nyheter","24":"tag-overskrifter","25":"tag-top-stories","26":"tag-topstories","27":"tag-verden","28":"tag-vgsamfunn","29":"tag-world","30":"tag-world-news","31":"tag-worldnews"},"share_on_mastodon":{"url":"https:\/\/pubeurope.com\/@no\/115699239217225523","error":""},"_links":{"self":[{"href":"https:\/\/www.europesays.com\/no\/wp-json\/wp\/v2\/posts\/109978","targetHints":{"allow":["GET"]}}],"collection":[{"href":"https:\/\/www.europesays.com\/no\/wp-json\/wp\/v2\/posts"}],"about":[{"href":"https:\/\/www.europesays.com\/no\/wp-json\/wp\/v2\/types\/post"}],"author":[{"embeddable":true,"href":"https:\/\/www.europesays.com\/no\/wp-json\/wp\/v2\/users\/2"}],"replies":[{"embeddable":true,"href":"https:\/\/www.europesays.com\/no\/wp-json\/wp\/v2\/comments?post=109978"}],"version-history":[{"count":0,"href":"https:\/\/www.europesays.com\/no\/wp-json\/wp\/v2\/posts\/109978\/revisions"}],"wp:featuredmedia":[{"embeddable":true,"href":"https:\/\/www.europesays.com\/no\/wp-json\/wp\/v2\/media\/109979"}],"wp:attachment":[{"href":"https:\/\/www.europesays.com\/no\/wp-json\/wp\/v2\/media?parent=109978"}],"wp:term":[{"taxonomy":"category","embeddable":true,"href":"https:\/\/www.europesays.com\/no\/wp-json\/wp\/v2\/categories?post=109978"},{"taxonomy":"post_tag","embeddable":true,"href":"https:\/\/www.europesays.com\/no\/wp-json\/wp\/v2\/tags?post=109978"}],"curies":[{"name":"wp","href":"https:\/\/api.w.org\/{rel}","templated":true}]}}