{"id":109981,"date":"2025-12-11T05:25:25","date_gmt":"2025-12-11T05:25:25","guid":{"rendered":"https:\/\/www.europesays.com\/no\/109981\/"},"modified":"2025-12-11T05:25:25","modified_gmt":"2025-12-11T05:25:25","slug":"kokte-over-i-glimt-bragd-fullstendig-harnisk","status":"publish","type":"post","link":"https:\/\/www.europesays.com\/no\/109981\/","title":{"rendered":"Kokte over i Glimt-bragd: &#8211; Fullstendig harnisk"},"content":{"rendered":"<p> \u2013 Det har v\u00e6rt noen ville dager for flere her. Vi har st\u00e5tt i dritten. Jeg vet ikke hvor kreftene kom fra.\u00a0 Du f\u00e5r sjokk. Jeg er ikke den som har hatt det verst. Det er mange som har slitt, og at vi st\u00e5r det fullt ut i dag, det var deilig, sier Jens Petter Hauge til TV 2 etter \u00e5 ha sikret 2-2 borte mot Borussia Dortmund.<\/p>\n<p>Et sykdomsrammet Bod\u00f8\/Glimt var p\u00e5 st\u00e5let f\u00f8r storkampen.\u00a0<\/p>\n<p>\u2013 Jeg er spent p\u00e5 hvordan vi h\u00e5ndterer dette, sa Kjetil Knutsen f\u00f8r kamp.<\/p>\n<p>Fra start s\u00e5 det bra ut. Kasper H\u00f8gh smalt ballen i stolpen via Dortmund-keeperen etter tolv minutter.\u00a0<\/p>\n<p>Glimt virket friske.<\/p>\n<p>I hvert fall helt til\u00a0Haitam Aleesami ble diagnostisert med akutt pasningssvikt\u00a0etter 18 minutter. Han lempet ballen rett i beina p\u00e5\u00a0Fabio Silva, som spilte gjennom Julian Brandt. Der H\u00f8gh brente sin mulighet, var tyske Brandt iskald og lurte ballen forbi Haikin.<\/p>\n<p>Glimt tok ikke sykmelding, men kriget p\u00e5 videre. Bel\u00f8nningen kom like f\u00f8r pause. Aleesami fikk sin perfekte revansj da han stanget inn utligningen etter et lekkert innlegg av Patrick Berg.\u00a0<\/p>\n<p>Det var s\u00e5 mye vilje og gl\u00f8d i \u00f8yeblikket han stormet inn i boksen, og akkurat den resepten Kjetil Knutsen hadde skrevet ut p\u00e5 forh\u00e5nd.\u00a0<\/p>\n<p>Dortmund kom ut i fyr og flammer i den andre omgangen, tydelig p\u00e5 jakt etter m\u00e5l. De kunne innkassere gevinsten allerede etter 51 minutter. <\/p>\n<p>Dortmund spilte seg fint rundt p\u00e5 kanten, og inne i boksen lusket Brandt igjen. Han styrte inn 2\u20131 da Haikin m\u00e5tte gi retur.<\/p>\n<p>Men Knutsens menn hadde flere krefter p\u00e5 lur. Om det var feberfantasier eller enorm tillit til egne ferdigheter er usikkert, men det ga uttelling:<\/p>\n<p>Med femten minutter igjen m\u00e5tte\u00a0Aaron Anselmino forlate banen. Emre Can sto klar til \u00e5 bli byttet ut, men fikk ikke komme inn.<\/p>\n<p>Det unyttet Bod\u00f8\/Glimt brutal med en lekker overgang. Jens Petter Hauge lirket inn utligningen. Det fikk det til \u00e5 koke over for Dortmund-trener Niko Kovac:<\/p>\n<p>\u2013 Han er i fullstendig harnisk nede p\u00e5 sidelinjen, meldte TV 2-ekspert Jesper Mathisen.\u00a0 \u00a0<\/p>\n<p>\u2013 Det gj\u00f8r meg irritert. Det skal ikke skje. Vi f\u00e5r ikke byttet inn en spiller. Vi m\u00e5 gj\u00f8re det bedre. Vi m\u00e5 ta tida og beholde ballen i laget eller f\u00e5 et frispark, sier Kovac til TV 2.<\/p>\n<p>        <img class=\"image__img lazyload\" itemprop=\"image\" title=\"Foto: INA FASSBENDER\/ NTB\" alt=\"FRESTE: Dortmund-trener Niko Kovac. Foto: INA FASSBENDER\/ NTB\" width=\"978\" height=\"551\" bad-src=\"https:\/\/www.europesays.com\/no\/wp-content\/uploads\/2025\/12\/18374470.webp\" fetchpriority=\"auto\" \/><\/p>\n<p>      FRESTE: Dortmund-trener Niko Kovac.<br \/>\n         Foto: INA FASSBENDER\/ NTB<\/p>\n<p>Fem minutter f\u00f8r slutt var Glimt f\u00e5 millimeter fra \u00e5 sikre alle poengene, men kampen endte 2\u20132.\u00a0<\/p>\n","protected":false},"excerpt":{"rendered":"\u2013 Det har v\u00e6rt noen ville dager for flere her. Vi har st\u00e5tt i dritten. Jeg vet ikke&hellip;\n","protected":false},"author":2,"featured_media":109982,"comment_status":"","ping_status":"","sticky":false,"template":"","format":"standard","meta":{"footnotes":""},"categories":[5],"tags":[20,21,24,25,15,19,22,23,17,18,13,30,28,29,14,16,26,27],"class_list":{"0":"post-109981","1":"post","2":"type-post","3":"status-publish","4":"format-standard","5":"has-post-thumbnail","7":"category-overskrifter","8":"tag-breaking-news","9":"tag-breakingnews","10":"tag-featured-news","11":"tag-featurednews","12":"tag-headlines","13":"tag-hovedoppslag","14":"tag-latest-news","15":"tag-latestnews","16":"tag-main-news","17":"tag-mainnews","18":"tag-news","19":"tag-no","20":"tag-norge","21":"tag-norway","22":"tag-nyheter","23":"tag-overskrifter","24":"tag-top-stories","25":"tag-topstories"},"share_on_mastodon":{"url":"https:\/\/pubeurope.com\/@no\/115699274433587397","error":""},"_links":{"self":[{"href":"https:\/\/www.europesays.com\/no\/wp-json\/wp\/v2\/posts\/109981","targetHints":{"allow":["GET"]}}],"collection":[{"href":"https:\/\/www.europesays.com\/no\/wp-json\/wp\/v2\/posts"}],"about":[{"href":"https:\/\/www.europesays.com\/no\/wp-json\/wp\/v2\/types\/post"}],"author":[{"embeddable":true,"href":"https:\/\/www.europesays.com\/no\/wp-json\/wp\/v2\/users\/2"}],"replies":[{"embeddable":true,"href":"https:\/\/www.europesays.com\/no\/wp-json\/wp\/v2\/comments?post=109981"}],"version-history":[{"count":0,"href":"https:\/\/www.europesays.com\/no\/wp-json\/wp\/v2\/posts\/109981\/revisions"}],"wp:featuredmedia":[{"embeddable":true,"href":"https:\/\/www.europesays.com\/no\/wp-json\/wp\/v2\/media\/109982"}],"wp:attachment":[{"href":"https:\/\/www.europesays.com\/no\/wp-json\/wp\/v2\/media?parent=109981"}],"wp:term":[{"taxonomy":"category","embeddable":true,"href":"https:\/\/www.europesays.com\/no\/wp-json\/wp\/v2\/categories?post=109981"},{"taxonomy":"post_tag","embeddable":true,"href":"https:\/\/www.europesays.com\/no\/wp-json\/wp\/v2\/tags?post=109981"}],"curies":[{"name":"wp","href":"https:\/\/api.w.org\/{rel}","templated":true}]}}