{"id":109989,"date":"2025-12-11T05:57:12","date_gmt":"2025-12-11T05:57:12","guid":{"rendered":"https:\/\/www.europesays.com\/no\/109989\/"},"modified":"2025-12-11T05:57:12","modified_gmt":"2025-12-11T05:57:12","slug":"mystisk-flekk-i-prinsesse-madeleines-oye-vekker-bekymring","status":"publish","type":"post","link":"https:\/\/www.europesays.com\/no\/109989\/","title":{"rendered":"Mystisk flekk i prinsesse Madeleines \u00f8ye vekker bekymring"},"content":{"rendered":"<p class=\"kicker \" style=\"\">Prinsesse Madeleine:<\/p>\n<p>  Mystisk flekk i prinsesse Madeleines \u00f8ye vekker bekymring.<\/p>\n<p>\n    VEKKER OPPSIKT: Etter at det svenske kongehuset delte dette bildet har reaksjonene knapt latt vente p\u00e5 seg. Foto: Skjermbilde: @kungahuset \/ Instagram\n  <\/p>\n<p>\u00abHva er det som har skjedd med prinsesse Madeleines (43) \u00f8ye?\u00bb<\/p>\n<p data-lab-font_weight=\"\">Det er sp\u00f8rsm\u00e5let mange har stilt seg etter prinsessens opptreden p\u00e5 World Childhood Foundations \u00e5rlige galla i begynnelsen av desember.<\/p>\n<p>    <a itemprop=\"url\" href=\"https:\/\/www.seher.no\/kjendis\/avslorer-hun-er-lei\/83962706\" rel=\"nofollow noopener\" target=\"_blank\"><\/p>\n<p>        <img loading=\"lazy\" decoding=\"async\" src=\"https:\/\/www.europesays.com\/no\/wp-content\/uploads\/2025\/12\/1765432630_427_83962768.webp\" width=\"980\" height=\"441\" title=\"Avsl\u00f8rer: - Hun er lei\" alt=\"\" class=\"lazyload\" style=\"--aspect-ratio-image: 2.22; \"\/><\/p>\n<p>        Avsl\u00f8rer: &#8211; Hun er lei<\/p>\n<p>    <\/a><\/p>\n<p>Reaksjonene lot nemlig ikke vente p\u00e5 seg etter at prinsessen publiserte et bilde fra kvelden p\u00e5 sin offisielle Instagram-konto, hvor hun poserte sammen med \u00e5rets vinner, politibetjent Elin Nelly.<\/p>\n<p>Ikke lenge etter delte ogs\u00e5 den svenske kongefamiliens offisielle konto det samme bildet, men da med en betydelig forskjell.<\/p>\n<p class=\"font-weight-bold m-font-weight-bold\" data-lab-font_weight=\"font-weight-bold\">I hoffets versjon er det vanskelig \u00e5 ikke legge merke til en stor, m\u00f8rk flekk i prinsessens h\u00f8yre \u00f8ye.<\/p>\n<p>Den mystiske flekken befinner seg p\u00e5 det hvite i \u00f8yet, n\u00e6r den indre \u00f8yekroken. Den gir inntrykk av et blodskutt \u00f8ye, skriver den svenske avisen<a href=\"https:\/\/www.hant.se\/kungligt\/bilden-pa-prinsessan-madeleine-vacker-stor-oro-nu-svarar-hovet-om-halsotillstandet\/11178950\" rel=\"nofollow noopener\" target=\"_blank\"> H\u00e4nt.<\/a>\u00a0<\/p>\n<p>Ikke lenge etter ble bildet gjenstand for spekulasjoner. Flere kongelige tilhengere var raskt ute med \u00e5 p\u00e5peke forskjellen p\u00e5 bildene, blant annet ved \u00e5 uttrykke bekymring for prinsessens helsetilstand.<\/p>\n<p>        IKKE VENNER: Sebastian Solberg g\u00e5r hardt ut mot sine meddeltakere i den kommende sesongen av \u00abSpillet\u00bb. Influenseren r\u00f8per ogs\u00e5 hvorfor, like f\u00f8r \u00e9n av dem avbryter intervjuet med en uhyggelig beskjed. Reporter: Thea Hope. Video: Nora Skavhaug. \u00abSpillet\u00bb \/ TV2.<\/p>\n<p>I f\u00f8lge den finske avisen <a href=\"https:\/\/www.seiska.fi\/kuninkaalliset\/mita-prinsessa-madeleinelle-tapahtui-nain-hovista-vastataan-seiskalle\/2016011\" rel=\"nofollow noopener\" target=\"_blank\">Seiska<\/a> er det derimot en lite dramatisk forklaring bak det hele. Det svenske hoffet benekter bestemt b\u00e5de helseproblemer og bildemanipulasjon &#8211; og Seiska skriver at det bare er et teknisk uhell som er \u00e5rsaken til det sorte \u00f8yet.<\/p>\n<p class=\"font-weight-bold m-font-weight-bold\" data-lab-font_weight=\"font-weight-bold\">&#8211; Vi fikk tekniske problemer ved opplasting av bildet, noe som f\u00f8rte til en svart flekk, forklarer hoffet overfor Seiska.<\/p>\n<p>        <img loading=\"lazy\" decoding=\"async\" src=\"https:\/\/www.europesays.com\/no\/wp-content\/uploads\/2025\/12\/82742090.webp\" width=\"686\" height=\"680\" title=\"FARLIG?: Flere har tydd til kommentarfeltet under det svenske kogehusets Instagram-bilde av Madeleine. Fansen er bekymret for helsetilstanden til prinsessen. Foto: Lise \u00c5serud \/ NTB\" alt=\"\" class=\"\" style=\"--aspect-ratio-image: 1.01; \"\/><\/p>\n<p>\n        FARLIG?: Flere har tydd til kommentarfeltet under det svenske kogehusets Instagram-bilde av Madeleine. Fansen er bekymret for helsetilstanden til prinsessen. Foto: Lise \u00c5serud \/ NTB\n    <\/p>\n<p>Gj\u00f8r som mamma\t<\/p>\n<p>Prinsesse Madeleine har lenge fulgt i fotsporene til dronning Silvia (81) n\u00e5r det gjelder veldedighetsarbeid.\u00a0<\/p>\n<p>I nesten to ti\u00e5r har hun v\u00e6rt en ivrig p\u00e5driver innen World Childhood Foundation &#8211; organisasjonen mamma Silvia grunnla i 1992.<\/p>\n<p>        <img loading=\"lazy\" decoding=\"async\" src=\"https:\/\/www.europesays.com\/no\/wp-content\/uploads\/2025\/12\/83852659.webp\" width=\"686\" height=\"645\" title=\"SOM MOR, S\u00c5 DATTER: B\u00e5de prinsesse Madeleine og dronning Silvia har engasjert seg stort i World Childhood Foundation. Foto: Stan Honda \/ AFP Photo \/ NTB\" alt=\"\" class=\"\" style=\"--aspect-ratio-image: 1.06; \"\/><\/p>\n<p>\n        SOM MOR, S\u00c5 DATTER: B\u00e5de prinsesse Madeleine og dronning Silvia har engasjert seg stort i World Childhood Foundation. Foto: Stan Honda \/ AFP Photo \/ NTB\n    <\/p>\n<p>Tidlig i desember holdt stiftelsen sin \u00e5rlige galla i Stockholm for \u00e5 hylle mennesker som har gjort ekstraordin\u00e6re bidrag til barns sikkerhet og trivsel.<\/p>\n<p>I \u00e5r ble Childhood 2025-prisen tildelt den svenske politikvinnen Elin Nelly &#8211; som prim\u00e6rt jobber for \u00e5 bekjempe seksuelle overgrep mot barn p\u00e5 internett.\u00a0<\/p>\n<p>        TILBAKE: J\u00f8rgine Massa Vasstrand og familien er tilbake i ny sesong av \u00abFunkyfam\u00bb. Video: \u00abFunkyfam\u00bb\/ TV 2<\/p>\n<p class=\"font-weight-bold m-font-weight-bold\" data-lab-font_weight=\"font-weight-bold\">Den prestisjetunge prisen ble selvsagt delt ut av prinsesse Madeleine selv &#8211; og det er i forbindelse med dette at vinnerbildet av henne og politikvinnen ble tatt.<\/p>\n","protected":false},"excerpt":{"rendered":"Prinsesse Madeleine: Mystisk flekk i prinsesse Madeleines \u00f8ye vekker bekymring. VEKKER OPPSIKT: Etter at det svenske kongehuset delte&hellip;\n","protected":false},"author":2,"featured_media":109990,"comment_status":"","ping_status":"","sticky":false,"template":"","format":"standard","meta":{"footnotes":""},"categories":[58],"tags":[5036,8360,4104,71,76,30,28,29,5100,72],"class_list":{"0":"post-109989","1":"post","2":"type-post","3":"status-publish","4":"format-standard","5":"has-post-thumbnail","7":"category-underholdning","8":"tag-det-svenske-kongehuset","9":"tag-dronning-silvia","10":"tag-eksklusivt","11":"tag-entertainment","12":"tag-kongelig","13":"tag-no","14":"tag-norge","15":"tag-norway","16":"tag-prinsesse-madeleine","17":"tag-underholdning"},"share_on_mastodon":{"url":"https:\/\/pubeurope.com\/@no\/115699400442894354","error":""},"_links":{"self":[{"href":"https:\/\/www.europesays.com\/no\/wp-json\/wp\/v2\/posts\/109989","targetHints":{"allow":["GET"]}}],"collection":[{"href":"https:\/\/www.europesays.com\/no\/wp-json\/wp\/v2\/posts"}],"about":[{"href":"https:\/\/www.europesays.com\/no\/wp-json\/wp\/v2\/types\/post"}],"author":[{"embeddable":true,"href":"https:\/\/www.europesays.com\/no\/wp-json\/wp\/v2\/users\/2"}],"replies":[{"embeddable":true,"href":"https:\/\/www.europesays.com\/no\/wp-json\/wp\/v2\/comments?post=109989"}],"version-history":[{"count":0,"href":"https:\/\/www.europesays.com\/no\/wp-json\/wp\/v2\/posts\/109989\/revisions"}],"wp:featuredmedia":[{"embeddable":true,"href":"https:\/\/www.europesays.com\/no\/wp-json\/wp\/v2\/media\/109990"}],"wp:attachment":[{"href":"https:\/\/www.europesays.com\/no\/wp-json\/wp\/v2\/media?parent=109989"}],"wp:term":[{"taxonomy":"category","embeddable":true,"href":"https:\/\/www.europesays.com\/no\/wp-json\/wp\/v2\/categories?post=109989"},{"taxonomy":"post_tag","embeddable":true,"href":"https:\/\/www.europesays.com\/no\/wp-json\/wp\/v2\/tags?post=109989"}],"curies":[{"name":"wp","href":"https:\/\/api.w.org\/{rel}","templated":true}]}}