{"id":109991,"date":"2025-12-11T06:01:10","date_gmt":"2025-12-11T06:01:10","guid":{"rendered":"https:\/\/www.europesays.com\/no\/109991\/"},"modified":"2025-12-11T06:01:10","modified_gmt":"2025-12-11T06:01:10","slug":"norske-hushald-har-spart-16-milliardar-kroner-med-noregspris-nrk-vestland","status":"publish","type":"post","link":"https:\/\/www.europesays.com\/no\/109991\/","title":{"rendered":"Norske hushald har spart 1,6 milliardar kroner med noregspris \u2013 NRK Vestland"},"content":{"rendered":"<p>Saka oppsummert:<\/p>\n<p>\u2013 Norske hushald har spart totalt 1,6 milliardar kroner med noregspris i oktober og november.<br \/>\u2013 Gjennomsnittleg sparing per hushald er litt over 1300 kroner.<br \/>\u2013 Regjeringa meiner noregspris gir \u00f8konomisk tryggleik og anbefaler fleire \u00e5 vurdere ordninga.<br \/>\u2013 Kritikarar meiner noregspris kan bli sv\u00e6rt kostbar for staten, med estimert kostnad p\u00e5 9,1 milliardar kroner neste \u00e5r.<br \/>\u2013 H\u00f8gare straumprisar kan f\u00f8re til b\u00e5de auka kostnader for staten og h\u00f8gare inntekter fr\u00e5 kraft.<\/p>\n<p>Oppsummeringa er laga av ei KI-teneste fr\u00e5 OpenAI. Innhaldet er kvalitetssikra av NRK sine journalistar f\u00f8r publisering.<\/p>\n<p>Nye berekningar fr\u00e5 RME viser at hushald i S\u00f8r-Noreg totalt har spart meir enn 1,6 milliardar kroner med noregspris i oktober og november. <\/p>\n<p>Om vi reknar \u00e9in straumm\u00e5lar per hushald, betyr det at norske straumkundar har spart litt meir enn 1300 kroner p\u00e5 \u00e5 teikne fastpriskontrakt.<\/p>\n<p>Brote ned p\u00e5 dei ulike straumsonene ser tale slik ut (tala inkluderer ikkje fritidsbustader): <\/p>\n<ul>\n<li>NO1 (Austlandet): <strong>843 millionar kroner<\/strong><\/li>\n<li>NO2 (S\u00f8rlandet og Vestland s\u00f8r for Sognefjorden): <strong>632 millionar kroner<\/strong><\/li>\n<li>NO5 (Vestland nord for Sognefjorden): <strong>140 millionar kroner<\/strong><\/li>\n<\/ul>\n<p>I sonene NO3 (Midt-Noreg) og NO4 (Nord-Noreg) gjer l\u00e5ge straumprisar at nesten ingen kundar har teikna noregspris-avtale.<\/p>\n<p>Regjeringa: \u2013 Tala gir tryggleik i kvardagen <\/p>\n<p>Noregspris kjem i forlenginga av den f\u00f8rste <a href=\"https:\/\/www.nrk.no\/norge\/regjeringen-med-pressekonferanse-om-stromsituasjonen-1.15728336\" ec-id=\"pp:article:1.15728336\" ec-name=\"straumst\u00f8tteordninga\" rel=\"nofollow noopener\" target=\"_blank\">straumst\u00f8tteordninga<\/a> som blei lansert i desember for fire \u00e5r sidan. <\/p>\n<p>Pandemirestriksjonane l\u00e5g framleis som eit klamt teppe over landet, og p\u00e5 toppen fekk norske forbrukarar ei akutt straumpriskrise i fanget.<\/p>\n<p><strong>For \u00e5 ta unna dei mest akutte toppane kom derfor regjeringa opp med ein \u00abmellombels\u00bb og \u00abforbig\u00e5ande\u00bb st\u00f8tteordning.<\/strong><\/p>\n<p>Grunngjevinga for avgrensinga var dobbel: <\/p>\n<ul>\n<li>Regjeringa ynskja ikkje \u00e5 \u00ab<a href=\"https:\/\/www.stortinget.no\/no\/Saker-og-publikasjoner\/Sporsmal\/Skriftlige-sporsmal-og-svar\/Skriftlig-sporsmal\/?qnid=100386\" ec-id=\"https:\/\/www.stortinget.no\/no\/Saker-og-publikasjoner\/Sporsmal\/Skriftlige-sporsmal-og-svar\/Skriftlig-sporsmal\/\" ec-name=\"svekke\" rel=\"nofollow noopener\" target=\"_blank\">svekke<\/a> insentiva til \u00e5 redusere straumbruken\u00bb meir enn n\u00f8dvendig. <\/li>\n<li>I tillegg forklarte statsminister Jonas Gahr St\u00f8re at makspris p\u00e5 straum var \u00ab<a href=\"https:\/\/www.nrk.no\/nyheter\/store-kraftig-ut-mot-makspris-1.16073082\" ec-id=\"pp:article:1.16073082\" ec-name=\"sosialt urettferdig\" rel=\"nofollow noopener\" target=\"_blank\">sosialt urettferdig<\/a>\u00bb og f\u00f8rst og fremst kom \u00abrikfolk som varmar opp basseng\u00bb til gode.<\/li>\n<\/ul>\n<p>Fire \u00e5r seinare argumenterer energiminister Terje Aasland for at den utvida fastprisordninga er god sosialpolitikk.<\/p>\n<p>\u2013 Tala viser at ordninga har stor effekt p\u00e5 lommeboka til folk, og at ho gir tryggleik i kvardagen for mange familiar, seier han til NRK <\/p>\n<p><strong>\u2013 Godt over \u00e9in million har valt noregspris allereie. Eg anbefaler alle \u00e5 gjere ei vurdering av om noregspris er eit rett val for dei.<\/strong><\/p>\n<p>Sj\u00e5 ei oppsummering av kritikken mot noregspris under. <\/p>\n<p>    \u2190<\/p>\n<ul data-scroll-container=\"\" role=\"list\">\n<li><img alt=\"Pengar\"  width=\"3840\" height=\"2160\" loading=\"lazy\"\/>\n<p>\n        Gorm Kallestad \/ NTB\n      <\/p>\n<p>Kritikk #1<\/p>\n<p>Ordninga gir mest til hytteeigarar og dei som har mykje fr\u00e5 f\u00f8r, og mindre til l\u00e5ginntektsgrupper og andre som \u00abfaktisk treng ei handsrekking\u00bb.<\/p>\n<\/li>\n<li><img alt=\"Acer-demonstrasjon utanfor H\u00f8gsterett 2023\"  width=\"3840\" height=\"2160\" loading=\"lazy\"\/>\n<p>\n        Frederik Ringnes \/ NTB\n      <\/p>\n<p>Kritikk #2<\/p>\n<p>St\u00f8tta er ein\u00a0potemkinkulisse\u00a0som tilsl\u00f8rer at det trengst meir radikale grep. \u00abDet er eit paradoks at staten bruker milliardar p\u00e5 subsidiar for \u00e5 sminke eit underliggande marknadssystem som er dysfunksjonelt\u00bb,\u00a0<a href=\"https:\/\/klassekampen.no\/artikkel\/2024-12-14\/leder\" rel=\"nofollow noopener\" target=\"_blank\">skriv<\/a>\u00a0Klassekampen-kommentator Bj\u00f8rgulv Braanen.<\/p>\n<\/li>\n<li><img alt=\"Fastpris stimulerer til auka straumforbruk og svekker motivasjonen for energieffektiviseringstiltak. Kraftanalytikar Olav Botnen i Volt Power Analytic siger til Dagens N\u00e6ringsliv at ordninga kan auke\"  width=\"3840\" height=\"2159\" loading=\"lazy\"\/>\n<p>\n        Colourbox \/ colourbox.com\n      <\/p>\n<p>Kritikk #3<\/p>\n<p>Fastpris stimulerer til auka straumforbruk og svekker motivasjonen for energieffektiviseringstiltak. Kraftanalytikar Olav Botnen i Volt Power Analytic seier til\u00a0<a href=\"https:\/\/www.dn.no\/energi\/energi\/strompris\/jonas-gahr-store\/kraftanalytiker-norgespris-vil-fa-100-prosent-oppslutning\/2-1-1772984\" rel=\"nofollow noopener\" target=\"_blank\">Dagens N\u00e6ringsliv<\/a>\u00a0at ordninga kan auke straumforbruket med 10 prosent.<\/p>\n<\/li>\n<li><img alt=\"Luftfoto Holmestrand vinter Speira (tidl. Hydro Aluminium)\"  width=\"3840\" height=\"2159\" loading=\"lazy\"\/>\n<p>\n        H. Philip Hofgaard \/ NRK Luftfoto\n      <\/p>\n<p>Kritikk #4<\/p>\n<p>Om hushaldningane brukar meir av straumen og straumen er knapp, s\u00e5 blir det mindre straum att til industrien.<\/p>\n<\/li>\n<li><img alt=\"Auka kunnskap om samanhengen mellom kraftproduksjon og kapasitet i nettet kan brukast i dimensjoneringa av framtidige kraftleidningar.\"  width=\"3840\" height=\"2160\" loading=\"lazy\"\/>\n<p>\n        Heimdall Power\n      <\/p>\n<p>Kritikk #5<\/p>\n<p>Auka forbruk skaper meir press i topplasttimane der nettet allereie i dag blir pressa det\u00a0reimar og t\u00f8y\u00a0kan halde.<\/p>\n<\/li>\n<li><img alt=\"solkraft\"  width=\"3840\" height=\"2158\" loading=\"lazy\"\/>Kritikk #6\n<p>Ordninga demper investeringene i solkraft, og gjer energieffektivisering mindre attraktivt<\/p>\n<\/li>\n<li><img alt=\"Dagleg leder i Baker Hansen trekker tralle med br\u00f8d ut av stekeovnen.\"  width=\"3840\" height=\"2159\" loading=\"lazy\"\/>\n<p>\n        Peder Martin Bergholt \/ NRK\n      <\/p>\n<p>Kritikk #7<\/p>\n<p>Ordninga omfattar ikkje bakaren, slaktaren og andre n\u00e6ringar, som framleis m\u00e5 ut p\u00e5 den \u00abvanlege marknaden\u00bb.<\/p>\n<\/li>\n<li><img alt=\"Martin Bech Holte.\"  width=\"3840\" height=\"2159\" loading=\"lazy\"\/>\n<p>\n        NRK\n      <\/p>\n<p>Kritikk #8<\/p>\n<p>Straumst\u00f8tta inng\u00e5r i ein st\u00f8rre klientifisering der Ola Nordmann blir slapp og venner seg til stadig nye \u00abalmisser\u00bb fr\u00e5 myndigheitene. Jf. systemkritikken i \u00abLandet som ble for rikt\u00bb av Martin Bech Holte.<\/p>\n<\/li>\n<li><img alt=\"Landsm\u00f8te i Arbeidarpartiet 2023\"  width=\"3840\" height=\"2160\" loading=\"lazy\"\/>\n<p>\n        Heiko Junge \/ NTB\n      <\/p>\n<p>Kritikk #9<\/p>\n<p>Arbeidarpartiet er ikkje er ideologisk konsistente. I februar 2023 sa Jonas Gahr St\u00f8re (Ap) til NRK at ein makspris p\u00e5 70 \u00f8re kilowattimen kunne f\u00f8re til \u00abkraftkollaps\u00bb. \u00c5ret f\u00f8r, under straumpriskrisa, sa han at \u00abmakspris kan verke forlokkande\u00bb, men at det var \u00abvektige grunnar\u00bb til st\u00e5 i mot freistinga til \u00e5 overstyre marknaden.<\/p>\n<\/li>\n<\/ul>\n<p>\u2192<\/p>\n<p>\u2013 Kan bli veldig dyrt for staten \u00e5 subsidiere noregspris<\/p>\n<p>Basert p\u00e5 forventningar til kraftprisen og kor mange som vil velje ordninga, tar regjeringa <a href=\"https:\/\/www.regjeringen.no\/no\/aktuelt\/115-milliardar-kroner-til-straumstonad-og-norgespris\/id3121799\/\" ec-id=\"https:\/\/www.regjeringen.no\/no\/aktuelt\/115-milliardar-kroner-til-straumstonad-og-norgespris\/id3121799\/\" ec-name=\"h\u00f8gde\" rel=\"nofollow noopener\" target=\"_blank\">h\u00f8gde <\/a>for \u00e5 bruke 9,1 milliardar kroner p\u00e5 noregspris neste \u00e5r. <\/p>\n<p><strong>Summen er omdiskutert, og fleire ekspertar meiner at staten har \u00ab<a href=\"https:\/\/www.nrk.no\/vestland\/kostnad-av-noregspris_-regjeringa-kan-ha-bomma-med-opptil-3-milliardar-1.17254396\" ec-id=\"pp:article:1.17254396\" ec-name=\"bomma grovt\" rel=\"nofollow noopener\" target=\"_blank\">bomma grovt<\/a>\u00bb i estimata sine.<\/strong><\/p>\n<p>\u2013 Det kan oppst\u00e5 lange periodar med h\u00f8ge straumprisar i framtida. I s\u00e5 fall kan det bli veldig dyrt for staten \u00e5 subsidiere noregspris, seier redakt\u00f8r i EnergiWatch, Anders Lie Brenna.<\/p>\n<p><strong>\u2013 I verste fall snakkar vi om langt over 10 milliardar kroner.<\/strong><\/p>\n<p>I Tyskland ligg framtidskontraktane p\u00e5 straum i 2026 p\u00e5 meir enn 1 krone per kilowattime.<\/p>\n<p><img decoding=\"async\"   src=\"data:image\/gif;base64,R0lGODlhAQABAIAAAAAAAP\/\/\/yH5BAEAAAAALAAAAAABAAEAAAIBRAA7\" loading=\"eager\" alt=\"en mann med h\u00e5nden opp\" title=\"Foto: Ole Berg-Rusten \/ NTB\"\/><\/p>\n<p class=\"\">\u2013 For \u00e5 trygge folk og lommeboka i m\u00f8te med svingande og tidvis sv\u00e6rt h\u00f8ge straumprisar innf\u00f8rte vi noregspris. Ordninga er enkel \u00e5 forhalde seg til, da ein betaler ein fast pris kvar time og kvar dag. Slik bidrar noregspris til at folk f\u00e5r ein meir f\u00f8reseieleg \u00f8konomi, seier energiminister Terje Aasland.<\/p>\n<p>Foto: Ole Berg-Rusten \/ NTB<\/p>\n<p>52,5 milliardar kroner i straumst\u00f8tte siste fire \u00e5r<\/p>\n<p>Eig mogleg tr\u00f8yst er at h\u00f8gare straumprisar sl\u00e5r begge vegar. Staten m\u00e5 grave djupare for \u00e5 dekke inn fastprisavtalane, men f\u00e5r til gjengjeld meir \u00e5 rutte med.<\/p>\n<p>Ei <a href=\"https:\/\/www.stortinget.no\/globalassets\/pdf\/dokumentserien\/2024-2025\/dok15-202425-0468-vedlegg.pdf\" ec-id=\"https:\/\/www.stortinget.no\/globalassets\/pdf\/dokumentserien\/2024-2025\/dok15-202425-0468-vedlegg.pdf\" ec-name=\"oversikt\" rel=\"nofollow noopener\" target=\"_blank\">oversikt<\/a> fr\u00e5 Energidepartementet viser at staten hadde 180 milliardar kroner i kraftinntekter i perioden 2019\u20132023.<\/p>\n<p>I tillegg hadde kommunane og fylkeskommunane 81 milliardar i inntekter i den same perioden.<\/p>\n<p><strong>Sidan innf\u00f8ringa av straumst\u00f8tta i desember 2021 har det blitt utbetalt 52,5 milliardar kroner i straumst\u00f8tte til norske hushald.<\/strong><\/p>\n<p>    \u2190<\/p>\n<ul data-scroll-container=\"\" role=\"list\">\n<li><img alt=\"Dunkelflaute\"  width=\"3840\" height=\"2160\" loading=\"lazy\"\/>\n<p>\n        NRK\n      <\/p>\n<p>7 faktorar som p\u00e5verkar straumprisen<\/p>\n<p>\u00abDunkelflaute\u00bb er eit tysk omgrep som kan omsettast med \u00abm\u00f8rkt-vindstille\u00bb, og beskriv ein situasjon der vindturbinane st\u00e5r stille og vinterm\u00f8rket sl\u00e5r inn over solkraftanlegga.<\/p>\n<\/li>\n<li><img alt=\"L\u00c5GE TEMPERATURAR\"  width=\"3840\" height=\"2159\" loading=\"lazy\"\/>\n<p>\n        Roar Andre Berntsen \/ NRK\n      <\/p>\n<p>L\u00c5GE TEMPERATURAR<\/p>\n<p>N\u00e5r kulda set inn aukar behovet for oppvarming i bustader, kontor og offentlege bygningar. Felles tidssone gjer at \u00abtoppane\u00bb hender nesten samtidig i dei ulike europeiske landa.<\/p>\n<\/li>\n<li><img alt=\"PRISSMITTE\"  width=\"3840\" height=\"2160\" loading=\"lazy\"\/>\n<p>\n        NRK\n      <\/p>\n<p>PRISSMITTE<\/p>\n<p>Under den s\u00e5kalla \u00abstraumpriskrisa\u00bb i 2022 sa Statnett at dei nye kablane til Tyskland og England var forklaringa p\u00e5 \u00abrundt 10 prosent av dei sv\u00e6rt h\u00f8ge prisane\u00bb. Riksrevisjonen har tidlegare kritisert Statnett for \u00abvarierande kvalitet\u00bb p\u00e5 analysane sine.<\/p>\n<\/li>\n<li><img alt=\"Tysk atomkraftanlegg i Essenbach\"  width=\"3840\" height=\"2160\" loading=\"lazy\"\/>\n<p>\n        Armin Weigel \/ AP \/ NTB\n      <\/p>\n<p>F\u00c6RRE KOLKRAFT- OG ATOMKRAFTVERK<\/p>\n<p>Nedstengde atomkraftverk og kolkraftverk i Tyskland som stenger f\u00f8r tida aukar presset p\u00e5 det europeiske kraftsystemet. Kampen mot atomkraft har vore ein symboltung del av den tyske milj\u00f8r\u00f8rsla sidan 70-talet, og i 2011 vedtok landet \u00e5 avvikle all atomkraft innan 2022 etter atomulykka i Fukushima. Fleire tyske politikarar har seinare karakterisert vedtaket som eit \u00abforhasta feilsteg\u00bb.<\/p>\n<\/li>\n<li><img alt=\"Vi ser den gule flammen fr\u00e5 et t\u00e5rn som brenner gass, fakling. Det er et kvitt piggtr\u00e5dgjerde framfor t\u00e5rnet. Ein haug med r\u00f8r ligg p\u00e5 bakken som ikkje er installert. Skylaget i bakgrunnen er gr\u00e5tt, og framhevar flammen.\"  width=\"3840\" height=\"2155\" loading=\"lazy\"\/>\n<p>\n        Hilda Lishaugen Nyfl\u00f8t \/ NRK\n      <\/p>\n<p>GASSPRISEN<\/p>\n<p>Etter at Russland strupte gasstilf\u00f8rselen har Europa blitt meir avhengig av gass (LNG) fr\u00e5 USA, som i tur og orden m\u00e5 kj\u00f8last ned, fraktast og til sist tinast opp igjen. Det kostar pengar, og driv i sin tur straumprisen opp. I rapporten \u00d8konomiske utsyner, som blei publiserte i november, varslar EU-kommisjonen at dei ventar \u00abjamt h\u00f8ge\u00bb energiprisar fram til 2026.<\/p>\n<\/li>\n<li><img alt=\"Vasskraftverk Aurlandsdalen\"  width=\"3840\" height=\"2156\" loading=\"lazy\"\/>\n<p>\n        NRK\n      <\/p>\n<p>AVGRENSA KAPASITET<\/p>\n<p>Vatn l\u00e8t seg ikkje omg\u00e5ande konvertere til straum. Sj\u00f8lv om \u00abfyllingsgrada\u00bb er god og vassmagasina nesten renn over, kan ikkje norske vasskraftverk produsere meir kraft enn reimar og t\u00f8y kan halde. I tillegg er det avgrensa kapasitet i kraftnettet.<\/p>\n<\/li>\n<li><img alt=\"Prisane p\u00e5 utsleppsrettar i det europeiske kvotesystemet for CO (EU ETS) har auka dei siste \u00e5ra. Dette p\u00e5verkar kostnadene for kraftverk som bruker fossile brensel, som gass- og kolkraftverk. I dag l\"  width=\"3840\" height=\"2159\" loading=\"lazy\"\/>\n<p>\n        AP\n      <\/p>\n<p>H\u00d8GARE KVOTEPRIS<\/p>\n<p>Prisane p\u00e5 utsleppsrettar i det europeiske kvotesystemet for CO\u2082 (EU ETS) har auka dei siste \u00e5ra. Dette p\u00e5verkar kostnadene for kraftverk som bruker fossile brensel, som gass- og kolkraftverk. I dag ligg dei tyske framtidskontraktane p\u00e5 straum p\u00e5 meir enn 1 krone per kilowattime \u2013 b\u00e5de for 2025 og 2026.<\/p>\n<\/li>\n<\/ul>\n<p>\u2192<\/p>\n<p>Publisert<\/p>\n<p>11.12.2025, kl. 06.00<\/p>\n","protected":false},"excerpt":{"rendered":"Saka oppsummert: \u2013 Norske hushald har spart totalt 1,6 milliardar kroner med noregspris i oktober og november.\u2013 Gjennomsnittleg&hellip;\n","protected":false},"author":2,"featured_media":109992,"comment_status":"","ping_status":"","sticky":false,"template":"","format":"standard","meta":{"footnotes":""},"categories":[10],"tags":[20,21,24,25,15,22,23,13,30,28,29,14,16,26,27],"class_list":{"0":"post-109991","1":"post","2":"type-post","3":"status-publish","4":"format-standard","5":"has-post-thumbnail","7":"category-norge","8":"tag-breaking-news","9":"tag-breakingnews","10":"tag-featured-news","11":"tag-featurednews","12":"tag-headlines","13":"tag-latest-news","14":"tag-latestnews","15":"tag-news","16":"tag-no","17":"tag-norge","18":"tag-norway","19":"tag-nyheter","20":"tag-overskrifter","21":"tag-top-stories","22":"tag-topstories"},"share_on_mastodon":{"url":"https:\/\/pubeurope.com\/@no\/115699416081437917","error":""},"_links":{"self":[{"href":"https:\/\/www.europesays.com\/no\/wp-json\/wp\/v2\/posts\/109991","targetHints":{"allow":["GET"]}}],"collection":[{"href":"https:\/\/www.europesays.com\/no\/wp-json\/wp\/v2\/posts"}],"about":[{"href":"https:\/\/www.europesays.com\/no\/wp-json\/wp\/v2\/types\/post"}],"author":[{"embeddable":true,"href":"https:\/\/www.europesays.com\/no\/wp-json\/wp\/v2\/users\/2"}],"replies":[{"embeddable":true,"href":"https:\/\/www.europesays.com\/no\/wp-json\/wp\/v2\/comments?post=109991"}],"version-history":[{"count":0,"href":"https:\/\/www.europesays.com\/no\/wp-json\/wp\/v2\/posts\/109991\/revisions"}],"wp:featuredmedia":[{"embeddable":true,"href":"https:\/\/www.europesays.com\/no\/wp-json\/wp\/v2\/media\/109992"}],"wp:attachment":[{"href":"https:\/\/www.europesays.com\/no\/wp-json\/wp\/v2\/media?parent=109991"}],"wp:term":[{"taxonomy":"category","embeddable":true,"href":"https:\/\/www.europesays.com\/no\/wp-json\/wp\/v2\/categories?post=109991"},{"taxonomy":"post_tag","embeddable":true,"href":"https:\/\/www.europesays.com\/no\/wp-json\/wp\/v2\/tags?post=109991"}],"curies":[{"name":"wp","href":"https:\/\/api.w.org\/{rel}","templated":true}]}}