{"id":109993,"date":"2025-12-11T06:02:12","date_gmt":"2025-12-11T06:02:12","guid":{"rendered":"https:\/\/www.europesays.com\/no\/109993\/"},"modified":"2025-12-11T06:02:12","modified_gmt":"2025-12-11T06:02:12","slug":"hattfjelldal-naeringsliv-ingen-debatt-om-vindkraftsaken-tross-verbale-advarsler-splitter-et-helt-samfunn-helgelendingen","status":"publish","type":"post","link":"https:\/\/www.europesays.com\/no\/109993\/","title":{"rendered":"Hattfjelldal, N\u00e6ringsliv | Ingen debatt om vindkraftsaken tross verbale advarsler: \u2013 Splitter et helt samfunn &#8211; Helgelendingen"},"content":{"rendered":"<ol>\n<li><a href=\"https:\/\/news.google.com\/rss\/articles\/CBMitAFBVV95cUxQN2ZtN3FvMWU3bEc5MTYxRm42ODRteUxTWVd0cy1CTWhJZzdQcXJURkFWUnZnRlVQS0NLZ3NUakxmRlRENDhpTHhUQjRyUlVlR1A2Sk9RalFIZkh0MXVGY0NlTmhqeHFUUjc3WkE3Y0dKWElpaGFZbmhyaTB5X0tXemhZUzcxdTY2T1RVNlY3LUpvOFIxY1IxWDdVVElZRWdDMXZaanQ4c0hBaU1TalFtSXg0LUk?oc=5\" target=\"_blank\" rel=\"nofollow noopener\">Hattfjelldal, N\u00e6ringsliv | Ingen debatt om vindkraftsaken tross verbale advarsler: \u2013 Splitter et helt samfunn<\/a>&nbsp;&nbsp;Helgelendingen<\/li>\n<li><a href=\"https:\/\/news.google.com\/rss\/articles\/CBMiqwFBVV95cUxOYnd2Q1VqcUhUdU1wYjRpVF9Jdy1PdmQ0TXBybVVoVXJxMDlja3lmYVhKbDltVFN5dFIyQ1dzdUpNdkVINjBCQnRISmFuNElTR0gxS3Frb1RiQXFDSktDSVhnMDZWNDM4MnJ1RnVlOERwc3JramRoVUhYXzFVMUttU0FpUFNWLS1ua3I0S2kzcXNMY0xSNG1RdE1VMm9tNXZ6aVhtQ3pCRWdlc1k?oc=5\" target=\"_blank\" rel=\"nofollow noopener\">Hattfjelldal, N\u00e6ringsliv | Vindkraft p\u00e5 dagsordenen igjen &#8211; n\u00e5 ligger det til rette for oppstartsm\u00f8te<\/a>&nbsp;&nbsp;Helgelendingen<\/li>\n<li><a href=\"https:\/\/news.google.com\/rss\/articles\/CBMid0FVX3lxTE5KVXZxZl9SLXA5SHA1YmZ1LXdCZFhYWXhkWlJ3SUR6OERNakhocXdwdUdnOEd5b1c4WlZfQmI3SXdyeGFKT0NfVm1qYnUyTmJRWVZOajdJbVlPYllmcTdyZjhwYl9EQzF6RnBTNENzNXA3bGl6UFZJ?oc=5\" target=\"_blank\" rel=\"nofollow noopener\">Kritikk mot Hattfjelldal kommune: \u2013 Samiske hellige steder m\u00e5 tas p\u00e5 alvor<\/a>&nbsp;&nbsp;S\u00e1gat<\/li>\n<li><a href=\"https:\/\/news.google.com\/rss\/articles\/CBMilwFBVV95cUxNckt2aGhHekVLczhUeXJXeHRvTk01SUFST2JQWE50bkNORk5BY0hfQU1zd01obTd3cnYwVTNNeWkyTnVUVXVGcjZyWUZDMGpIdWh6Q2tiMmpNRjNSWG5NUjRoMFo1bWFRVzdxU0xIbkhkc0RKZGNmWm9RekNxUWh2YUNBSnVpOVhTdFRSSVdFcm9RdVE1bWNB?oc=5\" target=\"_blank\" rel=\"nofollow noopener\">Debatt, Leserbrev | Hattfjelldal kommunestyre og verdien av innsyn og \u00e5penhet<\/a>&nbsp;&nbsp;Helgelendingen<\/li>\n<li><a href=\"https:\/\/news.google.com\/rss\/articles\/CBMid0FVX3lxTE5Ha2kxRk1kTGtMZTV1T3BXNlFqam9yLVlzWWtNSHllZUFaRGpJS2NuS2tsdk8yX1BybTdTdzAtaHhVUV81YzBFSFNBVzZBR0FIUnJtUXotNVlVYVhtcEJJOV9QbGltaWxwaFpSOXRwNHpTd3k2d1Vz?oc=5\" target=\"_blank\" rel=\"nofollow noopener\">Statsforvalteren om Hattfjelldal og konsultasjonsplikten: Har ikke vurdert om plikten er oppfylt<\/a>&nbsp;&nbsp;S\u00e1gat<\/li>\n<\/ol>\n","protected":false},"excerpt":{"rendered":"Hattfjelldal, N\u00e6ringsliv | Ingen debatt om vindkraftsaken tross verbale advarsler: \u2013 Splitter et helt samfunn&nbsp;&nbsp;Helgelendingen Hattfjelldal, N\u00e6ringsliv |&hellip;\n","protected":false},"author":2,"featured_media":109994,"comment_status":"","ping_status":"","sticky":false,"template":"","format":"standard","meta":{"footnotes":""},"categories":[5],"tags":[20,21,24,25,15,19,22,23,17,18,13,30,28,29,14,16,26,27],"class_list":{"0":"post-109993","1":"post","2":"type-post","3":"status-publish","4":"format-standard","5":"has-post-thumbnail","7":"category-overskrifter","8":"tag-breaking-news","9":"tag-breakingnews","10":"tag-featured-news","11":"tag-featurednews","12":"tag-headlines","13":"tag-hovedoppslag","14":"tag-latest-news","15":"tag-latestnews","16":"tag-main-news","17":"tag-mainnews","18":"tag-news","19":"tag-no","20":"tag-norge","21":"tag-norway","22":"tag-nyheter","23":"tag-overskrifter","24":"tag-top-stories","25":"tag-topstories"},"share_on_mastodon":{"url":"https:\/\/pubeurope.com\/@no\/115699419905781157","error":""},"_links":{"self":[{"href":"https:\/\/www.europesays.com\/no\/wp-json\/wp\/v2\/posts\/109993","targetHints":{"allow":["GET"]}}],"collection":[{"href":"https:\/\/www.europesays.com\/no\/wp-json\/wp\/v2\/posts"}],"about":[{"href":"https:\/\/www.europesays.com\/no\/wp-json\/wp\/v2\/types\/post"}],"author":[{"embeddable":true,"href":"https:\/\/www.europesays.com\/no\/wp-json\/wp\/v2\/users\/2"}],"replies":[{"embeddable":true,"href":"https:\/\/www.europesays.com\/no\/wp-json\/wp\/v2\/comments?post=109993"}],"version-history":[{"count":0,"href":"https:\/\/www.europesays.com\/no\/wp-json\/wp\/v2\/posts\/109993\/revisions"}],"wp:featuredmedia":[{"embeddable":true,"href":"https:\/\/www.europesays.com\/no\/wp-json\/wp\/v2\/media\/109994"}],"wp:attachment":[{"href":"https:\/\/www.europesays.com\/no\/wp-json\/wp\/v2\/media?parent=109993"}],"wp:term":[{"taxonomy":"category","embeddable":true,"href":"https:\/\/www.europesays.com\/no\/wp-json\/wp\/v2\/categories?post=109993"},{"taxonomy":"post_tag","embeddable":true,"href":"https:\/\/www.europesays.com\/no\/wp-json\/wp\/v2\/tags?post=109993"}],"curies":[{"name":"wp","href":"https:\/\/api.w.org\/{rel}","templated":true}]}}