{"id":110006,"date":"2025-12-11T06:26:08","date_gmt":"2025-12-11T06:26:08","guid":{"rendered":"https:\/\/www.europesays.com\/no\/110006\/"},"modified":"2025-12-11T06:26:08","modified_gmt":"2025-12-11T06:26:08","slug":"premier-league-rykter-premier-league-torsdagens-premier-league-rykter-5","status":"publish","type":"post","link":"https:\/\/www.europesays.com\/no\/110006\/","title":{"rendered":"Premier League-rykter, Premier League | Torsdagens Premier League-rykter"},"content":{"rendered":"\n<p>Tidligere Arsenal-spiller <b>Matteo<\/b> <b>Guendouzi<\/b> jaktes av <b>Sunderland<\/b>, om vi skal tro <a href=\"https:\/\/www.sunderlandecho.com\/sport\/football\/sunderland-afc\/sundelrand-transfer-round-up-double-jove-5436626\" rel=\"nofollow noopener\" target=\"_blank\">Sunderland Echo<\/a>. Premier League-klubben skal ha lagt inn et bud p\u00e5 dr\u00f8yt 22 millioner pund for den franske Lazio-profilen.<\/p>\n<p><b>West<\/b> <b>Ham<\/b> har lagt sine \u00f8yne p\u00e5 Rio Ave-spissen <b>Clayton<\/b>, melder <a href=\"https:\/\/www.teamtalk.com\/west-ham-united\/hammers-stunning-move-portugals-leading-scorer-nuno-prioritises-january-striker-swoop\" rel=\"nofollow noopener\" target=\"_blank\">Teamtalk<\/a>. Den brasilianske 26-\u00e5ringen er toppscorer i Primeira Liga i Portugal.<\/p>\n<p><b>Roma<\/b> har \u00e5pnet offisielle samtaler for \u00e5 hente <b>Manchester<\/b> <b>United<\/b>-spiss <b>Joshua<\/b> <b>Zirkzee<\/b> til klubben, melder italienske <a href=\"https:\/\/www.gazzetta.it\/Calcio\/Calciomercato\/Roma\/10-12-2025\/roma-su-zirkzee-la-trattativa-con-il-manchester-united-i-dettagli.shtml\" rel=\"nofollow noopener\" target=\"_blank\">Gazzetta<\/a>. Avisen skriver at den italienske storklubben \u00f8nsker \u00e5 hente 24-\u00e5ringen p\u00e5 l\u00e5n, med en kj\u00f8psopsjon p\u00e5 30 millioner pund.<\/p>\n<p>Tidligere Arsenal-spiller <b>Matteo<\/b> <b>Guendouzi<\/b> jaktes av <b>Sunderland<\/b>, om vi skal tro <a href=\"https:\/\/www.sunderlandecho.com\/sport\/football\/sunderland-afc\/sundelrand-transfer-round-up-double-jove-5436626\" rel=\"nofollow noopener\" target=\"_blank\">Sunderland Echo<\/a>. Premier League-klubben skal ha lagt inn et bud p\u00e5 dr\u00f8yt 22 millioner pund for den franske Lazio-profilen.<\/p>\n<p><b>Liverpools<\/b> midtstopper <b>Ibrahima<\/b> <b>Konate<\/b> st\u00e5r uten kontrakt neste sommer, men franskmannen kan fortsatt komme til \u00e5 signere ny kontrakt med Merseyside-klubben, melder <a href=\"https:\/\/www.footballinsider247.com\/ibrahima-konate-could-sign-shock-liverpool-deal-in-weeks\/\" rel=\"nofollow noopener\" target=\"_blank\">Football Insider<\/a>.<\/p>\n<p>Tidligere <b>Arsenal<\/b>&#8211; og <b>Liverpool<\/b>-profil Alex Oxlade-Chamberlain<b><b><br \/><\/b><\/b> sikter seg inn p\u00e5 en retur til Premier League i januar, skriver The <a href=\"https:\/\/www.nytimes.com\/athletic\/6872552\/2025\/12\/10\/alex-oxlade-chamberlain-interview-arsenal\/\" rel=\"nofollow noopener\" target=\"_blank\">Athletic<\/a>. 32-\u00e5ringen har st\u00e5tt uten kontrakt etter at han forlot tyrkiske <b>Besiktas<\/b> i sommer.<\/p>\n<p><a href=\"https:\/\/talksport.com\/football\/3809577\/west-ham-transfer-striker-promise-david\/\" rel=\"nofollow noopener\" target=\"_blank\">Talksport<\/a> skriver at <b>West<\/b> <b>Hams<\/b> sjanser for \u00e5 signere <b>Promise<\/b> <b>David<\/b> fra <b>Union<\/b> <b>Saint<\/b>&#8211;<b>Gilloise<\/b> har f\u00e5tt et skudd for baugen. Grunnen skal v\u00e6re er at den 24 \u00e5r gamle canadieren skal v\u00e6re lunken til \u00e5 bytte ut Champions League-fotball i den belgiske klubben med en kamp mot nedrykk i Premier League.<\/p>\n<p>Mer <b>West<\/b> <b>Ham<\/b>, for <a href=\"https:\/\/www.teamtalk.com\/west-ham-united\/hammers-set-launch-official-january-bid-five-year-contract-offer-relentless-nigerian-gem\" rel=\"nofollow noopener\" target=\"_blank\">Teamtalk<\/a> skriver at London-klubben n\u00e5 forbereder et bud i januar p\u00e5 <b>Zulte<\/b> <b>Waregem<\/b>-spiller <b>Tochukwu<\/b> <b>Nnadi<\/b>.<\/p>\n<p>En annen klubb som trenger forsterkninger, er <b>Wolverhampton<\/b>. De gulkledde unders\u00f8ker n\u00e5 mulighetene for \u00e5 hente Adama Traor\u00e9 fra Premier League-rival <b>Fulham<\/b>, melder <a href=\"https:\/\/www.footballinsider247.com\/exclusive-wolves-turn-attention-to-re-signing-adama-traore-two-options-possible\/\" rel=\"nofollow noopener\" target=\"_blank\">Football Insider<\/a>.<\/p>\n<p><b>Chelsea<\/b> har ristet av seg b\u00e5de <b>Manchester<\/b> <b>City<\/b> og <b>Manchester<\/b> <b>United<\/b> i jakten p\u00e5 stjerneskuddet <b>Mohamed<\/b> <b>Zongo<\/b>. Midtbanespilleren fra Burkina Faso er 16 \u00e5r gammel og spiller for SF Cascades.<\/p>\n","protected":false},"excerpt":{"rendered":"Tidligere Arsenal-spiller Matteo Guendouzi jaktes av Sunderland, om vi skal tro Sunderland Echo. Premier League-klubben skal ha lagt&hellip;\n","protected":false},"author":2,"featured_media":110007,"comment_status":"","ping_status":"","sticky":false,"template":"","format":"standard","meta":{"footnotes":""},"categories":[59],"tags":[30,28,29,83,82],"class_list":{"0":"post-110006","1":"post","2":"type-post","3":"status-publish","4":"format-standard","5":"has-post-thumbnail","7":"category-sport","8":"tag-no","9":"tag-norge","10":"tag-norway","11":"tag-sport","12":"tag-sports"},"share_on_mastodon":{"url":"https:\/\/pubeurope.com\/@no\/115699514258783354","error":""},"_links":{"self":[{"href":"https:\/\/www.europesays.com\/no\/wp-json\/wp\/v2\/posts\/110006","targetHints":{"allow":["GET"]}}],"collection":[{"href":"https:\/\/www.europesays.com\/no\/wp-json\/wp\/v2\/posts"}],"about":[{"href":"https:\/\/www.europesays.com\/no\/wp-json\/wp\/v2\/types\/post"}],"author":[{"embeddable":true,"href":"https:\/\/www.europesays.com\/no\/wp-json\/wp\/v2\/users\/2"}],"replies":[{"embeddable":true,"href":"https:\/\/www.europesays.com\/no\/wp-json\/wp\/v2\/comments?post=110006"}],"version-history":[{"count":0,"href":"https:\/\/www.europesays.com\/no\/wp-json\/wp\/v2\/posts\/110006\/revisions"}],"wp:featuredmedia":[{"embeddable":true,"href":"https:\/\/www.europesays.com\/no\/wp-json\/wp\/v2\/media\/110007"}],"wp:attachment":[{"href":"https:\/\/www.europesays.com\/no\/wp-json\/wp\/v2\/media?parent=110006"}],"wp:term":[{"taxonomy":"category","embeddable":true,"href":"https:\/\/www.europesays.com\/no\/wp-json\/wp\/v2\/categories?post=110006"},{"taxonomy":"post_tag","embeddable":true,"href":"https:\/\/www.europesays.com\/no\/wp-json\/wp\/v2\/tags?post=110006"}],"curies":[{"name":"wp","href":"https:\/\/api.w.org\/{rel}","templated":true}]}}