{"id":110011,"date":"2025-12-11T06:32:08","date_gmt":"2025-12-11T06:32:08","guid":{"rendered":"https:\/\/www.europesays.com\/no\/110011\/"},"modified":"2025-12-11T06:32:08","modified_gmt":"2025-12-11T06:32:08","slug":"lisanne-dijkstra-stod-fram-som-jenta-i-oygardsaka","status":"publish","type":"post","link":"https:\/\/www.europesays.com\/no\/110011\/","title":{"rendered":"Lisanne Dijkstra stod fram som jenta i \u00d8ygardsaka"},"content":{"rendered":"<p>Saka samanfatta:<\/p>\n<ul>\n<li>Lisanne Djikstra, kjent fr\u00e5 rettssaka mot V\u00e5g\u00e5-ordf\u00f8rar Rune \u00d8ygard, f\u00e5r Fritt Ords Honn\u00f8rpris i januar 2026.<\/li>\n<li>Ho har fortalt si historie gjennom NRK-podkasten \u00abHele Historien: Jenta og ordf\u00f8raren\u00bb.<\/li>\n<li>Prisen heidrar hennar sivile mot og bruk av det frie ord for \u00e5 avsl\u00f8re maktovergrep.<\/li>\n<li>Styreleiar B\u00e5rd Vegard Solhjell understrekar kor viktig hennar historie er for samfunnet.<\/li>\n<li>Djikstra h\u00e5par historia hennar kan inspirere andre til \u00e5 seie fr\u00e5 om urett.<\/li>\n<li>Fritt Ord meiner ho formidlar si oppleving p\u00e5 ein m\u00e5te som vedkjem oss alle.<\/li>\n<li>Prisen er p\u00e5 100 000 kroner og ein vase.<\/li>\n<\/ul>\n<p>Oppsummeringa er laga av ei KI-teneste fr\u00e5 OpenAI. Innhaldet er kvalitetssikra av NRK sine journalistar f\u00f8r publisering.<\/p>\n<p>Lisanne Djikstra gjekk gjennom tre rettssaker i 2012 og 2013. P\u00e5 tiltalebenken sat ein mann som var 36 \u00e5r eldre enn henne, tiltalt for seksuelle overgrep.<\/p>\n<p>Ordf\u00f8raren vart d\u00f8md, og Lisanne har levd livet sitt vidare.<\/p>\n<p>I dag er ho 30 \u00e5r og i haust har ho fortalt si historie for heile landet gjennom podkasten \u00abHele Historien: Jenta og ordf\u00f8raren\u00bb.<\/p>\n<p>Fritt Ord er ei stifting som mellom anna jobbar for ytringsfridom. Honn\u00f8rprisen deira blir gjerne delt ut i samband med ei aktuell sak.<\/p>\n<p>6. januar f\u00e5r alts\u00e5 kvinna fr\u00e5 Gudbrandsdalen prisen b\u00e5de for \u00e5 ha st\u00e5tt opp mot urett medan ho var barn. Og for \u00e5 fortelle si historie igjen som vaksen.<\/p>\n<p><img decoding=\"async\"   src=\"data:image\/gif;base64,R0lGODlhAQABAIAAAAAAAP\/\/\/yH5BAEAAAAALAAAAAABAAEAAAIBRAA7\" loading=\"eager\" alt=\"Fra en pause i rettsaken mot Rune \u00d8ygard i Tingretten i 2012\" title=\"Foto: Lars Erik Skrefsrud \/ NRK\"\/><\/p>\n<p class=\"\">I 2012 og 2013 stod Lisanne opp for seg sj\u00f8lv i tre rettsrundar.\n<\/p>\n<p>Foto: Lars Erik Skrefsrud \/ NRK<\/p>\n<p>Vart overraska<\/p>\n<p>Djikstra innr\u00f8mmer at ho vart veldig overraska da Fritt Ord tok kontakt om prisen.<\/p>\n<p>\u2013 Men eg synest det er kjempehyggeleg.<\/p>\n<p>Etter podkasten og artikkelen kom ut hos NRK i haust har ho f\u00e5tt veldig mange meldingar. Alle hyggelege, fortel 30-\u00e5ringen.<\/p>\n<p>Ei historie som vedkjem alle<\/p>\n<p>Styreleiar B\u00e5rd Vegard Solhjell i Fritt Ord, seier til NRK at Lisanne minner oss om kor viktig sivilt mot er for oss som samfunn og enkeltmenneske.<\/p>\n<p>\u2013 Ho har vist kor mykje det frie ord har \u00e5 seie for demokratiet, lokalt og nasjonalt, seier Solhjell.<\/p>\n<p>\u2013 Og ved \u00e5 fortelje om det n\u00e5 i ettertid, s\u00e5 har ho \u00f2g gjort den historia relevant for oss og heile samfunnet. S\u00e5 ho har vist stort mot i bruken av det frie ord, og det har f\u00e5tt viktige konsekvensar.<\/p>\n<p><img decoding=\"async\"   src=\"data:image\/gif;base64,R0lGODlhAQABAIAAAAAAAP\/\/\/yH5BAEAAAAALAAAAAABAAEAAAIBRAA7\" loading=\"eager\" alt=\"B\u00e5rd Vegard Solhjell, leder i Fornybar Norge i m\u00f8te med Sametinget.\" title=\"Foto: Nils John Porsanger \/ NRK\"\/><\/p>\n<p class=\"\">Styreleiar i Fritt Ord, B\u00e5rd Vegard Solhjell, seier at Lisanne har brukt det frie ord til \u00e5 avsl\u00f8re maktovergrep. <\/p>\n<p>Foto: Nils John Porsanger \/ NRK<\/p>\n<p>Tidlegare mottakarar av Fritt Ords Honn\u00f8r:<\/p>\n<ul>\n<li>Sarah Gaulin (2025)<\/li>\n<li>L\u00e6rarane ved Katedralskulen i Oslo (2024)<\/li>\n<li>Bj\u00f8rn Olav Jahr (2023)<\/li>\n<li>Ella Marie H\u00e6tta Isaksen (2023)<\/li>\n<li>Lise Klaveness (2022)<\/li>\n<li>Ut\u00f8ya og J\u00f8rgen Wathe Frydnes (2021)<\/li>\n<li>Sara Johnsen og P\u00e5l Sletaune (2020)<\/li>\n<li>Frank Nervik, Norun Haugen, Ola Waagen og Piraya Film (2019)<\/li>\n<li>Hans Fredrik Dahl (2019)<\/li>\n<li>Levi Fragell (2019)<\/li>\n<li>Simon Malkenes (2018)<\/li>\n<\/ul>\n<p>Prisen er blitt delt ut sidan 1979. <a href=\"https:\/\/frittord.no\/nb\/priser\/fritt-ords-honnor\" ec-id=\"https:\/\/frittord.no\/nb\/priser\/fritt-ords-honnor\" ec-name=\"Sj\u00e5 heile lista over dei som har f\u00e5tt den p\u00e5 nettsida til Fritt Ord\" rel=\"nofollow noopener\" target=\"_blank\">Sj\u00e5 heile lista over dei som har f\u00e5tt den p\u00e5 nettsida til Fritt Ord<\/a>.<\/p>\n<p>Fritt Ords Honn\u00f8r er ein pris som blir delt ut med jamne mellomrom.<\/p>\n<p>Det kan komme som eit forslag fr\u00e5 styret, men ganske ofte er det \u00f2g innsende forslag.<\/p>\n<p>B\u00e5rd Vegard Solhjell fortel at i dette tilfellet har dei f\u00e5tt inn forslaget.<\/p>\n<p>\u2013 Men mange i styret har jo h\u00f8yrd podkasten eller lese artikkelen om Lisanne. Og ho framst\u00e5r som eit veldig viktig eksempel p\u00e5 korleis ein enkeltperson bruker det frie ordet.<br \/>Til \u00e5 f\u00e5 fram sanninga og avsl\u00f8re maktovergrep.<\/p>\n<p>Prisen til Lisanne Djikstra er ei vase og 100.000 kroner fr\u00e5 stiftinga. Dette blir delt ut til henne 6. januar neste \u00e5r.<\/p>\n<p>I grunngjevinga skriv Fritt Ord at ho formidlar si oppleving l\u00e5gm\u00e6lt og p\u00e5 ei m\u00e5te som gjer historia hennar til ei historie som vedkjem oss alle.<\/p>\n<p>Les heile grunngjevinga her:<\/p>\n<p>Grunngjevinga til Fritt Ord<\/p>\n<p>Lisanne Dijkstra (30) f\u00e5r Fritt Ords Honn\u00f8r for \u00e5 ha avdekka overgrepa til ein ordf\u00f8rar, og vist stort ytringsmot i m\u00f8te med mektige akt\u00f8rar og krefter i samfunnet.<\/p>\n<p>I 2013 vart ein popul\u00e6r ordf\u00f8rar d\u00f8md til fengsel etter seksuell omgang med et barn under 16 \u00e5r. Overgrepet kunne ikkje vore p\u00e5d\u00f8mt dersom ikkje barnet hadde turt \u00e5 si fr\u00e5 og forklare seg om det ho vart utsett for. Ho gjorde dette, n\u00f8kternt og sakleg, gjennom tre rettsrundar, og trass i sterke motkrefter. Dette var fleire \u00e5r f\u00f8r #metoo.<\/p>\n<p>Barnet, Lisanne Dijkstra, er i dag ein 30 \u00e5r gammal kvinne som har skapt seg sj\u00f8lv et godt liv.<br \/>Nyleg har ho fortalt om saka i NRK-serien \u00abHele historia\u00bb. Mer enn \u00e5 gi \u00abjenta fr\u00e5 ordf\u00f8rersaken\u00bb et ansikt, formidlar ho lavm\u00e6lt og utan personfokus sin oppleving av overgrepa og prosessen p\u00e5 ein m\u00e5te som gj\u00f8r hennar historie til ein historie som ang\u00e5r oss alle:<\/p>\n<ul>\n<li>Ei historie om utnytting av maktubalanserte forhold.<\/li>\n<li>Om at overgriparar sjeldan er monster, men oftare vanlege, trivelege folk. Om kor lett det er \u00e5 sj\u00e5 gjennom fingrane med det som skurrar litt n\u00e5r ein set pris p\u00e5 dei som skapar skurr.<\/li>\n<li>Om den sosiale byrda ved \u00e5 protestere i lokalsamfunn der mange kjenner kvarandre.<\/li>\n<li>Om kva for motkrefter etablerte politiske nettverk kan representere i m\u00f8te med stemmer som utfordrar dei.<\/li>\n<\/ul>\n<p>Ho har ogs\u00e5 vist den tydinga eit slikt mot har for ytringsfridomen si tredje grunngjeving i \u00abindividets frie meningsdannelse\u201d:<br \/>Det\u00bber berre ved fritt \u00e5 kunne opne opp, og stille sp\u00f8rsm\u00e5l til det som g\u00e5r f\u00f8re seg. Ved \u00e5 ele v\u00e5re opplevingar med andre og ved \u00e5 s\u00f8kje andre sn\u00f8 perspektiv p\u00e5 det vi sj\u00f8lv opplever, at vi kan bli myndige menneske<\/p>\n<p>H\u00e5par historia kan hjelpe andre<\/p>\n<p>Lisanne Djikstra innr\u00f8mmer at det har vore vanskeleg \u00e5 opne seg opp att, s\u00e5 mange \u00e5r etter rettssaka. Ho seier Fritt Ords Honn\u00f8r fortel henne at historia ho har fortald ogs\u00e5 er viktig for andre.<\/p>\n<p>\u2013 Eg h\u00e5per jo det gjer at det kan bli lettare for andre \u00e5 kunne si fr\u00e5 om ting som ikkje er greitt.<\/p>\n<p>Publisert<\/p>\n<p>11.12.2025, kl. 06.00<\/p>\n","protected":false},"excerpt":{"rendered":"Saka samanfatta: Lisanne Djikstra, kjent fr\u00e5 rettssaka mot V\u00e5g\u00e5-ordf\u00f8rar Rune \u00d8ygard, f\u00e5r Fritt Ords Honn\u00f8rpris i januar 2026.&hellip;\n","protected":false},"author":2,"featured_media":110012,"comment_status":"","ping_status":"","sticky":false,"template":"","format":"standard","meta":{"footnotes":""},"categories":[5],"tags":[20,21,24,25,15,19,22,23,17,18,13,30,28,29,14,16,26,27],"class_list":{"0":"post-110011","1":"post","2":"type-post","3":"status-publish","4":"format-standard","5":"has-post-thumbnail","7":"category-overskrifter","8":"tag-breaking-news","9":"tag-breakingnews","10":"tag-featured-news","11":"tag-featurednews","12":"tag-headlines","13":"tag-hovedoppslag","14":"tag-latest-news","15":"tag-latestnews","16":"tag-main-news","17":"tag-mainnews","18":"tag-news","19":"tag-no","20":"tag-norge","21":"tag-norway","22":"tag-nyheter","23":"tag-overskrifter","24":"tag-top-stories","25":"tag-topstories"},"share_on_mastodon":{"url":"","error":""},"_links":{"self":[{"href":"https:\/\/www.europesays.com\/no\/wp-json\/wp\/v2\/posts\/110011","targetHints":{"allow":["GET"]}}],"collection":[{"href":"https:\/\/www.europesays.com\/no\/wp-json\/wp\/v2\/posts"}],"about":[{"href":"https:\/\/www.europesays.com\/no\/wp-json\/wp\/v2\/types\/post"}],"author":[{"embeddable":true,"href":"https:\/\/www.europesays.com\/no\/wp-json\/wp\/v2\/users\/2"}],"replies":[{"embeddable":true,"href":"https:\/\/www.europesays.com\/no\/wp-json\/wp\/v2\/comments?post=110011"}],"version-history":[{"count":0,"href":"https:\/\/www.europesays.com\/no\/wp-json\/wp\/v2\/posts\/110011\/revisions"}],"wp:featuredmedia":[{"embeddable":true,"href":"https:\/\/www.europesays.com\/no\/wp-json\/wp\/v2\/media\/110012"}],"wp:attachment":[{"href":"https:\/\/www.europesays.com\/no\/wp-json\/wp\/v2\/media?parent=110011"}],"wp:term":[{"taxonomy":"category","embeddable":true,"href":"https:\/\/www.europesays.com\/no\/wp-json\/wp\/v2\/categories?post=110011"},{"taxonomy":"post_tag","embeddable":true,"href":"https:\/\/www.europesays.com\/no\/wp-json\/wp\/v2\/tags?post=110011"}],"curies":[{"name":"wp","href":"https:\/\/api.w.org\/{rel}","templated":true}]}}