{"id":110014,"date":"2025-12-11T06:42:08","date_gmt":"2025-12-11T06:42:08","guid":{"rendered":"https:\/\/www.europesays.com\/no\/110014\/"},"modified":"2025-12-11T06:42:08","modified_gmt":"2025-12-11T06:42:08","slug":"havforskere-anbefaler-fiskestopp-for-lodde-i-2026","status":"publish","type":"post","link":"https:\/\/www.europesays.com\/no\/110014\/","title":{"rendered":"Havforskere anbefaler fiskestopp for lodde i 2026"},"content":{"rendered":"<p> \u2013 \u00c5rets m\u00e5linger viser at det var sm\u00e5 mengder lodde i Barentshavet og spesielt i de normalt viktigste beiteomr\u00e5dene p\u00e5 og rundt Storbanken, sier forsker Georg Skaret ved <a href=\"https:\/\/www.hi.no\/hi\/nyheter\/2025\/desember\/anbefaler-fortsett-fiskestopp-for-lodde-i-barentshavet-i-2026\" rel=\"noopener nofollow\" target=\"_blank\">Havforskningsinstituttet<\/a>.<\/p>\n<p>Skaret, som er bestandsansvarlig for lodde, sier nye beregninger viser at gytebestanden n\u00e5 er den laveste som er m\u00e5lt siden 1995.<\/p>\n<p>Havforskerne anbefaler derfor nullfiske av lodde i Barentshavet i 2026. Ogs\u00e5 i \u00e5r ble det anbefalt nullfiske, men bestandsniv\u00e5et n\u00e5 er betydelig lavere \u2013 under 40 prosent av fjor\u00e5rets.<\/p>\n<p>\u2013 Loddebestanden er langt nede, men historien har vist at den har en sterk tendens til \u00e5 komme tilbake dersom den f\u00e5r tid til \u00e5 bygge seg opp igjen, sier Skaret.<\/p>\n","protected":false},"excerpt":{"rendered":"\u2013 \u00c5rets m\u00e5linger viser at det var sm\u00e5 mengder lodde i Barentshavet og spesielt i de normalt viktigste&hellip;\n","protected":false},"author":2,"featured_media":110015,"comment_status":"","ping_status":"","sticky":false,"template":"","format":"standard","meta":{"footnotes":""},"categories":[12],"tags":[20,21,24,25,15,22,23,13,30,28,29,14,16,26,27,42,43,44,45],"class_list":{"0":"post-110014","1":"post","2":"type-post","3":"status-publish","4":"format-standard","5":"has-post-thumbnail","7":"category-verden","8":"tag-breaking-news","9":"tag-breakingnews","10":"tag-featured-news","11":"tag-featurednews","12":"tag-headlines","13":"tag-latest-news","14":"tag-latestnews","15":"tag-news","16":"tag-no","17":"tag-norge","18":"tag-norway","19":"tag-nyheter","20":"tag-overskrifter","21":"tag-top-stories","22":"tag-topstories","23":"tag-verden","24":"tag-world","25":"tag-world-news","26":"tag-worldnews"},"share_on_mastodon":{"url":"https:\/\/pubeurope.com\/@no\/115699577254285918","error":""},"_links":{"self":[{"href":"https:\/\/www.europesays.com\/no\/wp-json\/wp\/v2\/posts\/110014","targetHints":{"allow":["GET"]}}],"collection":[{"href":"https:\/\/www.europesays.com\/no\/wp-json\/wp\/v2\/posts"}],"about":[{"href":"https:\/\/www.europesays.com\/no\/wp-json\/wp\/v2\/types\/post"}],"author":[{"embeddable":true,"href":"https:\/\/www.europesays.com\/no\/wp-json\/wp\/v2\/users\/2"}],"replies":[{"embeddable":true,"href":"https:\/\/www.europesays.com\/no\/wp-json\/wp\/v2\/comments?post=110014"}],"version-history":[{"count":0,"href":"https:\/\/www.europesays.com\/no\/wp-json\/wp\/v2\/posts\/110014\/revisions"}],"wp:featuredmedia":[{"embeddable":true,"href":"https:\/\/www.europesays.com\/no\/wp-json\/wp\/v2\/media\/110015"}],"wp:attachment":[{"href":"https:\/\/www.europesays.com\/no\/wp-json\/wp\/v2\/media?parent=110014"}],"wp:term":[{"taxonomy":"category","embeddable":true,"href":"https:\/\/www.europesays.com\/no\/wp-json\/wp\/v2\/categories?post=110014"},{"taxonomy":"post_tag","embeddable":true,"href":"https:\/\/www.europesays.com\/no\/wp-json\/wp\/v2\/tags?post=110014"}],"curies":[{"name":"wp","href":"https:\/\/api.w.org\/{rel}","templated":true}]}}