{"id":110016,"date":"2025-12-11T06:43:07","date_gmt":"2025-12-11T06:43:07","guid":{"rendered":"https:\/\/www.europesays.com\/no\/110016\/"},"modified":"2025-12-11T06:43:07","modified_gmt":"2025-12-11T06:43:07","slug":"palestinske-grupper-begikk-forbrytelser-mot-menneskeheten-under-7-oktober-angrepet","status":"publish","type":"post","link":"https:\/\/www.europesays.com\/no\/110016\/","title":{"rendered":"Palestinske grupper begikk forbrytelser mot menneskeheten under 7. oktober-angrepet"},"content":{"rendered":"\n<ul class=\"_list_o9xde_3 _list_64s2r_85 _unordered_o9xde_106 text-sans-m\">\n<li class=\"_item_o9xde_30\">Amnesty International sl\u00e5r fast at v\u00e6pnede palestinske grupper begikk forbrytelser mot menneskeheten under 7. oktober-angrepet mot Israel.<\/li>\n<li class=\"_item_o9xde_30\">Rapporten viser brutale angrep p\u00e5 sivile, inkludert drap, bortf\u00f8ringer, og seksuell vold.<\/li>\n<li class=\"_item_o9xde_30\">Gisseltakingen ble fulgt av tortur og mishandling, og mange gisler d\u00f8de i fangenskap.<\/li>\n<li class=\"_item_o9xde_30\">Amnesty kritiserer begge parter i konflikten, og har m\u00f8tt motstand fra b\u00e5de Hamas og israelske myndigheter.<\/li>\n<\/ul>\n<p>Vis mer <\/p>\n<p class=\"_paragraph_o9xde_4 _paragraph_xtcu6_10 layout-component text-serif-m layout-normal text-serif-m layout-padded\"> \u2013 Funnene fra denne rapporten viser en brutal og systematisk voldsbruk mot sivile. Barn, eldre og hele familier ble angrepet p\u00e5 n\u00e6rt hold. Det finnes ingen milit\u00e6r eller annen begrunnelse som kan unnskylde slike handlinger, sier John Peder Egen\u00e6s, generalsekret\u00e6r i Amnesty International Norge, i en pressemelding i forbindelse med en ny <a href=\"https:\/\/www.amnesty.org\/en\/documents\/mde15\/0282\/2025\/en\" class=\"_link_o9xde_39\" rel=\"nofollow noopener\" target=\"_blank\">rapport<\/a> om angrepet.<\/p>\n<p class=\"_paragraph_o9xde_4 _paragraph_xtcu6_10 layout-component text-serif-m layout-normal text-serif-m layout-padded\">Her konkluderer Amnesty med at de palestinske angriperne begikk en rekke handlinger som utgj\u00f8r krigsforbrytelser og i mange tilfeller kan klassifiseres som forbrytelser mot menneskeheten \u2013 blant annet ulovlige drap p\u00e5 sivile, massakrer, bortf\u00f8ringer, mishandling, seksuell vold og tortur. <\/p>\n<p class=\"_paragraph_o9xde_4 _paragraph_xtcu6_10 layout-component text-serif-m layout-normal text-serif-m layout-padded\">Rapporten kommer over to \u00e5r etter at 1200 mennesker ble drept og 250 mennesker bortf\u00f8rt idet hundrevis av v\u00e6pnede palestinere br\u00f8t seg gjennom grensegjerdet mellom Gazastripen og S\u00f8r-Israel for s\u00e5 \u00e5 angripe innbyggere i kibbutzer, festivaldeltakere, politifolk og soldater. Samtidig ble det avfyrt tusenvis av raketter og granater mot Israel fra Gazastripen.<\/p>\n<p>Kritikk fra Israel<\/p>\n<p class=\"_paragraph_o9xde_4 _paragraph_xtcu6_10 layout-component text-serif-m layout-normal text-serif-m layout-padded\">Amnesty har tidligere f\u00e5tt kritikk for ikke \u00e5 ha viet nok oppmerksomhet til forbrytelser beg\u00e5tt av Hamas og andre v\u00e6pnede grupper under angrepet.<\/p>\n<p class=\"_paragraph_o9xde_4 _paragraph_xtcu6_10 layout-component text-serif-m layout-normal text-serif-m layout-padded\">N\u00e5 har imidlertid organisasjonen fullf\u00f8rt det den beskriver som en godt dokumentert rapport basert p\u00e5 blant annet 70 intervjuer, 354 videoer og bilder, vitnesbyrd fra overlevende og familier, samt vurderinger fra medisinske og rettsmedisinske eksperter. Det er ogs\u00e5 brukt analyser av \u00e5pne kilder.<\/p>\n<p class=\"_paragraph_o9xde_4 _paragraph_xtcu6_10 layout-component text-serif-m layout-normal text-serif-m layout-padded\">Konklusjonen er klar: Minst tre v\u00e6pnede palestinske grupper begikk forbrytelser mot menneskeheten under angrepet og i forbindelse med at sivile ble tatt som gisler. Amnestys h\u00e5p er at dokumentasjonen som er samlet inn, skal kunne brukes til at de ansvarlige blir stilt til ansvar.<\/p>\n<p class=\"_paragraph_o9xde_4 _paragraph_xtcu6_10 layout-component text-serif-m layout-normal text-serif-m layout-padded\">\u00abAngriperne brukte v\u00e5pen, granater og eksplosiver, gikk fra hus til hus og skj\u00f8t sivile som fors\u00f8kte \u00e5 flykte eller som skjulte seg. Flere ble ogs\u00e5 drept etter \u00e5 ha blitt tatt til fange\u00bb, skriver Amnesty i forbindelse med torsdagens publisering.<\/p>\n<p>Tre grupper<\/p>\n<p class=\"_paragraph_o9xde_4 _paragraph_xtcu6_10 layout-component text-serif-m layout-normal text-serif-m layout-padded\">Amnestys gjennomgang viser at flere identifiserte gjerningspersoner kan knyttes til de v\u00e6pnede greinene av Hamas (Al-Qassam brigadene) og Islamsk hellig krig (Al-Quds brigadene). Det samme gjelder al-Aqsa-martyrenes brigader, som tidligere ble ansett som en del av Fatah.<\/p>\n<p class=\"_paragraph_o9xde_4 _paragraph_xtcu6_10 layout-component text-serif-m layout-normal text-serif-m layout-padded\">Angrepet gikk spesielt hardt utover fem kibbutzer, samt Nova-festivalen der til sammen 344 sivile ble drept. Totalt krevde angrepet rundt 1200 liv, hvorav 800 sivile, if\u00f8lge rapporten, noe som er i tr\u00e5d med hva israelske myndigheter selv har oppgitt.<\/p>\n<p class=\"_paragraph_o9xde_4 _paragraph_xtcu6_10 layout-component text-serif-m layout-normal text-serif-m layout-padded\">Fra tidligere er det kjent at n\u00e6rmere 400 israelske soldater og politifolk i tillegg ble drept. <\/p>\n<p>\u2013 Tortur av gisler<\/p>\n<p class=\"_paragraph_o9xde_4 _paragraph_xtcu6_10 layout-component text-serif-m layout-normal text-serif-m layout-padded\">If\u00f8lge Amnesty har de ogs\u00e5 kunnet dokumentere at mange av gislene ble utsatt for mishandling, tortur, drapstrusler, isolasjon og mangel p\u00e5 mat, vann og medisinsk hjelp mens de satt fanget p\u00e5 Gazastripen.<\/p>\n<p class=\"_paragraph_o9xde_4 _paragraph_xtcu6_10 layout-component text-serif-m layout-normal text-serif-m layout-padded\">48 av de i alt 251 gislene d\u00f8de i fangenskap. \u00c5rsakene var flere. Noen d\u00f8de som f\u00f8lge av mishandling, andre som f\u00f8lge av manglende behandling, if\u00f8lge Amnesty. Noen ble ogs\u00e5 drept av sine fangevoktere, mens andre ble drept i israelske angrep.<\/p>\n<p class=\"_paragraph_o9xde_4 _paragraph_xtcu6_10 layout-component text-serif-m layout-normal text-serif-m layout-padded\">\u2013 Gisseltaking av sivile er en krigsforbrytelse. Behandlingen mange av gislene ble utsatt for, inkludert tortur, er dypt urovekkende og krever ansvarliggj\u00f8ring, sier Egen\u00e6s.<\/p>\n<p>Seksuelle overgrep 7. oktober<\/p>\n<p class=\"_paragraph_o9xde_4 _paragraph_xtcu6_10 layout-component text-serif-m layout-normal text-serif-m layout-padded\">N\u00e5r det gjelder seksuelle overgrep, har Amnesty konkludert med at det ble beg\u00e5tt seksuell vold under angrepene i Israel. Men organisasjonen har ikke kunnet fastsl\u00e5 om gjerningspersonene var stridende eller sivile palestinere som deltok i angrepet.<\/p>\n<p class=\"_paragraph_o9xde_4 _paragraph_xtcu6_10 layout-component text-serif-m layout-normal text-serif-m layout-padded\">De har heller ikke funnet bevis for at det ble utf\u00f8rt seksuell vold p\u00e5 ordre fra Hamas eller at dette var en planlagt strategi fra Hamas. <\/p>\n<p class=\"_paragraph_o9xde_4 _paragraph_xtcu6_10 layout-component text-serif-m layout-normal text-serif-m layout-padded\">\u00abHandlingene er likevel forbrytelser mot menneskeheten fordi de inngikk i et bredere, omfattende og systematisk angrep mot sivile\u00bb, skriver Amnesty.<\/p>\n<p>Overgrep mot gisler<\/p>\n<p class=\"_paragraph_o9xde_4 _paragraph_xtcu6_10 layout-component text-serif-m layout-normal text-serif-m layout-padded\">Amnesty oppgir ogs\u00e5 at de har funnet \u00abtroverdige indikasjoner\u00bb p\u00e5 at medlemmer av Hamas eller Al-Qassam-brigadene samt Islamsk hellig krig begikk seksuelle overgrep mot gisler, b\u00e5de menn og kvinner. Her vises det b\u00e5de til seksuell vold, tvungen nakenhet og trusler om tvangsekteskap.<\/p>\n<p class=\"_paragraph_o9xde_4 _paragraph_xtcu6_10 layout-component text-serif-m layout-normal text-serif-m layout-padded\">Rapporten inneholder imidlertid ikke tilstrekkelig bevis for \u00e5 fastsl\u00e5 at det ble beg\u00e5tt voldtekter, selv om enkelte vitnem\u00e5l og medisinsk informasjon tyder p\u00e5 det, if\u00f8lge Amnesty.<\/p>\n<p class=\"_paragraph_o9xde_4 _paragraph_xtcu6_10 layout-component text-serif-m layout-normal text-serif-m layout-padded\">Organisasjonen viser til at manglende tilgang til overlevende og rettsmedisinsk materiale har gjort det vanskelig \u00e5 dokumentere dette.<\/p>\n<p class=\"_paragraph_o9xde_4 _paragraph_xtcu6_10 layout-component text-serif-m layout-normal text-serif-m layout-padded\">Sp\u00f8rsm\u00e5let om hvorvidt medlemmer av de palestinske v\u00e6pnede gruppene begikk seksuelle overgrep har v\u00e6rt betent. Israel har kritisert b\u00e5de FN og andre for ikke \u00e5 ha tatt dette p\u00e5 alvor, mens Hamas har avvist anklagene.<\/p>\n<p>Har prioritert Gaza<\/p>\n<p class=\"_paragraph_o9xde_4 _paragraph_xtcu6_10 layout-component text-serif-m layout-normal text-serif-m layout-padded\">De siste dr\u00f8ye to \u00e5rene er over 70.000 drept p\u00e5 Gazastripen, og store deler av omr\u00e5det er gjort ubeboelig som f\u00f8lge av Israels krigf\u00f8ring etter 7. oktober-angrepet.<\/p>\n<p class=\"_paragraph_o9xde_4 _paragraph_xtcu6_10 layout-component text-serif-m layout-normal text-serif-m layout-padded\">Amnesty understreker at det som skjer p\u00e5 Gazastripen, er et \u00abp\u00e5g\u00e5ende m\u00f8nster av folkerettsbrudd\u00bb, og at dette er grunnen til at organisasjonen ogs\u00e5 har hatt et stort ansvar for \u00e5 dokumentere Israels forbrytelser.<\/p>\n<p class=\"_paragraph_o9xde_4 _paragraph_xtcu6_10 layout-component text-serif-m layout-normal text-serif-m layout-padded\">Samtidig har de jobbet parallelt med en grundig etterforskning av 7. oktober-angrepene, if\u00f8lge Egen\u00e6s, som understreker at \u00abdette ikke handler om politiske prioriteringer, men om metode og ansvar\u00bb<\/p>\n<p class=\"_paragraph_o9xde_4 _paragraph_xtcu6_10 layout-component text-serif-m layout-normal text-serif-m layout-padded\">At det har tatt tid \u00e5 dokumentere hva som skjedde under angrepet mot Israel, skyldes if\u00f8lge Egen\u00e6s ogs\u00e5 at unders\u00f8kelsene f\u00f8rst ble vanskeliggjort av israelske myndigheter.<\/p>\n<p class=\"_paragraph_o9xde_4 _paragraph_xtcu6_10 layout-component text-serif-m layout-normal text-serif-m layout-padded\">\u2013 Vi rangerer ikke ofre eller setter forbrytelser opp mot hverandre. Amnesty er en menneskerettighetsorganisasjon som st\u00e5r p\u00e5 ofrenes side, uansett hvem de er, og uansett hvem som st\u00e5r bak overgrepene. Rettferdighet kan ikke v\u00e6re selektiv, sier Egen\u00e6s.<\/p>\n<p>Hamas har ikke svart<\/p>\n<p class=\"_paragraph_o9xde_4 _paragraph_xtcu6_10 layout-component text-serif-m layout-normal text-serif-m layout-padded\">Amnesty International har lagt fram funnene for Hamas i en skriftlig henvendelse 20. juni og bedt om eventuelle kommentarer, men per 15. november hadde de enn\u00e5 ikke f\u00e5tt svar, skriver organisasjonen i en epost til NTB.<\/p>\n<p class=\"_paragraph_o9xde_4 _paragraph_xtcu6_10 layout-component text-serif-m layout-normal text-serif-m layout-padded\">Da Human Rights Watch (HRW) publiserte lignende anklager mot Hamas og fire andre palestinske grupper i en rapport sommeren 2024, avviste Hamas anklagene. <\/p>\n<p class=\"_paragraph_o9xde_4 _paragraph_xtcu6_10 layout-component text-serif-m layout-normal text-serif-m layout-padded\">\u2013 Vi avviser disse l\u00f8gnene og den \u00e5penbare skjevheten til fordel for okkupasjonen, samt mangelen p\u00e5 profesjonalitet og troverdighet i Human Rights Watch-rapporten, het det i en uttalelse, gjengitt av AFP.<\/p>\n<p class=\"_paragraph_o9xde_4 _paragraph_xtcu6_10 layout-component text-serif-m layout-normal text-serif-m layout-padded\">Hamas krevde ogs\u00e5 at rapporten ble trukket tilbake, samt en beklagelse. <\/p>\n<p class=\"_paragraph_o9xde_4 _paragraph_xtcu6_10 layout-component text-serif-m layout-normal text-serif-m layout-padded\">Israel har tidligere avvist Amnestys anklage om at de beg\u00e5r et folkemord p\u00e5 Gazastripen og kalt det grunnl\u00f8se l\u00f8gner. Israelske myndigheter har ogs\u00e5 stemplet Amnesty som en radikal og antiisraelsk organisasjon.<\/p>\n","protected":false},"excerpt":{"rendered":"Amnesty International sl\u00e5r fast at v\u00e6pnede palestinske grupper begikk forbrytelser mot menneskeheten under 7. oktober-angrepet mot Israel. Rapporten&hellip;\n","protected":false},"author":2,"featured_media":110017,"comment_status":"","ping_status":"","sticky":false,"template":"","format":"standard","meta":{"footnotes":""},"categories":[10],"tags":[10531,20,21,24,25,53,15,52,22,23,13,30,28,29,14,16,26,27],"class_list":{"0":"post-110016","1":"post","2":"type-post","3":"status-publish","4":"format-standard","5":"has-post-thumbnail","7":"category-norge","8":"tag-amnesty-international","9":"tag-breaking-news","10":"tag-breakingnews","11":"tag-featured-news","12":"tag-featurednews","13":"tag-gaza","14":"tag-headlines","15":"tag-israel","16":"tag-latest-news","17":"tag-latestnews","18":"tag-news","19":"tag-no","20":"tag-norge","21":"tag-norway","22":"tag-nyheter","23":"tag-overskrifter","24":"tag-top-stories","25":"tag-topstories"},"share_on_mastodon":{"url":"https:\/\/pubeurope.com\/@no\/115699581214729298","error":""},"_links":{"self":[{"href":"https:\/\/www.europesays.com\/no\/wp-json\/wp\/v2\/posts\/110016","targetHints":{"allow":["GET"]}}],"collection":[{"href":"https:\/\/www.europesays.com\/no\/wp-json\/wp\/v2\/posts"}],"about":[{"href":"https:\/\/www.europesays.com\/no\/wp-json\/wp\/v2\/types\/post"}],"author":[{"embeddable":true,"href":"https:\/\/www.europesays.com\/no\/wp-json\/wp\/v2\/users\/2"}],"replies":[{"embeddable":true,"href":"https:\/\/www.europesays.com\/no\/wp-json\/wp\/v2\/comments?post=110016"}],"version-history":[{"count":0,"href":"https:\/\/www.europesays.com\/no\/wp-json\/wp\/v2\/posts\/110016\/revisions"}],"wp:featuredmedia":[{"embeddable":true,"href":"https:\/\/www.europesays.com\/no\/wp-json\/wp\/v2\/media\/110017"}],"wp:attachment":[{"href":"https:\/\/www.europesays.com\/no\/wp-json\/wp\/v2\/media?parent=110016"}],"wp:term":[{"taxonomy":"category","embeddable":true,"href":"https:\/\/www.europesays.com\/no\/wp-json\/wp\/v2\/categories?post=110016"},{"taxonomy":"post_tag","embeddable":true,"href":"https:\/\/www.europesays.com\/no\/wp-json\/wp\/v2\/tags?post=110016"}],"curies":[{"name":"wp","href":"https:\/\/api.w.org\/{rel}","templated":true}]}}