{"id":110018,"date":"2025-12-11T06:44:16","date_gmt":"2025-12-11T06:44:16","guid":{"rendered":"https:\/\/www.europesays.com\/no\/110018\/"},"modified":"2025-12-11T06:44:16","modified_gmt":"2025-12-11T06:44:16","slug":"tommy-robinson-til-dagen-jeg-har-tatt-imot-jesus-som-min-frelser-dagen","status":"publish","type":"post","link":"https:\/\/www.europesays.com\/no\/110018\/","title":{"rendered":"(+) Tommy Robinson til Dagen: \u2013 Jeg har tatt imot Jesus som min frelser &#8211; Dagen"},"content":{"rendered":"<ol>\n<li><a href=\"https:\/\/news.google.com\/rss\/articles\/CBMiowFBVV95cUxPZ1AyUVNJRmZyVVhlYlFocWJsUk91SWtVZ003YzlTSXhvY3NsYlVhRzNEc2N1ZXUyZVF1bUZxemRfeTBHY2toenZxNzFkS3hUbVJ4ZWdFYVM0T2JpWXlsVkZNdUhCcVMtaDR0ZWh3RkZfdGN3aU9OWGJSY1BTMEp4XzJKZW4ySkhZU1dWRUZmTE8wbkotbFhBN1dLUEpybks0cTZz?oc=5\" target=\"_blank\" rel=\"nofollow noopener\">(+) Tommy Robinson til Dagen: \u2013 Jeg har tatt imot Jesus som min frelser<\/a>&nbsp;&nbsp;Dagen<\/li>\n<li><a href=\"https:\/\/news.google.com\/rss\/articles\/CBMib0FVX3lxTE5JWW16T1FZTjVMcjVrMFJZNU1VVV9XR01OaHFFbXp4SUNxQjBvaWFjZVJTbUNBdEszRUxnNWVneEJTOExONGFEalNOU25pTFZUZThQeUttemU0V2p5ZjlDRGU0NVlWLXM2Yzd6VFlDWQ?oc=5\" target=\"_blank\" rel=\"nofollow noopener\">\u00ab\u00c5 h\u00f8re Tommy Robinson var \u00e5 f\u00e5 prototypen p\u00e5 hvordan kristendom blir kulturkrig\u00bb<\/a>&nbsp;&nbsp;V\u00e5rt Land<\/li>\n<li><a href=\"https:\/\/news.google.com\/rss\/articles\/CBMibEFVX3lxTE9JQmhMUHdybS1YUlpJYlNSdVNoTHphUURRNjlGYkl2Y3VHMnY1NWp5ei1sVmp3amc0NTRBMnF5LUNIZmhlTzM4UUxvMVB1czYxODZOQWZTRWxlZlF4SDhib3hTblBVSHVKZkdwVw?oc=5\" target=\"_blank\" rel=\"nofollow noopener\">Debattinnlegg: Propagandisten fr\u00e5 Luton<\/a>&nbsp;&nbsp;VG<\/li>\n<li><a href=\"https:\/\/news.google.com\/rss\/articles\/CBMiqwFBVV95cUxNeGFiN0lFOVU5bTZpaHlUa3RGUGxyOXViSHpxQ0RFUWlEVVJtc0tYUHNpUjVMQ2ZrbHp4aDREbjg0Rkd4X3U2d29IaGhlTjc4WmJLWXJiTVV6RE1vMGx4ZW1XSXotREFPZ2ZTRlFZaVY1c3ZxMnJaY0htd0dwb25ab25DVWhuaExmWTBVdGxESkw4YzkwNTBkSzBaRTk1djdVbG1qN0hBcTZLUk0?oc=5\" target=\"_blank\" rel=\"nofollow noopener\">Britisk ytre h\u00f8yre-aktivist i Oslo: \u2013 Elon Musk fikk meg fram<\/a>&nbsp;&nbsp;Nettavisen<\/li>\n<li><a href=\"https:\/\/news.google.com\/rss\/articles\/CBMiywFBVV95cUxQcUU2OTM5dC00SEp2blVMYUNZT2ZERHA5aURBdjVXdk1SZ253MlQxMXAxU2NjVWZGZ0dKaEpUcUJPVWNPdGdtckRXQWFPV2pzbndKZE9RTTdRWEw4NU9QbTdBODNkNXY1dnNaY1BWZlNBNFFNa0ZCVnFIX2thczJYWGhuQWd0b3l1RG94NU1JMDhybWgweEJ2QTNNSzZpTnlXa19qM0g1VzBfT3lGdE5TbE50bmQ4TkpfcmF1XzFFZ0pmNUtXWkNZNVFadw?oc=5\" target=\"_blank\" rel=\"nofollow noopener\">(+) \u2013 Det er bare Donald Trump, JD Vance og Elon Musk som bryr seg om Europa<\/a>&nbsp;&nbsp;minerva.no<\/li>\n<\/ol>\n","protected":false},"excerpt":{"rendered":"(+) Tommy Robinson til Dagen: \u2013 Jeg har tatt imot Jesus som min frelser&nbsp;&nbsp;Dagen \u00ab\u00c5 h\u00f8re Tommy Robinson&hellip;\n","protected":false},"author":2,"featured_media":110019,"comment_status":"","ping_status":"","sticky":false,"template":"","format":"standard","meta":{"footnotes":""},"categories":[5],"tags":[20,21,24,25,15,19,22,23,17,18,13,30,28,29,14,16,26,27],"class_list":{"0":"post-110018","1":"post","2":"type-post","3":"status-publish","4":"format-standard","5":"has-post-thumbnail","7":"category-overskrifter","8":"tag-breaking-news","9":"tag-breakingnews","10":"tag-featured-news","11":"tag-featurednews","12":"tag-headlines","13":"tag-hovedoppslag","14":"tag-latest-news","15":"tag-latestnews","16":"tag-main-news","17":"tag-mainnews","18":"tag-news","19":"tag-no","20":"tag-norge","21":"tag-norway","22":"tag-nyheter","23":"tag-overskrifter","24":"tag-top-stories","25":"tag-topstories"},"share_on_mastodon":{"url":"https:\/\/pubeurope.com\/@no\/115699585025628400","error":""},"_links":{"self":[{"href":"https:\/\/www.europesays.com\/no\/wp-json\/wp\/v2\/posts\/110018","targetHints":{"allow":["GET"]}}],"collection":[{"href":"https:\/\/www.europesays.com\/no\/wp-json\/wp\/v2\/posts"}],"about":[{"href":"https:\/\/www.europesays.com\/no\/wp-json\/wp\/v2\/types\/post"}],"author":[{"embeddable":true,"href":"https:\/\/www.europesays.com\/no\/wp-json\/wp\/v2\/users\/2"}],"replies":[{"embeddable":true,"href":"https:\/\/www.europesays.com\/no\/wp-json\/wp\/v2\/comments?post=110018"}],"version-history":[{"count":0,"href":"https:\/\/www.europesays.com\/no\/wp-json\/wp\/v2\/posts\/110018\/revisions"}],"wp:featuredmedia":[{"embeddable":true,"href":"https:\/\/www.europesays.com\/no\/wp-json\/wp\/v2\/media\/110019"}],"wp:attachment":[{"href":"https:\/\/www.europesays.com\/no\/wp-json\/wp\/v2\/media?parent=110018"}],"wp:term":[{"taxonomy":"category","embeddable":true,"href":"https:\/\/www.europesays.com\/no\/wp-json\/wp\/v2\/categories?post=110018"},{"taxonomy":"post_tag","embeddable":true,"href":"https:\/\/www.europesays.com\/no\/wp-json\/wp\/v2\/tags?post=110018"}],"curies":[{"name":"wp","href":"https:\/\/api.w.org\/{rel}","templated":true}]}}