{"id":110020,"date":"2025-12-11T06:48:13","date_gmt":"2025-12-11T06:48:13","guid":{"rendered":"https:\/\/www.europesays.com\/no\/110020\/"},"modified":"2025-12-11T06:48:13","modified_gmt":"2025-12-11T06:48:13","slug":"flekkefjord-amv-as-dette-prosjektet-gikk-pa-skinner","status":"publish","type":"post","link":"https:\/\/www.europesays.com\/no\/110020\/","title":{"rendered":"Flekkefjord, AMV AS | \u2013 Dette prosjektet gikk p\u00e5 skinner"},"content":{"rendered":"\n<p>I Flekkefjord har den lokale akt\u00f8ren ERV Flekkefjord, til tross for sin ferske etablering i 2024, allerede demonstrert betydelige gjennomf\u00f8ringsevne.<\/p>\n<p>De har nettopp fullf\u00f8rt sitt hittil st\u00f8rste prosjekt i Flekkefjord: et energioptimaliseringsprosjekt for AMV i Svegeskogen.<\/p>\n<p>Dette ambisi\u00f8se prosjektet, igangsatt i februar 2025, markerer en stor og vellykket overgang for AMV, fra et utdatert energisystem til en moderne og b\u00e6rekraftig l\u00f8sning.<\/p>\n<p>N\u00f8dvendig omstilling i m\u00f8te med h\u00f8ye str\u00f8mpriser<\/p>\n<p>AMV, med sine store industrihaller og h\u00f8yde under taket, har tradisjonelt hatt et betydelig energiforbruk knyttet til oppvarming.<\/p>\n<p>Da de siste \u00e5renes h\u00f8ye str\u00f8mpriser skj\u00f8t i v\u00e6ret, ble en grundig gjennomgang av bedriftens energiforbruk uunng\u00e5elig.<\/p>\n<p>Varmeanlegget var av eldre modell, og vi s\u00e5 raskt at oppvarming var en betydelig str\u00f8msluker.\u00bb<\/p>\n<p>Dette forteller H\u00e5vard Ege, formann p\u00e5 elektroavdelingen og AMVs energileder, en rolle han p\u00e5tok seg nettopp for \u00e5 drive frem denne n\u00f8dvendige omleggingen.<\/p>\n<p>Etter detaljert kartlegging ble det klart at en omfattende modernisering var n\u00f8dvendig.<\/p>\n<p>L\u00f8sningen ble \u00e5 erstatte de gamle varmekildene med moderne, energieffektive varmepumper.<\/p>\n<p>Etter n\u00f8ye vurderinger av ulike akt\u00f8rer, falt valget p\u00e5 den lokale nykommeren ERV, som overbeviste med sitt solide l\u00f8sningsforslag.<\/p>\n<p>Totalleverand\u00f8r med fagkompetanse og fremtidsfokus<\/p>\n<p>ERV, som startet i Lyngdal i 2008, har vokst til rundt 125 ansatte fordelt p\u00e5 avdelinger i Lyngdal, Vanse, Evje og Flekkefjord.<\/p>\n<p>Selskapets filosofi, \u00abMed teknisk fokus p\u00e5 en gr\u00f8nn fremtid\u00bb, var avgj\u00f8rende for AMV-prosjektet, og bygger p\u00e5 deres styrke som totalleverand\u00f8r.<\/p>\n<p>\u2013 Et av konkurransefortrinnene vi har hos ERV er at vi har fagfolk innenfor alle de feltene som det er behov for \u00e5 kunne ferdigstille denne typen prosjekter fra A til \u00c5, forklarer Magnus Eiken, avdelingsleder for ventilasjon.<\/p>\n<p>Han understreker at dette sikrer effektiv fremdrift og eliminerer behovet for \u00e5 leie inn ulike eksterne firmaer.<\/p>\n<p>S\u00f8ml\u00f8st samarbeid  <\/p>\n<p>ERV Flekkefjord har ledet hele prosjektet som totalentrepren\u00f8r med god st\u00f8tte fra Lyngdal.<\/p>\n<p>Yngve Holm har hatt hovedansvaret for elektrodelen, mens Magnus Eiken og Magnus \u00c5gedal har hatt ansvar for henholdsvis ventilasjon og r\u00f8r.<\/p>\n<p>Johan Silseth har ansvar for ettermarked og energioptimalisering.<\/p>\n<p>Siden prosjektstart har om lag ti mann v\u00e6rt i jobb, best\u00e5ende av fagfolk fra ERV Flekkefjord og p\u00e5 utl\u00e5n fra ERV Lyngdal, et samarbeid som har fungert s\u00f8ml\u00f8st.<\/p>\n<p>  Smidig gjennomf\u00f8ring med innovative l\u00f8sninger<\/p>\n<p>   <img decoding=\"async\" width=\"4680\" height=\"3202\" fetchpriority=\"low\"  loading=\"lazy\"  src=\"https:\/\/www.europesays.com\/no\/wp-content\/uploads\/2025\/12\/IMG_8476.jpg\" alt=\"\" class=\"brick-c-cFOWSL\" style=\"--brick-image-ratio: 4680 \/ 3202;\"\/><\/p>\n<p>      SMIDIG L\u00d8SNING: Den utend\u00f8rs containerl\u00f8sningen for de nye varmepumpene sikret at AMVs produksjon fortsatte uforstyrret gjennom hele prosjektperioden.<br \/>\n      Foto: ERV\n    <\/p>\n<p>Prosjektet, som mottok 30 prosent st\u00f8tte fra ENOVA, har v\u00e6rt en suksess fra start til slutt.<\/p>\n<p>\u2013 Dette er et stort og heftig prosjekt som egentlig har g\u00e5tt p\u00e5 skinner gjennom hele arbeidsperioden, konstaterer Johan Silseth.<\/p>\n<p>Et godt eksempel p\u00e5 den smidige gjennomf\u00f8ringen er den innovative containerl\u00f8sningen for de nye varmepumpene. Ved \u00e5 plassere utstyret i en spesialtilpasset container utenfor produksjonshallen, unngikk man innvendig installasjon. Dette gjorde det mulig \u00e5 opprettholde normal produksjon uten \u00e5 forstyrre de ansatte.<\/p>\n<p>Fordelen ble forsterket av at containeren kunne prefabrikkeres utenfor AMVs omr\u00e5de.<\/p>\n<p>\u2013 Hos AMV er all gulvplass verdifull, og det \u00e5 ikke miste noe areal til det nye prosjektet er veldig bra, sier Ege, og fremhever den store praktiske verdien av denne l\u00f8sningen.<\/p>\n<p>Betydelig gevinst for AMV og fremtidsrettet tankegang fra ERV<\/p>\n<p>   <img decoding=\"async\" width=\"5107\" height=\"3319\" fetchpriority=\"low\"  loading=\"lazy\"  src=\"https:\/\/www.europesays.com\/no\/wp-content\/uploads\/2025\/12\/IMG_8409.jpg\" alt=\"\" class=\"brick-c-cFOWSL\" style=\"--brick-image-ratio: 5107 \/ 3319;\"\/><\/p>\n<p>      SMART INVESTERING: Med en forventet levetid p\u00e5 20-25 \u00e5r, vil AMVs nye anlegg v\u00e6re nedbetalt p\u00e5 kun 8-10 \u00e5r.<br \/>\n      Foto: ERV\n    <\/p>\n<p>Selv om det nye anlegget kun har v\u00e6rt i drift i en m\u00e5ned, har AMV allerede opplevd betydelige str\u00f8mbesparelser.<\/p>\n<p>Forventningene til den langsiktige effekten er derfor h\u00f8ye, med en ansl\u00e5tt nedbetalingstid p\u00e5 mellom \u00e5tte og ti \u00e5r.<\/p>\n<p>\u2013 Det er veldig bra for et anlegg som har en lang levetid, kommenterer Ege, og p\u00e5peker at selve ventilasjonsaggregatet forventes \u00e5 vare i 20 til 25 \u00e5r, langt utover nedbetalingstiden.<\/p>\n<p>Dette gir AMV b\u00e5de en markant \u00f8konomisk gevinst og en betydelig milj\u00f8messig forbedring.<\/p>\n<p>\u2013 \u00c5 kunne avlaste str\u00f8mnettet er ogs\u00e5 viktig, legger han til, og understreker prosjektets bredere samfunnsnytte.<\/p>\n<p>Totaltekniske l\u00f8sninger<\/p>\n<p>ERV har spesialisert seg p\u00e5 \u00e5 levere totaltekniske l\u00f8sninger til et bredt spekter av kunder, fra privat- og bedriftsmarkedet til industri. Deres filosofi handler om \u00e5 utvikle avanserte, smarte systemer som kommuniserer effektivt.<\/p>\n<p>\u2013 Vi tilpasser kundens behov i hvert enkelt prosjekt, forklarer \u00c5gedal, og understreker at de alltid tilbyr oppf\u00f8lging og service etter installasjon.<\/p>\n<p>Selskapet er overbevist om at den varslede str\u00f8mmangelen i Norge kan avlastes med moderne l\u00f8sninger som deres. <\/p>\n<p>\u2013 Det handler b\u00e5de om \u00e5 spare og utjevne str\u00f8mbehovet til de ulike kundene, sier ERV, som ogs\u00e5 fremhever potensialet for \u00e5 lagre str\u00f8m. <\/p>\n<p>De mener mange bedrifter vil kunne oppn\u00e5 store besparelser ved \u00e5 investere i innovasjon og revidere eget energibruk. <\/p>\n<p>\u2013 Det handler om \u00e5 ha en helhetlig styring av energikildene sine, konkluderer teamet til ERV. <\/p>\n<p>De har merket en stor \u00f8kning i ettersp\u00f8rselen etter sin kompetanse og installasjoner, spesielt innen industrien, siden str\u00f8mprisene fikk en dramatisk \u00f8kning. <\/p>\n<p>Bidrar til lokal vekst<\/p>\n<p>Samarbeidet mellom ERV og AMV i Svegeskogen er et sterkt lokalt forbilde p\u00e5 hvordan strategisk energioptimalisering kan m\u00f8te b\u00e5de bedrifters behov og samfunnets krav til b\u00e6rekraft.<\/p>\n<p>Samtidig bidrar slike prosjekter til \u00e5 fremme lokal vekst og innovasjon.<\/p>\n","protected":false},"excerpt":{"rendered":"I Flekkefjord har den lokale akt\u00f8ren ERV Flekkefjord, til tross for sin ferske etablering i 2024, allerede demonstrert&hellip;\n","protected":false},"author":2,"featured_media":110021,"comment_status":"","ping_status":"","sticky":false,"template":"","format":"standard","meta":{"footnotes":""},"categories":[56],"tags":[13563,36,60,61,13566,13564,2987,573,13565,62,30,28,29,1510],"class_list":{"0":"post-110020","1":"post","2":"type-post","3":"status-publish","4":"format-standard","5":"has-post-thumbnail","7":"category-naeringsliv","8":"tag-amv-as","9":"tag-art","10":"tag-business","11":"tag-economy","12":"tag-energiomstilling","13":"tag-erv-flekkefjord","14":"tag-fb","15":"tag-flekkefjord","16":"tag-lokale-bedrifter","17":"tag-naeringsliv","18":"tag-no","19":"tag-norge","20":"tag-norway","21":"tag-story"},"share_on_mastodon":{"url":"https:\/\/pubeurope.com\/@no\/115699601056763722","error":""},"_links":{"self":[{"href":"https:\/\/www.europesays.com\/no\/wp-json\/wp\/v2\/posts\/110020","targetHints":{"allow":["GET"]}}],"collection":[{"href":"https:\/\/www.europesays.com\/no\/wp-json\/wp\/v2\/posts"}],"about":[{"href":"https:\/\/www.europesays.com\/no\/wp-json\/wp\/v2\/types\/post"}],"author":[{"embeddable":true,"href":"https:\/\/www.europesays.com\/no\/wp-json\/wp\/v2\/users\/2"}],"replies":[{"embeddable":true,"href":"https:\/\/www.europesays.com\/no\/wp-json\/wp\/v2\/comments?post=110020"}],"version-history":[{"count":0,"href":"https:\/\/www.europesays.com\/no\/wp-json\/wp\/v2\/posts\/110020\/revisions"}],"wp:featuredmedia":[{"embeddable":true,"href":"https:\/\/www.europesays.com\/no\/wp-json\/wp\/v2\/media\/110021"}],"wp:attachment":[{"href":"https:\/\/www.europesays.com\/no\/wp-json\/wp\/v2\/media?parent=110020"}],"wp:term":[{"taxonomy":"category","embeddable":true,"href":"https:\/\/www.europesays.com\/no\/wp-json\/wp\/v2\/categories?post=110020"},{"taxonomy":"post_tag","embeddable":true,"href":"https:\/\/www.europesays.com\/no\/wp-json\/wp\/v2\/tags?post=110020"}],"curies":[{"name":"wp","href":"https:\/\/api.w.org\/{rel}","templated":true}]}}