{"id":110022,"date":"2025-12-11T06:49:08","date_gmt":"2025-12-11T06:49:08","guid":{"rendered":"https:\/\/www.europesays.com\/no\/110022\/"},"modified":"2025-12-11T06:49:08","modified_gmt":"2025-12-11T06:49:08","slug":"kambodsja-thailand-kampene-fortsetter-ved-grensen-mellom-thailand-og-kambodsja","status":"publish","type":"post","link":"https:\/\/www.europesays.com\/no\/110022\/","title":{"rendered":"Kambodsja, Thailand | Kampene fortsetter ved grensen mellom Thailand og Kambodsja"},"content":{"rendered":"\n<p>Over en halv million mennesker er evakuert fra grenseomr\u00e5dene etter at den over hundre \u00e5r gamle grensestriden nylig blusset opp igjen. Fly, droner og stridsvogner har deltatt i kampene, og torsdag morgen kunne man h\u00f8re lyden av strid n\u00e6r eldgamle templer.<\/p>\n<p>Nettopp templer er en del av konflikten, og begge partene gj\u00f8r krav p\u00e5 historiske templer langs den omstridte grensen.<\/p>\n<p>Minst 15 mennesker, inkludert thailandske soldater og sivile kambodsjanere er drept i l\u00f8pet av de siste dagene. Kampene har v\u00e6rt de verste siden juli. Da ble titalls mennesker drept f\u00f8r en skj\u00f8r v\u00e5penhvile kom p\u00e5 plass.<\/p>\n<p>Begge landene anklager motparten for \u00e5 ha brutt v\u00e5penhvilen. USAs president har sagt at han planlegger en telefonsamtale med landenes leder torsdag for \u00e5 kreve stans i kampene.<\/p>\n","protected":false},"excerpt":{"rendered":"Over en halv million mennesker er evakuert fra grenseomr\u00e5dene etter at den over hundre \u00e5r gamle grensestriden nylig&hellip;\n","protected":false},"author":2,"featured_media":110023,"comment_status":"","ping_status":"","sticky":false,"template":"","format":"standard","meta":{"footnotes":""},"categories":[12],"tags":[20,21,24,25,15,22,23,13,30,28,29,14,16,26,27,42,43,44,45],"class_list":{"0":"post-110022","1":"post","2":"type-post","3":"status-publish","4":"format-standard","5":"has-post-thumbnail","7":"category-verden","8":"tag-breaking-news","9":"tag-breakingnews","10":"tag-featured-news","11":"tag-featurednews","12":"tag-headlines","13":"tag-latest-news","14":"tag-latestnews","15":"tag-news","16":"tag-no","17":"tag-norge","18":"tag-norway","19":"tag-nyheter","20":"tag-overskrifter","21":"tag-top-stories","22":"tag-topstories","23":"tag-verden","24":"tag-world","25":"tag-world-news","26":"tag-worldnews"},"share_on_mastodon":{"url":"https:\/\/pubeurope.com\/@no\/115699604730130390","error":""},"_links":{"self":[{"href":"https:\/\/www.europesays.com\/no\/wp-json\/wp\/v2\/posts\/110022","targetHints":{"allow":["GET"]}}],"collection":[{"href":"https:\/\/www.europesays.com\/no\/wp-json\/wp\/v2\/posts"}],"about":[{"href":"https:\/\/www.europesays.com\/no\/wp-json\/wp\/v2\/types\/post"}],"author":[{"embeddable":true,"href":"https:\/\/www.europesays.com\/no\/wp-json\/wp\/v2\/users\/2"}],"replies":[{"embeddable":true,"href":"https:\/\/www.europesays.com\/no\/wp-json\/wp\/v2\/comments?post=110022"}],"version-history":[{"count":0,"href":"https:\/\/www.europesays.com\/no\/wp-json\/wp\/v2\/posts\/110022\/revisions"}],"wp:featuredmedia":[{"embeddable":true,"href":"https:\/\/www.europesays.com\/no\/wp-json\/wp\/v2\/media\/110023"}],"wp:attachment":[{"href":"https:\/\/www.europesays.com\/no\/wp-json\/wp\/v2\/media?parent=110022"}],"wp:term":[{"taxonomy":"category","embeddable":true,"href":"https:\/\/www.europesays.com\/no\/wp-json\/wp\/v2\/categories?post=110022"},{"taxonomy":"post_tag","embeddable":true,"href":"https:\/\/www.europesays.com\/no\/wp-json\/wp\/v2\/tags?post=110022"}],"curies":[{"name":"wp","href":"https:\/\/api.w.org\/{rel}","templated":true}]}}