{"id":110040,"date":"2025-12-11T07:06:09","date_gmt":"2025-12-11T07:06:09","guid":{"rendered":"https:\/\/www.europesays.com\/no\/110040\/"},"modified":"2025-12-11T07:06:09","modified_gmt":"2025-12-11T07:06:09","slug":"idrettsgallaen-tilbake-til-hamar","status":"publish","type":"post","link":"https:\/\/www.europesays.com\/no\/110040\/","title":{"rendered":"Idrettsgallaen tilbake til Hamar"},"content":{"rendered":"\n<p class=\"_lead_o9xde_2 _lead_xtcu6_50 layout-component text-serif-m layout-normal text-serif-l layout-component layout-wide layout-padded _wide_17hqh_1 layout-padded\">Mia Hundvin og Erik Solbakken er programledere n\u00e5r Idrettsgallaen arrangeres p\u00e5 Hamar 10. januar. <\/p>\n<p><img alt=\"Mia Hundvin og Erik Solbakken p\u00e5 r\u00f8d l\u00f8per under Idrettsgallaen 2025 i Trondheim spektrum.  Foto: Ole Martin Wold \/ NTB.\" class=\"_image_qp4xg_65 layout-component layout-wide\" data-fullscreen- data-track-element-type=\"Article image fullscreen\" data-track-name=\"ImageFullscreen\" fetchpriority=\"high\" decoding=\"sync\" loading=\"eager\" height=\"4901\" itemprop=\"image\"  src=\"https:\/\/www.europesays.com\/no\/wp-content\/uploads\/2025\/12\/e1c4ab9c-68bc-482c-b834-456820fab913\"  style=\"object-position:0% 0%\" width=\"7351\"\/>Mia Hundvin og Erik Solbakken p\u00e5 r\u00f8d l\u00f8per under Idrettsgallaen 2025 i Trondheim spektrum.  Foto: Ole Martin Wold \/ NTB.<\/p>\n<ul aria-hidden=\"true\" class=\"_images_ntbth_112\">\n<li><a class=\"_link_ntbth_117\" href=\"https:\/\/www.vg.no\/forfatter\/ntb\" style=\"z-index:1\" title=\"NTB\" rel=\"nofollow noopener\" target=\"_blank\"><img alt=\"Bilde av NTB\" class=\"_image_ntbth_93\" fetchpriority=\"low\" loading=\"lazy\" decoding=\"async\" itemprop=\"image\"  src=\"https:\/\/www.europesays.com\/no\/wp-content\/uploads\/2025\/12\/1765436769_982_c33980b0-5d07-4027-84a1-813f90a7c8d6\"  width=\"480\"\/><\/a><\/li>\n<\/ul>\n<p> Oppdatert torsdag 11. desember kl. 07:23     <\/p>\n<p class=\"_paragraph_o9xde_4 _paragraph_xtcu6_10 layout-component text-serif-m layout-normal text-serif-m layout-padded\">Gallaen arrangeres for 25. \u00e5ret p\u00e5 rad, og etter to \u00e5r i Trondheim er festen tilbake der det startet i 2002, heter det i en pressemelding fra NRK.<\/p>\n<p class=\"_paragraph_o9xde_4 _paragraph_xtcu6_10 layout-component text-serif-m layout-normal text-serif-m layout-padded\">Programlederne sier det er stas at de er gitt fornyet tillit.<\/p>\n<p class=\"_paragraph_o9xde_4 _paragraph_xtcu6_10 layout-component text-serif-m layout-normal text-serif-m layout-padded\">\u2013 Etter nok et sterkt idretts\u00e5r skal det bli stas \u00e5 hylle v\u00e5re ypperste ut\u00f8vere igjen. Det \u00e5 lede gallaen med Mia for andre gang blir som \u00e5 m\u00f8te Italia i fotball \u2013 mye nerver i forkant, men s\u00e5 viser det seg \u00e5 v\u00e6re lekende lett likevel, sier Solbakken.<\/p>\n<p class=\"_paragraph_o9xde_4 _paragraph_xtcu6_10 layout-component text-serif-m layout-normal text-serif-m layout-padded\">Litt spesielt blir det ogs\u00e5.<\/p>\n<p class=\"_paragraph_o9xde_4 _paragraph_xtcu6_10 layout-component text-serif-m layout-normal text-serif-m layout-padded\">\u2013 I \u00e5r skal vi feire noe som aldri har blitt feiret i Idrettsgallaens levetid: Et norsk herrelandslag som er kvalifisert til fotball-VM, sier Hundvin.<\/p>\n","protected":false},"excerpt":{"rendered":"Mia Hundvin og Erik Solbakken er programledere n\u00e5r Idrettsgallaen arrangeres p\u00e5 Hamar 10. januar. Mia Hundvin og Erik&hellip;\n","protected":false},"author":2,"featured_media":110041,"comment_status":"","ping_status":"","sticky":false,"template":"","format":"standard","meta":{"footnotes":""},"categories":[59],"tags":[13570,13569,5234,30,28,29,83,82],"class_list":{"0":"post-110040","1":"post","2":"type-post","3":"status-publish","4":"format-standard","5":"has-post-thumbnail","7":"category-sport","8":"tag-erik-solbakken","9":"tag-idrettsgallaen","10":"tag-mia-hundvin","11":"tag-no","12":"tag-norge","13":"tag-norway","14":"tag-sport","15":"tag-sports"},"share_on_mastodon":{"url":"https:\/\/pubeurope.com\/@no\/115699671771647685","error":""},"_links":{"self":[{"href":"https:\/\/www.europesays.com\/no\/wp-json\/wp\/v2\/posts\/110040","targetHints":{"allow":["GET"]}}],"collection":[{"href":"https:\/\/www.europesays.com\/no\/wp-json\/wp\/v2\/posts"}],"about":[{"href":"https:\/\/www.europesays.com\/no\/wp-json\/wp\/v2\/types\/post"}],"author":[{"embeddable":true,"href":"https:\/\/www.europesays.com\/no\/wp-json\/wp\/v2\/users\/2"}],"replies":[{"embeddable":true,"href":"https:\/\/www.europesays.com\/no\/wp-json\/wp\/v2\/comments?post=110040"}],"version-history":[{"count":0,"href":"https:\/\/www.europesays.com\/no\/wp-json\/wp\/v2\/posts\/110040\/revisions"}],"wp:featuredmedia":[{"embeddable":true,"href":"https:\/\/www.europesays.com\/no\/wp-json\/wp\/v2\/media\/110041"}],"wp:attachment":[{"href":"https:\/\/www.europesays.com\/no\/wp-json\/wp\/v2\/media?parent=110040"}],"wp:term":[{"taxonomy":"category","embeddable":true,"href":"https:\/\/www.europesays.com\/no\/wp-json\/wp\/v2\/categories?post=110040"},{"taxonomy":"post_tag","embeddable":true,"href":"https:\/\/www.europesays.com\/no\/wp-json\/wp\/v2\/tags?post=110040"}],"curies":[{"name":"wp","href":"https:\/\/api.w.org\/{rel}","templated":true}]}}